{"id":46033,"date":"2023-11-07T11:13:40","date_gmt":"2023-11-07T14:13:40","guid":{"rendered":"https:\/\/temucotelevision.cl\/web\/?p=46033"},"modified":"2023-11-07T11:13:41","modified_gmt":"2023-11-07T14:13:41","slug":"rescatando-la-memoria-plan-buen-vivir-financia-la-recuperacion-del-cementerio-indigena-en-perquenco","status":"publish","type":"post","link":"https:\/\/temucotelevision.cl\/web\/2023\/11\/07\/rescatando-la-memoria-plan-buen-vivir-financia-la-recuperacion-del-cementerio-indigena-en-perquenco\/","title":{"rendered":"Rescatando la Memoria: Plan Buen Vivir financia la recuperaci\u00f3n del cementerio ind\u00edgena en Perquenco"},"content":{"rendered":"<div class=\"pvc_clear\"><\/div><p id=\"pvc_stats_46033\" class=\"pvc_stats total_only  \" data-element-id=\"46033\" style=\"\"><i class=\"pvc-stats-icon large\" aria-hidden=\"true\"><svg aria-hidden=\"true\" focusable=\"false\" data-prefix=\"far\" data-icon=\"chart-bar\" role=\"img\" xmlns=\"http:\/\/www.w3.org\/2000\/svg\" viewBox=\"0 0 512 512\" class=\"svg-inline--fa fa-chart-bar fa-w-16 fa-2x\"><path fill=\"currentColor\" d=\"M396.8 352h22.4c6.4 0 12.8-6.4 12.8-12.8V108.8c0-6.4-6.4-12.8-12.8-12.8h-22.4c-6.4 0-12.8 6.4-12.8 12.8v230.4c0 6.4 6.4 12.8 12.8 12.8zm-192 0h22.4c6.4 0 12.8-6.4 12.8-12.8V140.8c0-6.4-6.4-12.8-12.8-12.8h-22.4c-6.4 0-12.8 6.4-12.8 12.8v198.4c0 6.4 6.4 12.8 12.8 12.8zm96 0h22.4c6.4 0 12.8-6.4 12.8-12.8V204.8c0-6.4-6.4-12.8-12.8-12.8h-22.4c-6.4 0-12.8 6.4-12.8 12.8v134.4c0 6.4 6.4 12.8 12.8 12.8zM496 400H48V80c0-8.84-7.16-16-16-16H16C7.16 64 0 71.16 0 80v336c0 17.67 14.33 32 32 32h464c8.84 0 16-7.16 16-16v-16c0-8.84-7.16-16-16-16zm-387.2-48h22.4c6.4 0 12.8-6.4 12.8-12.8v-70.4c0-6.4-6.4-12.8-12.8-12.8h-22.4c-6.4 0-12.8 6.4-12.8 12.8v70.4c0 6.4 6.4 12.8 12.8 12.8z\" class=\"\"><\/path><\/svg><\/i> <img loading=\"lazy\" decoding=\"async\" width=\"16\" height=\"16\" alt=\"Loading\" src=\"https:\/\/temucotelevision.cl\/web\/wp-content\/plugins\/page-views-count\/ajax-loader-2x.gif\" border=0 \/><\/p><div class=\"pvc_clear\"><\/div>\n<p>Con una inversi\u00f3n de m\u00e1s de $74 millones del Plan Buen Vivir, se concreta el proyecto que mejora las condiciones del cementerio ind\u00edgena a trav\u00e9s del Programa de Mejoramiento Urbano (PMU) de la Subdere.<\/p>\n\n\n\n<p>El cementerio o Eltun de la comunidad ind\u00edgena Juan Llancamil se encontraba en mal estado afectando a las familias y cercanos de los integrantes de dicha comunidad, por lo que, una de las necesidades latentes en el territorio era contar con este espacio tan significativo para ellos en condiciones dignas, tal como expresaron los dirigentes de la comunidad y autoridades locales durante la ceremonia de inauguraci\u00f3n del proyecto \u201cConstrucci\u00f3n espacio multiuso, servicios y cierre perimetral cementerio Llancamil, comuna de Perquenco\u201d.<\/p>\n\n\n\n<p>Respecto a la concreci\u00f3n de esta iniciativa, el&nbsp;<strong>Coordinador Regional del Plan Buen Vivir, Marcelo Garc\u00eda Soto<\/strong>, expres\u00f3 que \u201cpara nosotros como Plan esta es una obra muy significativa, porque desde el Plan Buen Vivir no s\u00f3lo trabajamos en materialidades, en infraestructura, sino que tambi\u00e9n en inmaterialidades como sitios de significaci\u00f3n cultural u otros, porque nos parece que desde el Buen Vivir tenemos que construir pol\u00edticas p\u00fablicas de manera integral que consideren todos los aspectos que van a atacar los elementos que constituyen la pobreza multidimensional que tenemos en el mundo rural, sobre todo en el mundo mapuche y en los territorios, pero tambi\u00e9n los aspectos de la inmaterialidad, de la espiritualidad como lo es el caso de este cementerio que no se encontraba en muy buenas condiciones\u201d.<\/p>\n\n\n\n<p>Garc\u00eda Soto tambi\u00e9n relev\u00f3 que \u201choy d\u00eda con recursos del Plan Buen Vivir y a trav\u00e9s de la Subdere, es posible levantarlo, ponerlo en condiciones dignas, para que las personas que habitan el territorio sientan que este es un espacio digno donde sus seres queridos est\u00e1n descansando y donde pueden compartir junto a la familia para as\u00ed, desde una visi\u00f3n y cosmovisi\u00f3n del mundo, puedan fortalecer esa conexi\u00f3n espiritual con sus seres queridos que en alg\u00fan minuto partieron. Esto se trata de llevar dignidad a los territorios, de terminar con los rezagos y dar espacios que generen infraestructura digna, pero tambi\u00e9n construir espacios donde podamos hablar de la cultura, la conexi\u00f3n espiritual, los derechos.\u201d<\/p>\n\n\n\n<p>La inversi\u00f3n y ejecuci\u00f3n de la iniciativa permiti\u00f3 mejorar la infraestructura preexistente, incluyendo cierres perimetrales, condiciones de urbanizaci\u00f3n, instalaciones el\u00e9ctricas y sanitarias -como dos ba\u00f1os universales- con el objetivo de entregar m\u00e1s comodidad a los usuarios.<\/p>\n\n\n\n<p><strong>La jefa de la Unidad Regional Subdere, Mar\u00eda Ignacia Hermosilla<\/strong>, destac\u00f3 que &#8220;como subsecretar\u00eda, nos alegra enormemente ver la concreci\u00f3n de estas obras, las cuales son de gran importancia para la comunidad. Al hablar de promover la justicia territorial, nos referimos precisamente a llevar la inversi\u00f3n p\u00fablica donde m\u00e1s se necesita. Por ende, este proyecto de mejoramiento del cementerio responde a las prioridades que tenemos como gobierno&#8221;.<\/p>\n\n\n\n<p>En la ceremonia de inauguraci\u00f3n participaron autoridades tradicionales y dirigentes mapuche; el alcalde de Perquenco, Alejandro Sep\u00falveda; el encargado territorial del Plan Buen Vivir, Jos\u00e9 Millalen; el diputado Juan Carlos Beltr\u00e1n; y concejales de la comuna.<\/p>\n\n\n\n<p>\u201cBueno, es importante que el Gobierno ponga los recursos para las comunidades porque son necesarios y agradecemos el esfuerzo y trabajo realizado para conseguir estos recursos para mejorar nuestro cementerio. Nosotros como comunidad igual estamos bien agradecidos del trabajo del alcalde, don Alejandro Sep\u00falveda, porque sabemos que \u00e9l ha trabajado tambi\u00e9n para que esto sea posible, tambi\u00e9n agradecer al Gobierno, las autoridades, las instituciones que hicieron este proyecto ya que ahora tenemos nuestro cementerio en mejores condiciones, donde venimos a ver a nuestras familias, nuestros antepasados y seres queridos\u201d. Concluy\u00f3&nbsp;<strong>Margarita Huaiquilao, presidenta de la comunidad ind\u00edgena Juan Llancamil.&nbsp;<\/strong><\/p>\n","protected":false},"excerpt":{"rendered":"<div class=\"pvc_clear\"><\/div>\n<p id=\"pvc_stats_46033\" class=\"pvc_stats total_only  \" data-element-id=\"46033\" style=\"\"><i class=\"pvc-stats-icon large\" aria-hidden=\"true\"><svg aria-hidden=\"true\" focusable=\"false\" data-prefix=\"far\" data-icon=\"chart-bar\" role=\"img\" xmlns=\"http:\/\/www.w3.org\/2000\/svg\" viewBox=\"0 0 512 512\" class=\"svg-inline--fa fa-chart-bar fa-w-16 fa-2x\"><path fill=\"currentColor\" d=\"M396.8 352h22.4c6.4 0 12.8-6.4 12.8-12.8V108.8c0-6.4-6.4-12.8-12.8-12.8h-22.4c-6.4 0-12.8 6.4-12.8 12.8v230.4c0 6.4 6.4 12.8 12.8 12.8zm-192 0h22.4c6.4 0 12.8-6.4 12.8-12.8V140.8c0-6.4-6.4-12.8-12.8-12.8h-22.4c-6.4 0-12.8 6.4-12.8 12.8v198.4c0 6.4 6.4 12.8 12.8 12.8zm96 0h22.4c6.4 0 12.8-6.4 12.8-12.8V204.8c0-6.4-6.4-12.8-12.8-12.8h-22.4c-6.4 0-12.8 6.4-12.8 12.8v134.4c0 6.4 6.4 12.8 12.8 12.8zM496 400H48V80c0-8.84-7.16-16-16-16H16C7.16 64 0 71.16 0 80v336c0 17.67 14.33 32 32 32h464c8.84 0 16-7.16 16-16v-16c0-8.84-7.16-16-16-16zm-387.2-48h22.4c6.4 0 12.8-6.4 12.8-12.8v-70.4c0-6.4-6.4-12.8-12.8-12.8h-22.4c-6.4 0-12.8 6.4-12.8 12.8v70.4c0 6.4 6.4 12.8 12.8 12.8z\" class=\"\"><\/path><\/svg><\/i> <img loading=\"lazy\" decoding=\"async\" width=\"16\" height=\"16\" alt=\"Loading\" src=\"https:\/\/temucotelevision.cl\/web\/wp-content\/plugins\/page-views-count\/ajax-loader-2x.gif\" border=0 \/><\/p>\n<div class=\"pvc_clear\"><\/div>\n<p>Con una inversi\u00f3n de m\u00e1s de $74 millones del Plan Buen Vivir, se concreta el proyecto que mejora las condiciones<\/p>\n","protected":false},"author":1,"featured_media":46034,"comment_status":"open","ping_status":"open","sticky":false,"template":"","format":"standard","meta":{"colormag_page_container_layout":"default_layout","colormag_page_sidebar_layout":"default_layout","footnotes":""},"categories":[14],"tags":[948,1481,205],"class_list":["post-46033","post","type-post","status-publish","format-standard","has-post-thumbnail","hentry","category-temuco","tag-cementerio","tag-indigena","tag-plan"],"a3_pvc":{"activated":true,"total_views":1133,"today_views":0},"_links":{"self":[{"href":"https:\/\/temucotelevision.cl\/web\/wp-json\/wp\/v2\/posts\/46033","targetHints":{"allow":["GET"]}}],"collection":[{"href":"https:\/\/temucotelevision.cl\/web\/wp-json\/wp\/v2\/posts"}],"about":[{"href":"https:\/\/temucotelevision.cl\/web\/wp-json\/wp\/v2\/types\/post"}],"author":[{"embeddable":true,"href":"https:\/\/temucotelevision.cl\/web\/wp-json\/wp\/v2\/users\/1"}],"replies":[{"embeddable":true,"href":"https:\/\/temucotelevision.cl\/web\/wp-json\/wp\/v2\/comments?post=46033"}],"version-history":[{"count":1,"href":"https:\/\/temucotelevision.cl\/web\/wp-json\/wp\/v2\/posts\/46033\/revisions"}],"predecessor-version":[{"id":46035,"href":"https:\/\/temucotelevision.cl\/web\/wp-json\/wp\/v2\/posts\/46033\/revisions\/46035"}],"wp:featuredmedia":[{"embeddable":true,"href":"https:\/\/temucotelevision.cl\/web\/wp-json\/wp\/v2\/media\/46034"}],"wp:attachment":[{"href":"https:\/\/temucotelevision.cl\/web\/wp-json\/wp\/v2\/media?parent=46033"}],"wp:term":[{"taxonomy":"category","embeddable":true,"href":"https:\/\/temucotelevision.cl\/web\/wp-json\/wp\/v2\/categories?post=46033"},{"taxonomy":"post_tag","embeddable":true,"href":"https:\/\/temucotelevision.cl\/web\/wp-json\/wp\/v2\/tags?post=46033"}],"curies":[{"name":"wp","href":"https:\/\/api.w.org\/{rel}","templated":true}]}}