{"id":46031,"date":"2023-11-07T11:06:42","date_gmt":"2023-11-07T14:06:42","guid":{"rendered":"https:\/\/temucotelevision.cl\/web\/?p=46031"},"modified":"2023-11-07T11:06:43","modified_gmt":"2023-11-07T14:06:43","slug":"ministro-alvaro-mesa-condena-a-boina-negra-del-ejercito-r-a-10-anos-de-presidio-por-apremios-ilegitimos-en-traiguen","status":"publish","type":"post","link":"https:\/\/temucotelevision.cl\/web\/2023\/11\/07\/ministro-alvaro-mesa-condena-a-boina-negra-del-ejercito-r-a-10-anos-de-presidio-por-apremios-ilegitimos-en-traiguen\/","title":{"rendered":"Ministro \u00c1lvaro Mesa condena a boina negra del Ej\u00e9rcito (r) a 10 a\u00f1os de presidio por apremios ileg\u00edtimos en Traigu\u00e9n"},"content":{"rendered":"<div class=\"pvc_clear\"><\/div><p id=\"pvc_stats_46031\" class=\"pvc_stats total_only  \" data-element-id=\"46031\" style=\"\"><i class=\"pvc-stats-icon large\" aria-hidden=\"true\"><svg aria-hidden=\"true\" focusable=\"false\" data-prefix=\"far\" data-icon=\"chart-bar\" role=\"img\" xmlns=\"http:\/\/www.w3.org\/2000\/svg\" viewBox=\"0 0 512 512\" class=\"svg-inline--fa fa-chart-bar fa-w-16 fa-2x\"><path fill=\"currentColor\" d=\"M396.8 352h22.4c6.4 0 12.8-6.4 12.8-12.8V108.8c0-6.4-6.4-12.8-12.8-12.8h-22.4c-6.4 0-12.8 6.4-12.8 12.8v230.4c0 6.4 6.4 12.8 12.8 12.8zm-192 0h22.4c6.4 0 12.8-6.4 12.8-12.8V140.8c0-6.4-6.4-12.8-12.8-12.8h-22.4c-6.4 0-12.8 6.4-12.8 12.8v198.4c0 6.4 6.4 12.8 12.8 12.8zm96 0h22.4c6.4 0 12.8-6.4 12.8-12.8V204.8c0-6.4-6.4-12.8-12.8-12.8h-22.4c-6.4 0-12.8 6.4-12.8 12.8v134.4c0 6.4 6.4 12.8 12.8 12.8zM496 400H48V80c0-8.84-7.16-16-16-16H16C7.16 64 0 71.16 0 80v336c0 17.67 14.33 32 32 32h464c8.84 0 16-7.16 16-16v-16c0-8.84-7.16-16-16-16zm-387.2-48h22.4c6.4 0 12.8-6.4 12.8-12.8v-70.4c0-6.4-6.4-12.8-12.8-12.8h-22.4c-6.4 0-12.8 6.4-12.8 12.8v70.4c0 6.4 6.4 12.8 12.8 12.8z\" class=\"\"><\/path><\/svg><\/i> <img loading=\"lazy\" decoding=\"async\" width=\"16\" height=\"16\" alt=\"Loading\" src=\"https:\/\/temucotelevision.cl\/web\/wp-content\/plugins\/page-views-count\/ajax-loader-2x.gif\" border=0 \/><\/p><div class=\"pvc_clear\"><\/div>\n<blockquote class=\"wp-block-quote is-layout-flow wp-block-quote-is-layout-flow\">\n<p>En el fallo, el ministro en visita conden\u00f3 al entonces suboficial Gabriel Humberto D\u00edaz Morales a la pena de 10 a\u00f1os de presidio efectivo y accesorias legales de inhabilitaci\u00f3n absoluta perpetua para cargos y oficios p\u00fablicos y derechos pol\u00edticos&nbsp;y la&nbsp;inhabilitaci\u00f3n absoluta para profesiones titulares mientras dure la condena, en calidad de autor de los delitos.<\/p>\n<\/blockquote>\n\n\n\n<p>El ministro en visita extraordinaria para causas por violaciones a los derechos humanos de las jurisdicciones de Temuco, Valdivia, Puerto Montt y Coyhaique, \u00c1lvaro Mesa Latorre, conden\u00f3 a cabo del Ej\u00e9rcito en retiro, por su responsabilidad en los delitos de lesa humanidad de apremios ileg\u00edtimos. Il\u00edcitos cometidos&nbsp;entre septiembre y diciembre&nbsp;de 1973, en el Regimiento Miraflores de Traigu\u00e9n.<\/p>\n\n\n\n<p>En el fallo, el ministro en visita conden\u00f3 al entonces suboficial Gabriel Humberto D\u00edaz Morales a la pena de 10 a\u00f1os de presidio efectivo y accesorias legales de inhabilitaci\u00f3n absoluta perpetua para cargos y oficios p\u00fablicos y derechos pol\u00edticos\u00a0y la\u00a0inhabilitaci\u00f3n absoluta para profesiones titulares mientras dure la condena, en calidad de autor de los delitos.<\/p>\n\n\n\n<p>En la arista civil, el ministro Mesa Latorre acogi\u00f3, con costas, las demandas de indemnizaci\u00f3n de perjuicios y conden\u00f3 al&nbsp;fisco&nbsp;a pagar la suma total de $120.000.000 por concepto de da\u00f1o moral, a las v\u00edctimas demandante: Inostroza Segura, Collao Montalva y Cuevas Gajardo.<\/p>\n\n\n\n<p>En la resoluci\u00f3n, el ministro \u00c1lvaro Mesa dio por establecidos los siguientes hechos:<\/p>\n\n\n\n<p>\u201cA.- Que inmediatamente despu\u00e9s del 11 de septiembre de 1973, las autoridades que tomaron el mando del pa\u00eds ordenaron la persecuci\u00f3n y detenci\u00f3n sistem\u00e1tica de los militantes y simpatizantes de los partidos del gobierno de Salvador Allende Gossens, especialmente de aquellos que ejerc\u00edan cargos en la depuesta administraci\u00f3n p\u00fablica. As\u00ed, seg\u00fan los dichos del entonces capit\u00e1n Jorge Bravo Vergara [fallecido, seg\u00fan fs. 676 (tomo II)] se form\u00f3 la Fiscal\u00eda Militar que ten\u00eda como prop\u00f3sito citar e interrogar a los civiles que eran reconocidos como militantes de partidos pol\u00edticos de Traigu\u00e9n o de aquellos que atentaran contra la seguridad del Estado. Esta labor de citaciones era apoyada por personal de Carabineros y de la Polic\u00eda de Investigaciones [fs. 10 (tomo I), entre otros antecedentes].<\/p>\n\n\n\n<p>B.- Que hubo detenidos por motivos pol\u00edticos que permanec\u00edan en la c\u00e1rcel de esa ciudad, los que eran interrogados en dependencias del casino de la unidad militar. Estos detenidos eran trasladados en varias ocasiones y en cualquier hora del d\u00eda, incluidas altas horas de la noche, desde la c\u00e1rcel p\u00fablica de Traigu\u00e9n hasta el Regimiento y viceversa, estando ubicadas una frente a otra [seg\u00fan Informes Periciales de fs 595 a fs. 603 (tomo II) entre otros antecedentes]. Al llegar al Regimiento, los detenidos eran llevados hasta las dependencias ubicadas en lo que se conoc\u00eda como Casino de Oficiales, funcionando en una sala contigua el grupo liderado por el capit\u00e1n Jorge Bravo, el teniente Pereira [fallecido seg\u00fan fs. 677 (tomo II)], y el cabo Gabriel D\u00edaz, que ten\u00eda la especialidad de paracaidista (boina negra) y fue especialmente designado para trabajar all\u00ed luego del 11 de septiembre de 1973 (seg\u00fan fs. 10, 15, 19, 25, 74, 155, 259 (tomo I), 405 (tomo II) (entre otros antecedentes).<\/p>\n\n\n\n<p>C.- Que fueron numerosos los detenidos en el Casino de Oficiales del Regimiento de Traigu\u00e9n, cont\u00e1ndose entre ellos algunos que fueron trasladados desde otros recintos penitenciarios, como es el caso de las c\u00e1rceles de Angol y Victoria [seg\u00fan fs. 3 (tomo I) y de fs. 672 a fs. 675 (tomo II) , entre otros antecedentes]. Estos detenidos eran mantenidos boca abajo y en algunas ocasiones con la vista vendada. Seg\u00fan los propios dichos del capit\u00e1n Jorge Bravo Vergara, a fs. 10, al ser interrogados se les golpeaba con golpes de pu\u00f1o y en algunas ocasiones fue utilizada electricidad de bajo voltaje, aplic\u00e1ndose un d\u00ednamo de tel\u00e9fono para ello. Lo anterior es corroborado por los testimonios prestados a fs. 34, fs. 36, 79, 146, 151, 157, 207 (tomo I) entre otros antecedentes.<\/p>\n\n\n\n<p>D.- Que Antonio Inostroza Segura, profesor, secretario regional del Partido Comunista, fue detenido con posterioridad al 11 de septiembre de 1973 en Temuco y trasladado hasta la comuna de Victoria. Posteriormente fue llevado hasta la c\u00e1rcel de Victoria, siendo compa\u00f1ero de reclusi\u00f3n de varias personas catalogadas como prisioneros pol\u00edticos encontr\u00e1ndose Eliseo Jara R\u00edos, entre otros. En octubre de 1973 fue trasladado hasta el Regimiento de Traigu\u00e9n y conducido a una sala de oficiales, observando una gran cantidad de detenidos en malas condiciones f\u00edsicas. Permaneci\u00f3 detenido alrededor de 13 d\u00edas en aquel lugar, siendo interrogado por el capit\u00e1n Bravo bajo aplicaci\u00f3n de tortura consistente en golpes y aplicaci\u00f3n de corriente el\u00e9ctrica. Luego de ese periodo, fue nuevamente trasladado hasta la c\u00e1rcel de Victoria y posteriormente sometido a Consejo de Guerra. (seg\u00fan fs. 48, 148, 153, 266, entre otros antecedentes).<\/p>\n\n\n\n<p>E.- Que Omar Enrique Cuevas Gajardo, para el a\u00f1o 1973 se desempe\u00f1aba como funcionario de Sermena en la comuna de Traigu\u00e9n. El d\u00eda 13 de septiembre de 1973 se present\u00f3 voluntariamente a la Fiscal\u00eda Militar de Traigu\u00e9n ya que se le hab\u00eda comunicado que deb\u00eda concurrir a ese lugar. All\u00ed, fue recibido por el fiscal militar Bravo, siendo llevado a una celda ubicada al interior de la unidad militar. Luego de dos o tres d\u00edas de su presentaci\u00f3n en el Regimiento, fue llevado nuevamente a presencia del fiscal militar, a una oficina peque\u00f1a contigua a un sal\u00f3n, observando a varias personas detenidas, botados en el suelo, uno al lado del otro, reconociendo entre ellos a Jaime Sperberg, Carlos Pino, Segundo Trangolao, Juan Cur\u00edn, entre otros. Una vez interrogado por el capit\u00e1n Bravo, fue enviado a la c\u00e1rcel de Traigu\u00e9n, en calidad de incomunicado. Pasados unos d\u00edas fue trasladado a las celdas comunes donde comparti\u00f3 reclusi\u00f3n con varios de las personas que ya hab\u00eda visto en el Regimiento Miraflores de Traigu\u00e9n. Durante este periodo fue sacado en varias oportunidades al Regimiento para ser interrogado y en una de las ocasiones bajo aplicaciones de tortura consistente en golpes de pu\u00f1o y aplicaci\u00f3n de electricidad. Lo anterior es corroborado por los testimonios de fs. 148 (tomo I) 482 bis (tomo II), entre otros antecedentes.<\/p>\n\n\n\n<p>F.- Que Luis Alberto Collao Montalva, obrero agr\u00edcola, fue detenido el 27 de octubre de 1973 por una patrulla militar que lleg\u00f3 hasta su domicilio, siendo golpeado por los funcionarios militares y trasladado al Regimiento Miraflores de Traigu\u00e9n. All\u00ed fue ingresado a un sal\u00f3n y nuevamente sometido a apremios f\u00edsicos, consistentes en golpes de pies, pu\u00f1os y con las culatas de las armas. En ese lugar estuvo alrededor de una semana, siendo interrogado diariamente para luego trasladarlo a la C\u00e1rcel P\u00fablica de Traigu\u00e9n, donde permaneci\u00f3 detenido hasta el a\u00f1o 1974. Al igual que otros, mientras estuvo recluido en la c\u00e1rcel de Traigu\u00e9n, era llevado peri\u00f3dicamente al Regimiento para ser interrogado por el capit\u00e1n Jorge Bravo. Fueron sus compa\u00f1eros de reclusi\u00f3n, entre otros, Omar Enrique Cuevas Gajardo, una persona de apellido Cur\u00edn, Carlos Pino, un m\u00e9dico de apellido Vinet. (seg\u00fan fs. 482 bis, entre otros antecedentes).<\/p>\n\n\n\n<p>G.- Que Rinaldo Torres Zapata, Asistente Social, militante del Partido Socialista, fue detenido en octubre de 1973 por personal de la Polic\u00eda de Investigaciones de Angol, siendo trasladado hasta la unidad policial y el mismo d\u00eda ingresado en calidad de detenido al Regimiento H\u00fasares de Angol. Posteriormente, el 15 de noviembre de 1973 fue trasladado al Regimiento Miraflores de Traigu\u00e9n donde estuvo alrededor de 1 d\u00eda y 1 noche para luego ser llevado a la C\u00e1rcel P\u00fablica de Traigu\u00e9n, permaneciendo hasta fines de noviembre del mismo a\u00f1o, fecha en que fue trasladado nuevamente a la C\u00e1rcel P\u00fablica de Angol. Estando en el Regimiento de Traigu\u00e9n fue sometido a interrogatorios con aplicaci\u00f3n de apremios f\u00edsicos, consistentes golpes, aplicaci\u00f3n de corriente el\u00e9ctrica, sumersiones en agua y excremento, entre otros. Todas estas acciones eran dirigidas por el capit\u00e1n Bravo. Durante su paso por el Regimiento Miraflores fue testigo de la detenci\u00f3n de Enrique Cuevas y Hugo Vera. Adem\u00e1s, pudo reconocer a Antonio Inostroza Segura, Hugo Vera, Enrique Cuevas, Juan Vera Ib\u00e1\u00f1ez, una persona de apellido Ibacache, Dagoberto Cerna, Juan Cerna e Ignacio Cur\u00edn, un m\u00e9dico de apellido Vinet y un qu\u00edmico farmac\u00e9utico Sperberg, entre muchos otros, como detenidos en la C\u00e1rcel P\u00fablica de Traigu\u00e9n [seg\u00fan consta a fs. 148, 263 (tomo I), 675 (tomo II), entre otros antecedentes].<\/p>\n\n\n\n<p>H.- Que Carlos Silva Riffo, ex dirigente regional del Partido Socialista, fue detenido en septiembre de 1973 por personal de la Polic\u00eda de Investigaciones de Angol y trasladado hasta la c\u00e1rcel p\u00fablica de esa comuna. A comienzos del mes de octubre de 1973 fue llevado al Regimiento H\u00fasares de Angol, manteni\u00e9ndose en calidad de detenido en carpas destinadas para esos efectos. En el mismo mes, octubre de 1973, fue conducido, junto a otros detenidos entre ellos Roberto Amaya, Sep\u00falveda m\u00e1s Boris Salazar, Romilio Osses y \u00d3scar Retamal, hasta el Regimiento Miraflores de Traigu\u00e9n e ingresado a un sal\u00f3n grande donde observ\u00f3 a alrededor de 80 detenidos, All\u00ed fue sometido a interrogatorios y torturas por parte de un capit\u00e1n de apellido Bravo y un cabo de apellido D\u00edaz, quien se distingu\u00eda por ser boina negra. Permaneci\u00f3 en ese lugar por alrededor de 3 d\u00edas, para luego ser nuevamente trasladado a la c\u00e1rcel de Angol. En su reclusi\u00f3n en el Regimiento Miraflores de Traigu\u00e9n pudo reconocer a Antonio Inostroza Segura, Carlos Poblete Salazar, Boris Salazar, Rinaldo Torres, Enrique Cuevas, Jaime Sperberg, entre otras personas [seg\u00fan consta a fs. 153, 263 (tomo I), a fs. 675 (tomo II), entre otros antecedentes].<\/p>\n\n\n\n<p>I.- Que Jaime Pablo Sperberg Cristia, qu\u00edmico farmac\u00e9utico, para septiembre de 1973 trabajaba en el hospital de Traigu\u00e9n y era jefe del Laboratorio Cl\u00ednico y Bacteriol\u00f3gico de ese centro asistencial. Fue detenido alrededor del 15 de septiembre de 1973 por personal de Carabineros de Traigu\u00e9n junto al m\u00e9dico Jaime Vinet y a una persona de apellido Gonz\u00e1lez, hijo de un zapatero de esa comuna. Fueron conducidos e ingresados en calidad de detenidos en la c\u00e1rcel p\u00fablica de Traigu\u00e9n. En ese lugar estuvo detenido durante aproximadamente 11 d\u00edas siendo sacado a altas horas de la madrugada por una patrulla militar que lo condujo hasta el Regimiento Miraflores de Traigu\u00e9n. Lo llevaron a una oficina donde fue interrogado por el capit\u00e1n de Ej\u00e9rcito de apellido Bravo, fiscal militar, en especial respecto a sus actividades pol\u00edticas y ocultamiento de armas, acus\u00e1ndolo de la fabricaci\u00f3n de bombas para un grupo paramilitar. Posteriormente fue dejado en libertad, pero a las 2 o 3 semanas fue nuevamente detenido y trasladado al Regimiento Miraflores de Traigu\u00e9n, siendo conducido a una sala grande, observando a decenas de detenidos tendidos en el piso, entre ellos a Carlos Pino, Armando Jara, Segundo Trangolao, quienes estaban en muy malas condiciones f\u00edsicas. Fue nuevamente interrogado y torturado por el capit\u00e1n Bravo y otros militares que apoyaban aquello, siendo testigo adem\u00e1s de las torturas de otros detenidos, que inclu\u00edan golpes, posiciones forzadas del cuerpo, entre ellos un joven de apellido Catrilao, Farid Sacca, Enrique Cuevas, V\u00edctor Valenzuela, entre muchos otros [seg\u00fan consta a fs. 271 (tomo I), entre otros antecedentes].<\/p>\n\n\n\n<p>J.- Que por \u00faltimo, hasta esta fecha, ning\u00fan funcionario p\u00fablico del Ej\u00e9rcito de Chile, Carabineros de Chile o de otra rama de las Fuerzas Armadas y\/o de Orden y Seguridad que se desempe\u00f1aban en la \u00e9poca de los hechos, ha dado alg\u00fan antecedente a la autoridad respectiva en relaci\u00f3n a lo sucedido con Antonio Inostroza Segura, Omar Enrique Cuevas Gajardo, Luis Alberto Collao Montalva, Rinaldo Torres Zapata, Carlos Silva Riffo y Jaime Pablo Sperberg Cristia, manteniendo hasta el d\u00eda de hoy ocultamiento de todo tipo de antecedentes sobre los hechos que se han mencionado en los p\u00e1rrafos precedentes\u201d.<\/p>\n","protected":false},"excerpt":{"rendered":"<div class=\"pvc_clear\"><\/div>\n<p id=\"pvc_stats_46031\" class=\"pvc_stats total_only  \" data-element-id=\"46031\" style=\"\"><i class=\"pvc-stats-icon large\" aria-hidden=\"true\"><svg aria-hidden=\"true\" focusable=\"false\" data-prefix=\"far\" data-icon=\"chart-bar\" role=\"img\" xmlns=\"http:\/\/www.w3.org\/2000\/svg\" viewBox=\"0 0 512 512\" class=\"svg-inline--fa fa-chart-bar fa-w-16 fa-2x\"><path fill=\"currentColor\" d=\"M396.8 352h22.4c6.4 0 12.8-6.4 12.8-12.8V108.8c0-6.4-6.4-12.8-12.8-12.8h-22.4c-6.4 0-12.8 6.4-12.8 12.8v230.4c0 6.4 6.4 12.8 12.8 12.8zm-192 0h22.4c6.4 0 12.8-6.4 12.8-12.8V140.8c0-6.4-6.4-12.8-12.8-12.8h-22.4c-6.4 0-12.8 6.4-12.8 12.8v198.4c0 6.4 6.4 12.8 12.8 12.8zm96 0h22.4c6.4 0 12.8-6.4 12.8-12.8V204.8c0-6.4-6.4-12.8-12.8-12.8h-22.4c-6.4 0-12.8 6.4-12.8 12.8v134.4c0 6.4 6.4 12.8 12.8 12.8zM496 400H48V80c0-8.84-7.16-16-16-16H16C7.16 64 0 71.16 0 80v336c0 17.67 14.33 32 32 32h464c8.84 0 16-7.16 16-16v-16c0-8.84-7.16-16-16-16zm-387.2-48h22.4c6.4 0 12.8-6.4 12.8-12.8v-70.4c0-6.4-6.4-12.8-12.8-12.8h-22.4c-6.4 0-12.8 6.4-12.8 12.8v70.4c0 6.4 6.4 12.8 12.8 12.8z\" class=\"\"><\/path><\/svg><\/i> <img loading=\"lazy\" decoding=\"async\" width=\"16\" height=\"16\" alt=\"Loading\" src=\"https:\/\/temucotelevision.cl\/web\/wp-content\/plugins\/page-views-count\/ajax-loader-2x.gif\" border=0 \/><\/p>\n<div class=\"pvc_clear\"><\/div>\n<p>En el fallo, el ministro en visita conden\u00f3 al entonces suboficial Gabriel Humberto D\u00edaz Morales a la pena de 10<\/p>\n","protected":false},"author":1,"featured_media":21540,"comment_status":"open","ping_status":"open","sticky":false,"template":"","format":"standard","meta":{"colormag_page_container_layout":"default_layout","colormag_page_sidebar_layout":"default_layout","footnotes":""},"categories":[14],"tags":[5849,6800,219,318],"class_list":["post-46031","post","type-post","status-publish","format-standard","has-post-thumbnail","hentry","category-temuco","tag-alvaro-mesa","tag-boina-negra","tag-condena","tag-ministro"],"a3_pvc":{"activated":true,"total_views":3074,"today_views":0},"_links":{"self":[{"href":"https:\/\/temucotelevision.cl\/web\/wp-json\/wp\/v2\/posts\/46031","targetHints":{"allow":["GET"]}}],"collection":[{"href":"https:\/\/temucotelevision.cl\/web\/wp-json\/wp\/v2\/posts"}],"about":[{"href":"https:\/\/temucotelevision.cl\/web\/wp-json\/wp\/v2\/types\/post"}],"author":[{"embeddable":true,"href":"https:\/\/temucotelevision.cl\/web\/wp-json\/wp\/v2\/users\/1"}],"replies":[{"embeddable":true,"href":"https:\/\/temucotelevision.cl\/web\/wp-json\/wp\/v2\/comments?post=46031"}],"version-history":[{"count":1,"href":"https:\/\/temucotelevision.cl\/web\/wp-json\/wp\/v2\/posts\/46031\/revisions"}],"predecessor-version":[{"id":46032,"href":"https:\/\/temucotelevision.cl\/web\/wp-json\/wp\/v2\/posts\/46031\/revisions\/46032"}],"wp:featuredmedia":[{"embeddable":true,"href":"https:\/\/temucotelevision.cl\/web\/wp-json\/wp\/v2\/media\/21540"}],"wp:attachment":[{"href":"https:\/\/temucotelevision.cl\/web\/wp-json\/wp\/v2\/media?parent=46031"}],"wp:term":[{"taxonomy":"category","embeddable":true,"href":"https:\/\/temucotelevision.cl\/web\/wp-json\/wp\/v2\/categories?post=46031"},{"taxonomy":"post_tag","embeddable":true,"href":"https:\/\/temucotelevision.cl\/web\/wp-json\/wp\/v2\/tags?post=46031"}],"curies":[{"name":"wp","href":"https:\/\/api.w.org\/{rel}","templated":true}]}}