{"id":4602,"date":"2019-07-03T12:33:59","date_gmt":"2019-07-03T15:33:59","guid":{"rendered":"https:\/\/temucotelevision.cl\/web\/?p=4602"},"modified":"2019-07-03T12:33:59","modified_gmt":"2019-07-03T15:33:59","slug":"mas-de-17-mil-personas-apreciaron-el-eclipse-solar-desde-el-parquemet","status":"publish","type":"post","link":"https:\/\/temucotelevision.cl\/web\/2019\/07\/03\/mas-de-17-mil-personas-apreciaron-el-eclipse-solar-desde-el-parquemet\/","title":{"rendered":"M\u00e1s de 17 mil personas apreciaron el eclipse solar desde el Parquemet"},"content":{"rendered":"<div class=\"pvc_clear\"><\/div>\n<p id=\"pvc_stats_4602\" class=\"pvc_stats total_only  \" data-element-id=\"4602\" style=\"\"><i class=\"pvc-stats-icon large\" aria-hidden=\"true\"><svg aria-hidden=\"true\" focusable=\"false\" data-prefix=\"far\" data-icon=\"chart-bar\" role=\"img\" xmlns=\"http:\/\/www.w3.org\/2000\/svg\" viewBox=\"0 0 512 512\" class=\"svg-inline--fa fa-chart-bar fa-w-16 fa-2x\"><path fill=\"currentColor\" d=\"M396.8 352h22.4c6.4 0 12.8-6.4 12.8-12.8V108.8c0-6.4-6.4-12.8-12.8-12.8h-22.4c-6.4 0-12.8 6.4-12.8 12.8v230.4c0 6.4 6.4 12.8 12.8 12.8zm-192 0h22.4c6.4 0 12.8-6.4 12.8-12.8V140.8c0-6.4-6.4-12.8-12.8-12.8h-22.4c-6.4 0-12.8 6.4-12.8 12.8v198.4c0 6.4 6.4 12.8 12.8 12.8zm96 0h22.4c6.4 0 12.8-6.4 12.8-12.8V204.8c0-6.4-6.4-12.8-12.8-12.8h-22.4c-6.4 0-12.8 6.4-12.8 12.8v134.4c0 6.4 6.4 12.8 12.8 12.8zM496 400H48V80c0-8.84-7.16-16-16-16H16C7.16 64 0 71.16 0 80v336c0 17.67 14.33 32 32 32h464c8.84 0 16-7.16 16-16v-16c0-8.84-7.16-16-16-16zm-387.2-48h22.4c6.4 0 12.8-6.4 12.8-12.8v-70.4c0-6.4-6.4-12.8-12.8-12.8h-22.4c-6.4 0-12.8 6.4-12.8 12.8v70.4c0 6.4 6.4 12.8 12.8 12.8z\" class=\"\"><\/path><\/svg><\/i> <img loading=\"lazy\" decoding=\"async\" width=\"16\" height=\"16\" alt=\"Loading\" src=\"https:\/\/temucotelevision.cl\/web\/wp-content\/plugins\/page-views-count\/ajax-loader-2x.gif\" border=0 \/><\/p>\n<div class=\"pvc_clear\"><\/div>\n<p style=\"text-align: justify;\">Ministro de Vivienda y Urbanismo, Cristi\u00e1n Monckeberg, encabez\u00f3 las actividades especiales para cientos de familias que visitaron el parque urbano m\u00e1s grande del pa\u00eds, que incluyeron charlas de un experto de la Universidad de Chile y la observaci\u00f3n del fen\u00f3meno desde uno de los puntos m\u00e1s altos de la capital.<\/p>\n<p style=\"text-align: justify;\">M\u00e1s de 17 mil personas: esa es la estimaci\u00f3n que realiz\u00f3 el Parque Metropolitano de Santiago, respecto a la cantidad de personas que llegaron hasta el anfiteatro Pablo Neruda, lugar que se habilit\u00f3 \u2014especialmente \u2014 para apreciar de mejor forma el eclipse de sol, y que tuvo a Chile como centro de atenci\u00f3n astron\u00f3mica y tur\u00edstica a nivel mundial.<\/p>\n<p style=\"text-align: justify;\">A las 14 horas comenzaron a llegar las familias al sector ubicado en el sector nororiente del Parquemet: algunos sub\u00edan a pie y muchos en bicicleta, con el fin de obtener la mejor ubicaci\u00f3n para observar este esperado fen\u00f3meno astron\u00f3mico. Poco antes del inicio del eclipse, el desatacado astr\u00f3nomo de la Universidad de Chile Jos\u00e9 Uretras realiz\u00f3 una charla explicativa, en torno a los alcances que tiene para la ciencia el evento. Los concurrentes se mostraron interesados en conocer detalles, realiz\u00e1ndole diversas preguntas al cient\u00edfico. Siendo las 15:22 la luna comenz\u00f3 a cubrir al sol y, bajo el sonido de una m\u00fasica ambiental, los concurrentes empezaron a disfrutar del esperado eclipse solar.<\/p>\n<p style=\"text-align: justify;\">El ministro de Vivienda y Urbanismo, Cristi\u00e1n Monckeberg, encabez\u00f3 junto al director del Parquemet, Mart\u00edn Andrade, la actividad, considerada como exitosa por la m\u00e1xima autoridad ministerial:<\/p>\n<p style=\"text-align: justify;\">\u201cHa sido un \u00e9xito. Hace 5 d\u00edas atr\u00e1s empezamos a promocionar que \u00e9ste era un buen lugar para poder apreciar lo que es el eclipse. Ha salido todo muy bien, todo en orden. Adem\u00e1s, hemos tenido un experto en los temas de eclipse, explicando con una charla que tambi\u00e9n fue muy exitosa\u201d, dijo.<\/p>\n<p style=\"text-align: justify;\">Adem\u00e1s, el ministro Monckeberg destac\u00f3 la gran cantidad de gente que lleg\u00f3 al parque, todo un r\u00e9cord de visitas para un solo d\u00eda:<\/p>\n<p style=\"text-align: justify;\">\u201cHoy, en el Parque Metropolitano \u2014por primera vez \u2014 hay tanta gente en un solo d\u00eda, en un solo evento, hablamos de alrededor de 17 mil personas que visitaron el parque el d\u00eda de hoy. Es una buena cifra y da cuenta que cuando las cosas se organizan bien resultan. El Parque Metropolitano y el Ministerio de Vivienda hacen una convocatoria para que la gente asista, est\u00e9 presente, lo pase bien, conozca y pueda apreciar estas cosas que son hist\u00f3ricas: la respuesta est\u00e1 a la vista. La gente ha venido muy tranquilamente, muy organizada\u201d, recalc\u00f3.<\/p>\n<p style=\"text-align: justify;\">En tanto, el director del Parquemet, Mart\u00edn Andrade, destac\u00f3 el orden en que se desarroll\u00f3 la jornada y el buen comportamiento de la gente:<\/p>\n<p style=\"text-align: justify;\">\u201cAumentamos la capacidad de los buses, para que la gente pudiera acceder, tambi\u00e9n habilitamos distintos lugares para quienes se complicaban con llegar a la cumbre. El Parque Metropolitano tuvo muchos lugares para poder apreciar el eclipse. Hubo gente que se dispuso en muchos lugares. El parque es un lugar de integraci\u00f3n social, un espacio para la familia para pasarlo bien, para ser felices y es lo que vimos en esta actividad\u201d, se\u00f1al\u00f3.<\/p>\n","protected":false},"excerpt":{"rendered":"<div class=\"pvc_clear\"><\/div>\n<p id=\"pvc_stats_4602\" class=\"pvc_stats total_only  \" data-element-id=\"4602\" style=\"\"><i class=\"pvc-stats-icon large\" aria-hidden=\"true\"><svg aria-hidden=\"true\" focusable=\"false\" data-prefix=\"far\" data-icon=\"chart-bar\" role=\"img\" xmlns=\"http:\/\/www.w3.org\/2000\/svg\" viewBox=\"0 0 512 512\" class=\"svg-inline--fa fa-chart-bar fa-w-16 fa-2x\"><path fill=\"currentColor\" d=\"M396.8 352h22.4c6.4 0 12.8-6.4 12.8-12.8V108.8c0-6.4-6.4-12.8-12.8-12.8h-22.4c-6.4 0-12.8 6.4-12.8 12.8v230.4c0 6.4 6.4 12.8 12.8 12.8zm-192 0h22.4c6.4 0 12.8-6.4 12.8-12.8V140.8c0-6.4-6.4-12.8-12.8-12.8h-22.4c-6.4 0-12.8 6.4-12.8 12.8v198.4c0 6.4 6.4 12.8 12.8 12.8zm96 0h22.4c6.4 0 12.8-6.4 12.8-12.8V204.8c0-6.4-6.4-12.8-12.8-12.8h-22.4c-6.4 0-12.8 6.4-12.8 12.8v134.4c0 6.4 6.4 12.8 12.8 12.8zM496 400H48V80c0-8.84-7.16-16-16-16H16C7.16 64 0 71.16 0 80v336c0 17.67 14.33 32 32 32h464c8.84 0 16-7.16 16-16v-16c0-8.84-7.16-16-16-16zm-387.2-48h22.4c6.4 0 12.8-6.4 12.8-12.8v-70.4c0-6.4-6.4-12.8-12.8-12.8h-22.4c-6.4 0-12.8 6.4-12.8 12.8v70.4c0 6.4 6.4 12.8 12.8 12.8z\" class=\"\"><\/path><\/svg><\/i> <img loading=\"lazy\" decoding=\"async\" width=\"16\" height=\"16\" alt=\"Loading\" src=\"https:\/\/temucotelevision.cl\/web\/wp-content\/plugins\/page-views-count\/ajax-loader-2x.gif\" border=0 \/><\/p>\n<div class=\"pvc_clear\"><\/div>\n<p>Ministro de Vivienda y Urbanismo, Cristi\u00e1n Monckeberg, encabez\u00f3 las actividades especiales para cientos de familias que visitaron el parque urbano<\/p>\n","protected":false},"author":1,"featured_media":4603,"comment_status":"open","ping_status":"open","sticky":false,"template":"","format":"standard","meta":{"colormag_page_container_layout":"default_layout","colormag_page_sidebar_layout":"default_layout","footnotes":""},"categories":[101],"tags":[622,1622,279],"class_list":["post-4602","post","type-post","status-publish","format-standard","has-post-thumbnail","hentry","category-actualidad","tag-eclipse","tag-fenomeno","tag-parque"],"a3_pvc":{"activated":true,"total_views":41,"today_views":0},"_links":{"self":[{"href":"https:\/\/temucotelevision.cl\/web\/wp-json\/wp\/v2\/posts\/4602","targetHints":{"allow":["GET"]}}],"collection":[{"href":"https:\/\/temucotelevision.cl\/web\/wp-json\/wp\/v2\/posts"}],"about":[{"href":"https:\/\/temucotelevision.cl\/web\/wp-json\/wp\/v2\/types\/post"}],"author":[{"embeddable":true,"href":"https:\/\/temucotelevision.cl\/web\/wp-json\/wp\/v2\/users\/1"}],"replies":[{"embeddable":true,"href":"https:\/\/temucotelevision.cl\/web\/wp-json\/wp\/v2\/comments?post=4602"}],"version-history":[{"count":1,"href":"https:\/\/temucotelevision.cl\/web\/wp-json\/wp\/v2\/posts\/4602\/revisions"}],"predecessor-version":[{"id":4604,"href":"https:\/\/temucotelevision.cl\/web\/wp-json\/wp\/v2\/posts\/4602\/revisions\/4604"}],"wp:featuredmedia":[{"embeddable":true,"href":"https:\/\/temucotelevision.cl\/web\/wp-json\/wp\/v2\/media\/4603"}],"wp:attachment":[{"href":"https:\/\/temucotelevision.cl\/web\/wp-json\/wp\/v2\/media?parent=4602"}],"wp:term":[{"taxonomy":"category","embeddable":true,"href":"https:\/\/temucotelevision.cl\/web\/wp-json\/wp\/v2\/categories?post=4602"},{"taxonomy":"post_tag","embeddable":true,"href":"https:\/\/temucotelevision.cl\/web\/wp-json\/wp\/v2\/tags?post=4602"}],"curies":[{"name":"wp","href":"https:\/\/api.w.org\/{rel}","templated":true}]}}