{"id":46019,"date":"2023-11-07T10:44:12","date_gmt":"2023-11-07T13:44:12","guid":{"rendered":"https:\/\/temucotelevision.cl\/web\/?p=46019"},"modified":"2023-11-07T11:04:03","modified_gmt":"2023-11-07T14:04:03","slug":"dos-atentados-se-registran-en-la-araucania-llamas-destruyen-dos-casas-y-vehiculo","status":"publish","type":"post","link":"https:\/\/temucotelevision.cl\/web\/2023\/11\/07\/dos-atentados-se-registran-en-la-araucania-llamas-destruyen-dos-casas-y-vehiculo\/","title":{"rendered":"Dos atentados se registran en La Araucan\u00eda, llamas destruyen dos casas y veh\u00edculo"},"content":{"rendered":"<div class=\"pvc_clear\"><\/div><p id=\"pvc_stats_46019\" class=\"pvc_stats total_only  \" data-element-id=\"46019\" style=\"\"><i class=\"pvc-stats-icon large\" aria-hidden=\"true\"><svg aria-hidden=\"true\" focusable=\"false\" data-prefix=\"far\" data-icon=\"chart-bar\" role=\"img\" xmlns=\"http:\/\/www.w3.org\/2000\/svg\" viewBox=\"0 0 512 512\" class=\"svg-inline--fa fa-chart-bar fa-w-16 fa-2x\"><path fill=\"currentColor\" d=\"M396.8 352h22.4c6.4 0 12.8-6.4 12.8-12.8V108.8c0-6.4-6.4-12.8-12.8-12.8h-22.4c-6.4 0-12.8 6.4-12.8 12.8v230.4c0 6.4 6.4 12.8 12.8 12.8zm-192 0h22.4c6.4 0 12.8-6.4 12.8-12.8V140.8c0-6.4-6.4-12.8-12.8-12.8h-22.4c-6.4 0-12.8 6.4-12.8 12.8v198.4c0 6.4 6.4 12.8 12.8 12.8zm96 0h22.4c6.4 0 12.8-6.4 12.8-12.8V204.8c0-6.4-6.4-12.8-12.8-12.8h-22.4c-6.4 0-12.8 6.4-12.8 12.8v134.4c0 6.4 6.4 12.8 12.8 12.8zM496 400H48V80c0-8.84-7.16-16-16-16H16C7.16 64 0 71.16 0 80v336c0 17.67 14.33 32 32 32h464c8.84 0 16-7.16 16-16v-16c0-8.84-7.16-16-16-16zm-387.2-48h22.4c6.4 0 12.8-6.4 12.8-12.8v-70.4c0-6.4-6.4-12.8-12.8-12.8h-22.4c-6.4 0-12.8 6.4-12.8 12.8v70.4c0 6.4 6.4 12.8 12.8 12.8z\" class=\"\"><\/path><\/svg><\/i> <img loading=\"lazy\" decoding=\"async\" width=\"16\" height=\"16\" alt=\"Loading\" src=\"https:\/\/temucotelevision.cl\/web\/wp-content\/plugins\/page-views-count\/ajax-loader-2x.gif\" border=0 \/><\/p><div class=\"pvc_clear\"><\/div>\n<p>Una serie de ataques incendiarios ha sacudido la tranquilidad de la comunidad en Padre Las Casas en las \u00faltimas horas. El primer incidente ocurri\u00f3 en una vivienda ubicada en el Camino a Momberg Km22, fundo Huichahue, donde un incendio de gran magnitud consumi\u00f3 la casa y un veh\u00edculo. Afortunadamente, no se reportaron heridos, aunque la propiedad qued\u00f3 completamente destruida.<\/p>\n\n\n\n<p>Los equipos de emergencia, incluyendo bomberos y Carabineros, respondieron al llamado y trabajaron arduamente para controlar las llamas y evitar que el fuego se propagara a otras estructuras cercanas. Sin embargo, la propiedad sufri\u00f3 da\u00f1os irreparables debido al incendio.<\/p>\n\n\n\n<p>En el lugar se descubri\u00f3 un lienzo exigiendo &#8220;Libertad al werken Mijael Carbones y todos los PPM&#8221;<\/p>\n\n\n\n<p>Pero la noche no termin\u00f3 ah\u00ed. Horas despu\u00e9s, otro atentado se registr\u00f3 en el predio La Monta\u00f1a, ubicado en el camino viejo Perquenco &#8211; P\u00faa en Victoria. En este caso, una casa y un veh\u00edculo tambi\u00e9n fueron incendiados, aunque afortunadamente, no hubo heridos. El predio afectado pertenece a un agricultor,  quien se encontraba en el lugar al momento del ataque.<\/p>\n\n\n\n<figure class=\"wp-block-image size-large\"><img loading=\"lazy\" decoding=\"async\" width=\"768\" height=\"1024\" src=\"https:\/\/temucotelevision.cl\/web\/wp-content\/uploads\/2023\/11\/Atentado-768x1024.jpeg\" alt=\"\" class=\"wp-image-46023\" srcset=\"https:\/\/temucotelevision.cl\/web\/wp-content\/uploads\/2023\/11\/Atentado-768x1024.jpeg 768w, https:\/\/temucotelevision.cl\/web\/wp-content\/uploads\/2023\/11\/Atentado.jpeg 960w\" sizes=\"auto, (max-width: 768px) 100vw, 768px\" \/><\/figure>\n\n\n\n<figure class=\"wp-block-image size-large\"><img loading=\"lazy\" decoding=\"async\" width=\"1024\" height=\"768\" src=\"https:\/\/temucotelevision.cl\/web\/wp-content\/uploads\/2023\/11\/PDI-Atentado-1024x768.jpeg\" alt=\"\" class=\"wp-image-46029\" srcset=\"https:\/\/temucotelevision.cl\/web\/wp-content\/uploads\/2023\/11\/PDI-Atentado-1024x768.jpeg 1024w, https:\/\/temucotelevision.cl\/web\/wp-content\/uploads\/2023\/11\/PDI-Atentado-768x576.jpeg 768w, https:\/\/temucotelevision.cl\/web\/wp-content\/uploads\/2023\/11\/PDI-Atentado.jpeg 1156w\" sizes=\"auto, (max-width: 1024px) 100vw, 1024px\" \/><\/figure>\n\n\n\n<div class=\"wp-block-media-text is-stacked-on-mobile\"><figure class=\"wp-block-media-text__media\"><video controls src=\"https:\/\/temucotelevision.cl\/web\/wp-content\/uploads\/2023\/11\/PDI.mp4\"><\/video><\/figure><div class=\"wp-block-media-text__content\">\n<p>Viviana Morales, BIPE Temuco<\/p>\n<\/div><\/div>\n","protected":false},"excerpt":{"rendered":"<div class=\"pvc_clear\"><\/div>\n<p id=\"pvc_stats_46019\" class=\"pvc_stats total_only  \" data-element-id=\"46019\" style=\"\"><i class=\"pvc-stats-icon large\" aria-hidden=\"true\"><svg aria-hidden=\"true\" focusable=\"false\" data-prefix=\"far\" data-icon=\"chart-bar\" role=\"img\" xmlns=\"http:\/\/www.w3.org\/2000\/svg\" viewBox=\"0 0 512 512\" class=\"svg-inline--fa fa-chart-bar fa-w-16 fa-2x\"><path fill=\"currentColor\" d=\"M396.8 352h22.4c6.4 0 12.8-6.4 12.8-12.8V108.8c0-6.4-6.4-12.8-12.8-12.8h-22.4c-6.4 0-12.8 6.4-12.8 12.8v230.4c0 6.4 6.4 12.8 12.8 12.8zm-192 0h22.4c6.4 0 12.8-6.4 12.8-12.8V140.8c0-6.4-6.4-12.8-12.8-12.8h-22.4c-6.4 0-12.8 6.4-12.8 12.8v198.4c0 6.4 6.4 12.8 12.8 12.8zm96 0h22.4c6.4 0 12.8-6.4 12.8-12.8V204.8c0-6.4-6.4-12.8-12.8-12.8h-22.4c-6.4 0-12.8 6.4-12.8 12.8v134.4c0 6.4 6.4 12.8 12.8 12.8zM496 400H48V80c0-8.84-7.16-16-16-16H16C7.16 64 0 71.16 0 80v336c0 17.67 14.33 32 32 32h464c8.84 0 16-7.16 16-16v-16c0-8.84-7.16-16-16-16zm-387.2-48h22.4c6.4 0 12.8-6.4 12.8-12.8v-70.4c0-6.4-6.4-12.8-12.8-12.8h-22.4c-6.4 0-12.8 6.4-12.8 12.8v70.4c0 6.4 6.4 12.8 12.8 12.8z\" class=\"\"><\/path><\/svg><\/i> <img loading=\"lazy\" decoding=\"async\" width=\"16\" height=\"16\" alt=\"Loading\" src=\"https:\/\/temucotelevision.cl\/web\/wp-content\/plugins\/page-views-count\/ajax-loader-2x.gif\" border=0 \/><\/p>\n<div class=\"pvc_clear\"><\/div>\n<p>Una serie de ataques incendiarios ha sacudido la tranquilidad de la comunidad en Padre Las Casas en las \u00faltimas horas.<\/p>\n","protected":false},"author":1,"featured_media":46020,"comment_status":"open","ping_status":"open","sticky":false,"template":"","format":"standard","meta":{"colormag_page_container_layout":"default_layout","colormag_page_sidebar_layout":"default_layout","footnotes":""},"categories":[15],"tags":[349,435,3940,4697,999,694,227],"class_list":["post-46019","post","type-post","status-publish","format-standard","has-post-thumbnail","hentry","category-la-araucania","tag-ataque","tag-casas","tag-lienzo","tag-perquenco","tag-plc","tag-vehiculo","tag-victoria"],"a3_pvc":{"activated":true,"total_views":3199,"today_views":0},"_links":{"self":[{"href":"https:\/\/temucotelevision.cl\/web\/wp-json\/wp\/v2\/posts\/46019","targetHints":{"allow":["GET"]}}],"collection":[{"href":"https:\/\/temucotelevision.cl\/web\/wp-json\/wp\/v2\/posts"}],"about":[{"href":"https:\/\/temucotelevision.cl\/web\/wp-json\/wp\/v2\/types\/post"}],"author":[{"embeddable":true,"href":"https:\/\/temucotelevision.cl\/web\/wp-json\/wp\/v2\/users\/1"}],"replies":[{"embeddable":true,"href":"https:\/\/temucotelevision.cl\/web\/wp-json\/wp\/v2\/comments?post=46019"}],"version-history":[{"count":4,"href":"https:\/\/temucotelevision.cl\/web\/wp-json\/wp\/v2\/posts\/46019\/revisions"}],"predecessor-version":[{"id":46030,"href":"https:\/\/temucotelevision.cl\/web\/wp-json\/wp\/v2\/posts\/46019\/revisions\/46030"}],"wp:featuredmedia":[{"embeddable":true,"href":"https:\/\/temucotelevision.cl\/web\/wp-json\/wp\/v2\/media\/46020"}],"wp:attachment":[{"href":"https:\/\/temucotelevision.cl\/web\/wp-json\/wp\/v2\/media?parent=46019"}],"wp:term":[{"taxonomy":"category","embeddable":true,"href":"https:\/\/temucotelevision.cl\/web\/wp-json\/wp\/v2\/categories?post=46019"},{"taxonomy":"post_tag","embeddable":true,"href":"https:\/\/temucotelevision.cl\/web\/wp-json\/wp\/v2\/tags?post=46019"}],"curies":[{"name":"wp","href":"https:\/\/api.w.org\/{rel}","templated":true}]}}