{"id":46016,"date":"2023-11-07T10:15:08","date_gmt":"2023-11-07T13:15:08","guid":{"rendered":"https:\/\/temucotelevision.cl\/web\/?p=46016"},"modified":"2023-11-07T10:15:08","modified_gmt":"2023-11-07T13:15:08","slug":"cuidando-a-los-mas-pequenos-el-impacto-positivo-de-un-equipo-expandido-de-fonoaudiologia-en-el-hhha-para-recien-nacidos-y-ninos","status":"publish","type":"post","link":"https:\/\/temucotelevision.cl\/web\/2023\/11\/07\/cuidando-a-los-mas-pequenos-el-impacto-positivo-de-un-equipo-expandido-de-fonoaudiologia-en-el-hhha-para-recien-nacidos-y-ninos\/","title":{"rendered":"Cuidando a los m\u00e1s peque\u00f1os: El impacto positivo de un equipo expandido de fonoaudiolog\u00eda en el HHHA para reci\u00e9n nacidos y ni\u00f1os"},"content":{"rendered":"<div class=\"pvc_clear\"><\/div><p id=\"pvc_stats_46016\" class=\"pvc_stats total_only  \" data-element-id=\"46016\" style=\"\"><i class=\"pvc-stats-icon large\" aria-hidden=\"true\"><svg aria-hidden=\"true\" focusable=\"false\" data-prefix=\"far\" data-icon=\"chart-bar\" role=\"img\" xmlns=\"http:\/\/www.w3.org\/2000\/svg\" viewBox=\"0 0 512 512\" class=\"svg-inline--fa fa-chart-bar fa-w-16 fa-2x\"><path fill=\"currentColor\" d=\"M396.8 352h22.4c6.4 0 12.8-6.4 12.8-12.8V108.8c0-6.4-6.4-12.8-12.8-12.8h-22.4c-6.4 0-12.8 6.4-12.8 12.8v230.4c0 6.4 6.4 12.8 12.8 12.8zm-192 0h22.4c6.4 0 12.8-6.4 12.8-12.8V140.8c0-6.4-6.4-12.8-12.8-12.8h-22.4c-6.4 0-12.8 6.4-12.8 12.8v198.4c0 6.4 6.4 12.8 12.8 12.8zm96 0h22.4c6.4 0 12.8-6.4 12.8-12.8V204.8c0-6.4-6.4-12.8-12.8-12.8h-22.4c-6.4 0-12.8 6.4-12.8 12.8v134.4c0 6.4 6.4 12.8 12.8 12.8zM496 400H48V80c0-8.84-7.16-16-16-16H16C7.16 64 0 71.16 0 80v336c0 17.67 14.33 32 32 32h464c8.84 0 16-7.16 16-16v-16c0-8.84-7.16-16-16-16zm-387.2-48h22.4c6.4 0 12.8-6.4 12.8-12.8v-70.4c0-6.4-6.4-12.8-12.8-12.8h-22.4c-6.4 0-12.8 6.4-12.8 12.8v70.4c0 6.4 6.4 12.8 12.8 12.8z\" class=\"\"><\/path><\/svg><\/i> <img loading=\"lazy\" decoding=\"async\" width=\"16\" height=\"16\" alt=\"Loading\" src=\"https:\/\/temucotelevision.cl\/web\/wp-content\/plugins\/page-views-count\/ajax-loader-2x.gif\" border=0 \/><\/p><div class=\"pvc_clear\"><\/div>\n<p><em>Una mayor dotaci\u00f3n de personal fonoaudiol\u00f3gico en el Hospital Doctor Hern\u00e1n Henr\u00edquez Aravena ha permitido disminuir el tiempo de hospitalizaci\u00f3n de pacientes pedi\u00e1tricos e infantiles.<\/em><\/p>\n\n\n\n<p>Ad portas de conmemorar un nuevo D\u00eda de la Fonoaudiolog\u00eda (pr\u00f3ximo 22 de noviembre), el Hospital Doctor Hern\u00e1n Henr\u00edquez Aravena (HHHA) ha aumentado su dotaci\u00f3n de personal fonoaudiol\u00f3gico en el \u00e1rea infantil. Un incremento que responde a la creciente necesidad de incorporar sus saberes profesionales al tratamiento y la rehabilitaci\u00f3n de los procesos de succi\u00f3n, degluci\u00f3n y alimentaci\u00f3n en reci\u00e9n nacidos, ni\u00f1as, ni\u00f1os y adolescentes. En un periodo de tres a\u00f1os, el equipo fonoaudiol\u00f3gico del \u00e1rea pedi\u00e1trico-infantil del HHHA aument\u00f3 de uno a tres profesionales, integr\u00e1ndose una cuarta fonoaudi\u00f3loga a finales de octubre.<\/p>\n\n\n\n<p>\u201cNuestra unidad est\u00e1 compuesta por 10 fonoaudi\u00f3logos y actualmente somos cuatro en el \u00e1rea infantil\u201d, dijo Eduardo Bernal, fonoaudi\u00f3logo del Servicio de Medicina F\u00edsica y Rehabilitaci\u00f3n, explicando, adem\u00e1s, que las y los profesionales se distribuyen entre los distintos servicios del hospital, dando cobertura \u201ctanto en atenci\u00f3n cerrada que ser\u00edan los hospitalizados, como atenci\u00f3n abierta que es policl\u00ednico; los servicios de Unidad de Paciente Cr\u00edtico (UPC) Pedi\u00e1trica, Pediatr\u00eda, Neonatolog\u00eda y Puerperio\u201d.<\/p>\n\n\n\n<p>Actualmente, cada profesional otorga un promedio de 13 atenciones diarias, es decir, 39 reci\u00e9n nacidos, ni\u00f1as, ni\u00f1os y adolescentes que se ven beneficiados de exista una unidad fonoaudiol\u00f3gica en el HHHA. Una cifra que alcanza las 780 atenciones mensuales y que, con la llegada de esta nueva dotaci\u00f3n, podr\u00eda incrementar, permitiendo la reducci\u00f3n del tiempo cama de las y los usuarios infantiles en casi ocho d\u00edas aproximadamente. Situaci\u00f3n que no s\u00f3lo representa una disminuci\u00f3n en cuanto al costo monetario, sino tambi\u00e9n, a nivel emocional y psicol\u00f3gico tanto para las y los pacientes como sus familias.<\/p>\n\n\n\n<p>\u201cPor otro lado, en el servicio de Puerperio, se realiza un abordaje desde del d\u00eda uno del reci\u00e9n nacido de termino, permitiendo apoyar el apego, la lactancia materna y educar y entregar estrategias a la madre, siendo ella quien se encuentra con su beb\u00e9 en todo momento\u201d, explic\u00f3 Marianett Sanhueza, fonoaudi\u00f3loga del Servicio de Medicina F\u00edsica y Rehabilitaci\u00f3n, quien se desempe\u00f1a en el Servicio de Pediatr\u00eda y Puerperio.<\/p>\n\n\n\n<p>Por supuesto, esto tambi\u00e9n es factible gracias a un nuevo sistema de categorizaci\u00f3n, donde las y los fonoaudi\u00f3logos visitan a las y los pacientes de acuerdo a un sistema de categorizaci\u00f3n con una escala del uno al tres. \u201cTenemos una atenci\u00f3n s\u00faper intensiva y damos cobertura a los pacientes seg\u00fan la categorizaci\u00f3n que tienen: los atendemos todos los d\u00edas e incluso hasta dos veces diarias\u201d, coment\u00f3 Bernal, explicando que se eval\u00faa seg\u00fan complejidad. De esta forma, a las y los ni\u00f1os y adolescentes categorizados en \u201c1\u201d se les visita dos veces al d\u00eda; a aquellas y aquellos en \u201c2\u201d se les agenda una visita diaria y a quienes est\u00e1n categorizados en \u201c3\u201d se les ve d\u00eda por medio, trat\u00e1ndose principalmente de pacientes cr\u00f3nicos.<\/p>\n\n\n\n<p>Paralelamente, Sanhueza abord\u00f3 c\u00f3mo han ido abri\u00e9ndose espacios en los distintos servicios del hospital, entre ellos, Pediatr\u00eda y Puerperio. \u201cSe ha ido expandiendo el trabajo ya que realizamos un abordaje transdisciplinario con las colegas matronas. Realmente ha crecido el campo, la cantidad de derivaciones y atenciones\u201d, dijo, explicando que, en Puerperio, por ejemplo, ven a reci\u00e9n nacidos y sus madres, trabajando lactancia, acople al pecho, grietas en pezones y otras afecciones que puedan repercutir el proceso de succi\u00f3n efectiva. Evit\u00e1ndose as\u00ed, complicaciones como la hipoalimentaci\u00f3n o que se extienda la estad\u00eda hospitalaria.<\/p>\n\n\n\n<p>En la misma l\u00ednea, B\u00e1rbara Figueroa, fonoaudi\u00f3loga del Servicio de Medicina F\u00edsica y Rehabilitaci\u00f3n, explic\u00f3 que, en el caso de Neonatolog\u00eda, se ve a pacientes \u201cque son prematuros, prematuros extremos, siendo la labor principal generar una v\u00eda de alimentaci\u00f3n segura y eficiente, o sea, que comiencen a comer por boca. Nosotros hacemos de estimulaci\u00f3n de succi\u00f3n nutritiva, le ense\u00f1amos a la mam\u00e1 el acople al pecho efectivo. Nuestro mayor foco de atenci\u00f3n es a RNPT con diferentes complicaciones asociadas. En cuanto a UPC Pedi\u00e1trica, ah\u00ed se abordan a ni\u00f1as y ni\u00f1os m\u00e1s grandes, de los dos meses a los 17 a\u00f1os principalmente. \u201cPacientes con traqueostom\u00eda o gastrostom\u00eda a quienes se les estimula todo lo que es la reincorporaci\u00f3n de alimentaci\u00f3n oral, manejo vocal y motricidad orofacial&#8221;, agreg\u00f3 la profesional.&nbsp;<\/p>\n","protected":false},"excerpt":{"rendered":"<div class=\"pvc_clear\"><\/div>\n<p id=\"pvc_stats_46016\" class=\"pvc_stats total_only  \" data-element-id=\"46016\" style=\"\"><i class=\"pvc-stats-icon large\" aria-hidden=\"true\"><svg aria-hidden=\"true\" focusable=\"false\" data-prefix=\"far\" data-icon=\"chart-bar\" role=\"img\" xmlns=\"http:\/\/www.w3.org\/2000\/svg\" viewBox=\"0 0 512 512\" class=\"svg-inline--fa fa-chart-bar fa-w-16 fa-2x\"><path fill=\"currentColor\" d=\"M396.8 352h22.4c6.4 0 12.8-6.4 12.8-12.8V108.8c0-6.4-6.4-12.8-12.8-12.8h-22.4c-6.4 0-12.8 6.4-12.8 12.8v230.4c0 6.4 6.4 12.8 12.8 12.8zm-192 0h22.4c6.4 0 12.8-6.4 12.8-12.8V140.8c0-6.4-6.4-12.8-12.8-12.8h-22.4c-6.4 0-12.8 6.4-12.8 12.8v198.4c0 6.4 6.4 12.8 12.8 12.8zm96 0h22.4c6.4 0 12.8-6.4 12.8-12.8V204.8c0-6.4-6.4-12.8-12.8-12.8h-22.4c-6.4 0-12.8 6.4-12.8 12.8v134.4c0 6.4 6.4 12.8 12.8 12.8zM496 400H48V80c0-8.84-7.16-16-16-16H16C7.16 64 0 71.16 0 80v336c0 17.67 14.33 32 32 32h464c8.84 0 16-7.16 16-16v-16c0-8.84-7.16-16-16-16zm-387.2-48h22.4c6.4 0 12.8-6.4 12.8-12.8v-70.4c0-6.4-6.4-12.8-12.8-12.8h-22.4c-6.4 0-12.8 6.4-12.8 12.8v70.4c0 6.4 6.4 12.8 12.8 12.8z\" class=\"\"><\/path><\/svg><\/i> <img loading=\"lazy\" decoding=\"async\" width=\"16\" height=\"16\" alt=\"Loading\" src=\"https:\/\/temucotelevision.cl\/web\/wp-content\/plugins\/page-views-count\/ajax-loader-2x.gif\" border=0 \/><\/p>\n<div class=\"pvc_clear\"><\/div>\n<p>Una mayor dotaci\u00f3n de personal fonoaudiol\u00f3gico en el Hospital Doctor Hern\u00e1n Henr\u00edquez Aravena ha permitido disminuir el tiempo de hospitalizaci\u00f3n<\/p>\n","protected":false},"author":1,"featured_media":46017,"comment_status":"open","ping_status":"open","sticky":false,"template":"","format":"standard","meta":{"colormag_page_container_layout":"default_layout","colormag_page_sidebar_layout":"default_layout","footnotes":""},"categories":[14],"tags":[449,5359,128],"class_list":["post-46016","post","type-post","status-publish","format-standard","has-post-thumbnail","hentry","category-temuco","tag-equipo","tag-fonoaudiologia","tag-hospital"],"a3_pvc":{"activated":true,"total_views":1482,"today_views":0},"_links":{"self":[{"href":"https:\/\/temucotelevision.cl\/web\/wp-json\/wp\/v2\/posts\/46016","targetHints":{"allow":["GET"]}}],"collection":[{"href":"https:\/\/temucotelevision.cl\/web\/wp-json\/wp\/v2\/posts"}],"about":[{"href":"https:\/\/temucotelevision.cl\/web\/wp-json\/wp\/v2\/types\/post"}],"author":[{"embeddable":true,"href":"https:\/\/temucotelevision.cl\/web\/wp-json\/wp\/v2\/users\/1"}],"replies":[{"embeddable":true,"href":"https:\/\/temucotelevision.cl\/web\/wp-json\/wp\/v2\/comments?post=46016"}],"version-history":[{"count":1,"href":"https:\/\/temucotelevision.cl\/web\/wp-json\/wp\/v2\/posts\/46016\/revisions"}],"predecessor-version":[{"id":46018,"href":"https:\/\/temucotelevision.cl\/web\/wp-json\/wp\/v2\/posts\/46016\/revisions\/46018"}],"wp:featuredmedia":[{"embeddable":true,"href":"https:\/\/temucotelevision.cl\/web\/wp-json\/wp\/v2\/media\/46017"}],"wp:attachment":[{"href":"https:\/\/temucotelevision.cl\/web\/wp-json\/wp\/v2\/media?parent=46016"}],"wp:term":[{"taxonomy":"category","embeddable":true,"href":"https:\/\/temucotelevision.cl\/web\/wp-json\/wp\/v2\/categories?post=46016"},{"taxonomy":"post_tag","embeddable":true,"href":"https:\/\/temucotelevision.cl\/web\/wp-json\/wp\/v2\/tags?post=46016"}],"curies":[{"name":"wp","href":"https:\/\/api.w.org\/{rel}","templated":true}]}}