{"id":46008,"date":"2023-11-06T22:03:02","date_gmt":"2023-11-07T01:03:02","guid":{"rendered":"https:\/\/temucotelevision.cl\/web\/?p=46008"},"modified":"2023-11-07T12:02:46","modified_gmt":"2023-11-07T15:02:46","slug":"rafa-damian-estrena-sorprendente-videoclip-de-su-sencillo-te-necesito","status":"publish","type":"post","link":"https:\/\/temucotelevision.cl\/web\/2023\/11\/06\/rafa-damian-estrena-sorprendente-videoclip-de-su-sencillo-te-necesito\/","title":{"rendered":"Rafa Dami\u00e1n estrena sorprendente videoclip de su sencillo \u201cTe Necesito\u201d"},"content":{"rendered":"<div class=\"pvc_clear\"><\/div><p id=\"pvc_stats_46008\" class=\"pvc_stats total_only  \" data-element-id=\"46008\" style=\"\"><i class=\"pvc-stats-icon large\" aria-hidden=\"true\"><svg aria-hidden=\"true\" focusable=\"false\" data-prefix=\"far\" data-icon=\"chart-bar\" role=\"img\" xmlns=\"http:\/\/www.w3.org\/2000\/svg\" viewBox=\"0 0 512 512\" class=\"svg-inline--fa fa-chart-bar fa-w-16 fa-2x\"><path fill=\"currentColor\" d=\"M396.8 352h22.4c6.4 0 12.8-6.4 12.8-12.8V108.8c0-6.4-6.4-12.8-12.8-12.8h-22.4c-6.4 0-12.8 6.4-12.8 12.8v230.4c0 6.4 6.4 12.8 12.8 12.8zm-192 0h22.4c6.4 0 12.8-6.4 12.8-12.8V140.8c0-6.4-6.4-12.8-12.8-12.8h-22.4c-6.4 0-12.8 6.4-12.8 12.8v198.4c0 6.4 6.4 12.8 12.8 12.8zm96 0h22.4c6.4 0 12.8-6.4 12.8-12.8V204.8c0-6.4-6.4-12.8-12.8-12.8h-22.4c-6.4 0-12.8 6.4-12.8 12.8v134.4c0 6.4 6.4 12.8 12.8 12.8zM496 400H48V80c0-8.84-7.16-16-16-16H16C7.16 64 0 71.16 0 80v336c0 17.67 14.33 32 32 32h464c8.84 0 16-7.16 16-16v-16c0-8.84-7.16-16-16-16zm-387.2-48h22.4c6.4 0 12.8-6.4 12.8-12.8v-70.4c0-6.4-6.4-12.8-12.8-12.8h-22.4c-6.4 0-12.8 6.4-12.8 12.8v70.4c0 6.4 6.4 12.8 12.8 12.8z\" class=\"\"><\/path><\/svg><\/i> <img loading=\"lazy\" decoding=\"async\" width=\"16\" height=\"16\" alt=\"Loading\" src=\"https:\/\/temucotelevision.cl\/web\/wp-content\/plugins\/page-views-count\/ajax-loader-2x.gif\" border=0 \/><\/p><div class=\"pvc_clear\"><\/div>\n<p class=\"has-medium-font-size\"><strong>El artista nacional deslumbra a sus seguidores con una propuesta creativa, en la que explota distintas facetas, en un logrado trabajo audiovisual.<\/strong><\/p>\n\n\n\n<p>El cantante y compositor nacional&nbsp;<a href=\"https:\/\/instagram.com\/rafadamianmusic?igshid=MzRlODBiNWFlZA==\">Rafa Dami\u00e1n<\/a>, acaba de lanzar un l\u00fadico videoclip de su m\u00e1s reciente sencillo&nbsp;<a href=\"https:\/\/open.spotify.com\/intl-es\/track\/2w8aIsTtkiYpGNK8zTHY1Z?si=e44a224ec42f48ef\">&#8220;Te Necesito&#8221;<\/a>,&nbsp;pieza audiovisual, en la que contin\u00faa demostrando su talento y versatilidad con propuestas sonoras y teatrales del pop, reafirm\u00e1ndose como un&nbsp;<strong>\u201cshow man\u201d.<\/strong>&nbsp;El videoclip llega con una&nbsp;<strong>narrativa po\u00e9tica<\/strong>,&nbsp;en la que el compositor manifiesta que el amor y la obsesi\u00f3n, en su danza macabra, pueden convertirse en un laberinto del que es dif\u00edcil escapar.<\/p>\n\n\n\n<p><a href=\"https:\/\/open.spotify.com\/intl-es\/track\/2w8aIsTtkiYpGNK8zTHY1Z?si=e44a224ec42f48ef\">&#8220;Te Necesito&#8221;<\/a>,&nbsp;llega con im\u00e1genes coloridas y asombrosas, en el que el cantante narra una&nbsp;<strong>historia fant\u00e1stica y ejecutando expresiones actorales<\/strong>, interpreta como un amor aut\u00e9ntico se convierte en una llama que arde en la oscuridad, el que puede iluminar el camino hacia la redenci\u00f3n o la perdici\u00f3n del ser amado. El videoclip,&nbsp;<strong>transmite sentimientos que llegan al l\u00edmite entre cari\u00f1o y la posesi\u00f3n,<\/strong>&nbsp;con un creativo y entretenido trabajo, llevando las emociones al l\u00edmite.<\/p>\n\n\n\n<figure class=\"wp-block-image alignleft size-full is-resized\"><img loading=\"lazy\" decoding=\"async\" width=\"1024\" height=\"1006\" src=\"https:\/\/temucotelevision.cl\/web\/wp-content\/uploads\/2023\/11\/image-1.png\" alt=\"\" class=\"wp-image-46014\" style=\"aspect-ratio:1.0178926441351888;width:423px;height:auto\" srcset=\"https:\/\/temucotelevision.cl\/web\/wp-content\/uploads\/2023\/11\/image-1.png 1024w, https:\/\/temucotelevision.cl\/web\/wp-content\/uploads\/2023\/11\/image-1-768x755.png 768w\" sizes=\"auto, (max-width: 1024px) 100vw, 1024px\" \/><\/figure>\n\n\n\n<p>Su \u00faltima producci\u00f3n musical, ser\u00e1 parte de su esperado \u00e1lbum debut, el que espera ver la luz durante los pr\u00f3ximos meses. Mientras el artista, contin\u00faa recabando en una b\u00fasqueda sonora, tanto en lo vocal como instrumental, el que coronar\u00e1 impactando con un logrado sonido pop y sellos caracter\u00edsticos.<\/p>\n\n\n\n<p>Al respecto,&nbsp;<strong>Rafa<\/strong>&nbsp;nos comenta, \u201c<strong>en este momento trabajo el uso de sintetizadores de manera muy enfocada para qu\u00e9 en consecuencia, mi m\u00fasica resulte entretenida a la hora de ser escuchada, pero tambi\u00e9n, con buenos arreglos y un enfoque en las letras de cada canci\u00f3n\u201d<\/strong>.<\/p>\n\n\n\n<p>Cabe destacar, que&nbsp;<strong>Rafa&nbsp;<\/strong>cuenta con una importante y destacada trayectoria musical, su inigualable voz, lo ha llevado a recorrer importantes escenarios nacionales y a ser parte de programas de talentos televisivos como en&nbsp;<strong>\u201cYo Soy\u201d y \u201cThe Voice Chile,<\/strong>&nbsp;en este&nbsp;\u00faltimo, logrando una notable participaci\u00f3n\u201d, con su d<strong>epurada t\u00e9cnica vocal y versatilidad con propuestas sonoras del pop.<\/strong><br><br>El bello videoclip de&nbsp;<a href=\"https:\/\/open.spotify.com\/intl-es\/track\/2w8aIsTtkiYpGNK8zTHY1Z?si=e44a224ec42f48ef\">&#8220;Te Necesito&#8221;<\/a>,&nbsp;cont\u00f3 con el trabajo&nbsp;<strong>creativo, direcci\u00f3n y producci\u00f3n de&nbsp;Ariel C\u00eba Parra<\/strong>&nbsp;y la&nbsp;<strong>actuaci\u00f3n&nbsp;especial de Rafa Dami\u00e1n<\/strong>&nbsp;junto a la&nbsp;<strong>actriz y bailarina nacional Tania Donoso&nbsp;<\/strong>y&nbsp;con la participaci\u00f3n de&nbsp;<strong>Am\u00e9rica Paz, reconocida bajista chilena<\/strong>.&nbsp;Mientras que la post&nbsp;<strong>producci\u00f3n musical, mezcla y masterizaci\u00f3n,<\/strong>&nbsp;estuvo a cargo&nbsp;del destacado&nbsp;<strong>ingeniero en sonido<\/strong>&nbsp;<strong>Mariano P\u00e1vez<\/strong>. Adem\u00e1s, parte de la im\u00e1genes del videoclip, fueron grabadas por el estacado&nbsp;cineasta nacional&nbsp;<strong>\u00c1lvaro Pruneda&nbsp;<\/strong>en un concierto que el m\u00fasico realiz\u00f3&nbsp;en el m\u00edtico&nbsp;bar&nbsp;<strong>El Clan<\/strong>&nbsp;de Santiago.&nbsp;<\/p>\n\n\n\n<figure class=\"wp-block-embed is-type-video is-provider-youtube wp-block-embed-youtube wp-embed-aspect-16-9 wp-has-aspect-ratio\"><div class=\"wp-block-embed__wrapper\">\n<div class=\"epyt-video-wrapper\"><iframe loading=\"lazy\"  id=\"_ytid_62120\"  width=\"800\" height=\"450\"  data-origwidth=\"800\" data-origheight=\"450\" src=\"https:\/\/www.youtube.com\/embed\/mHYIkZxhhVI?enablejsapi=1&#038;autoplay=0&#038;cc_load_policy=0&#038;cc_lang_pref=&#038;iv_load_policy=1&#038;loop=0&#038;rel=1&#038;fs=1&#038;playsinline=0&#038;autohide=2&#038;theme=dark&#038;color=red&#038;controls=1&#038;disablekb=0&#038;\" class=\"__youtube_prefs__  epyt-is-override  no-lazyload\" title=\"YouTube player\"  allow=\"fullscreen; accelerometer; autoplay; clipboard-write; encrypted-media; gyroscope; picture-in-picture; web-share\" referrerpolicy=\"strict-origin-when-cross-origin\" allowfullscreen data-no-lazy=\"1\" data-skipgform_ajax_framebjll=\"\"><\/iframe><\/div>\n<\/div><\/figure>\n","protected":false},"excerpt":{"rendered":"<div class=\"pvc_clear\"><\/div>\n<p id=\"pvc_stats_46008\" class=\"pvc_stats total_only  \" data-element-id=\"46008\" style=\"\"><i class=\"pvc-stats-icon large\" aria-hidden=\"true\"><svg aria-hidden=\"true\" focusable=\"false\" data-prefix=\"far\" data-icon=\"chart-bar\" role=\"img\" xmlns=\"http:\/\/www.w3.org\/2000\/svg\" viewBox=\"0 0 512 512\" class=\"svg-inline--fa fa-chart-bar fa-w-16 fa-2x\"><path fill=\"currentColor\" d=\"M396.8 352h22.4c6.4 0 12.8-6.4 12.8-12.8V108.8c0-6.4-6.4-12.8-12.8-12.8h-22.4c-6.4 0-12.8 6.4-12.8 12.8v230.4c0 6.4 6.4 12.8 12.8 12.8zm-192 0h22.4c6.4 0 12.8-6.4 12.8-12.8V140.8c0-6.4-6.4-12.8-12.8-12.8h-22.4c-6.4 0-12.8 6.4-12.8 12.8v198.4c0 6.4 6.4 12.8 12.8 12.8zm96 0h22.4c6.4 0 12.8-6.4 12.8-12.8V204.8c0-6.4-6.4-12.8-12.8-12.8h-22.4c-6.4 0-12.8 6.4-12.8 12.8v134.4c0 6.4 6.4 12.8 12.8 12.8zM496 400H48V80c0-8.84-7.16-16-16-16H16C7.16 64 0 71.16 0 80v336c0 17.67 14.33 32 32 32h464c8.84 0 16-7.16 16-16v-16c0-8.84-7.16-16-16-16zm-387.2-48h22.4c6.4 0 12.8-6.4 12.8-12.8v-70.4c0-6.4-6.4-12.8-12.8-12.8h-22.4c-6.4 0-12.8 6.4-12.8 12.8v70.4c0 6.4 6.4 12.8 12.8 12.8z\" class=\"\"><\/path><\/svg><\/i> <img loading=\"lazy\" decoding=\"async\" width=\"16\" height=\"16\" alt=\"Loading\" src=\"https:\/\/temucotelevision.cl\/web\/wp-content\/plugins\/page-views-count\/ajax-loader-2x.gif\" border=0 \/><\/p>\n<div class=\"pvc_clear\"><\/div>\n<p>El artista nacional deslumbra a sus seguidores con una propuesta creativa, en la que explota distintas facetas, en un logrado<\/p>\n","protected":false},"author":143,"featured_media":46009,"comment_status":"open","ping_status":"open","sticky":false,"template":"","format":"standard","meta":{"colormag_page_container_layout":"default_layout","colormag_page_sidebar_layout":"default_layout","footnotes":""},"categories":[369],"tags":[],"class_list":["post-46008","post","type-post","status-publish","format-standard","has-post-thumbnail","hentry","category-musica"],"a3_pvc":{"activated":true,"total_views":963,"today_views":0},"_links":{"self":[{"href":"https:\/\/temucotelevision.cl\/web\/wp-json\/wp\/v2\/posts\/46008","targetHints":{"allow":["GET"]}}],"collection":[{"href":"https:\/\/temucotelevision.cl\/web\/wp-json\/wp\/v2\/posts"}],"about":[{"href":"https:\/\/temucotelevision.cl\/web\/wp-json\/wp\/v2\/types\/post"}],"author":[{"embeddable":true,"href":"https:\/\/temucotelevision.cl\/web\/wp-json\/wp\/v2\/users\/143"}],"replies":[{"embeddable":true,"href":"https:\/\/temucotelevision.cl\/web\/wp-json\/wp\/v2\/comments?post=46008"}],"version-history":[{"count":4,"href":"https:\/\/temucotelevision.cl\/web\/wp-json\/wp\/v2\/posts\/46008\/revisions"}],"predecessor-version":[{"id":46044,"href":"https:\/\/temucotelevision.cl\/web\/wp-json\/wp\/v2\/posts\/46008\/revisions\/46044"}],"wp:featuredmedia":[{"embeddable":true,"href":"https:\/\/temucotelevision.cl\/web\/wp-json\/wp\/v2\/media\/46009"}],"wp:attachment":[{"href":"https:\/\/temucotelevision.cl\/web\/wp-json\/wp\/v2\/media?parent=46008"}],"wp:term":[{"taxonomy":"category","embeddable":true,"href":"https:\/\/temucotelevision.cl\/web\/wp-json\/wp\/v2\/categories?post=46008"},{"taxonomy":"post_tag","embeddable":true,"href":"https:\/\/temucotelevision.cl\/web\/wp-json\/wp\/v2\/tags?post=46008"}],"curies":[{"name":"wp","href":"https:\/\/api.w.org\/{rel}","templated":true}]}}