{"id":46000,"date":"2023-11-06T20:58:48","date_gmt":"2023-11-06T23:58:48","guid":{"rendered":"https:\/\/temucotelevision.cl\/web\/?p=46000"},"modified":"2023-11-06T20:58:49","modified_gmt":"2023-11-06T23:58:49","slug":"con-diversas-actividades-pucon-conmemora-el-mes-de-las-montanas-y-rios-limpios-2023","status":"publish","type":"post","link":"https:\/\/temucotelevision.cl\/web\/2023\/11\/06\/con-diversas-actividades-pucon-conmemora-el-mes-de-las-montanas-y-rios-limpios-2023\/","title":{"rendered":"Con diversas actividades Puc\u00f3n conmemora el mes de las monta\u00f1as y r\u00edos limpios 2023"},"content":{"rendered":"<div class=\"pvc_clear\"><\/div><p id=\"pvc_stats_46000\" class=\"pvc_stats total_only  \" data-element-id=\"46000\" style=\"\"><i class=\"pvc-stats-icon large\" aria-hidden=\"true\"><svg aria-hidden=\"true\" focusable=\"false\" data-prefix=\"far\" data-icon=\"chart-bar\" role=\"img\" xmlns=\"http:\/\/www.w3.org\/2000\/svg\" viewBox=\"0 0 512 512\" class=\"svg-inline--fa fa-chart-bar fa-w-16 fa-2x\"><path fill=\"currentColor\" d=\"M396.8 352h22.4c6.4 0 12.8-6.4 12.8-12.8V108.8c0-6.4-6.4-12.8-12.8-12.8h-22.4c-6.4 0-12.8 6.4-12.8 12.8v230.4c0 6.4 6.4 12.8 12.8 12.8zm-192 0h22.4c6.4 0 12.8-6.4 12.8-12.8V140.8c0-6.4-6.4-12.8-12.8-12.8h-22.4c-6.4 0-12.8 6.4-12.8 12.8v198.4c0 6.4 6.4 12.8 12.8 12.8zm96 0h22.4c6.4 0 12.8-6.4 12.8-12.8V204.8c0-6.4-6.4-12.8-12.8-12.8h-22.4c-6.4 0-12.8 6.4-12.8 12.8v134.4c0 6.4 6.4 12.8 12.8 12.8zM496 400H48V80c0-8.84-7.16-16-16-16H16C7.16 64 0 71.16 0 80v336c0 17.67 14.33 32 32 32h464c8.84 0 16-7.16 16-16v-16c0-8.84-7.16-16-16-16zm-387.2-48h22.4c6.4 0 12.8-6.4 12.8-12.8v-70.4c0-6.4-6.4-12.8-12.8-12.8h-22.4c-6.4 0-12.8 6.4-12.8 12.8v70.4c0 6.4 6.4 12.8 12.8 12.8z\" class=\"\"><\/path><\/svg><\/i> <img loading=\"lazy\" decoding=\"async\" width=\"16\" height=\"16\" alt=\"Loading\" src=\"https:\/\/temucotelevision.cl\/web\/wp-content\/plugins\/page-views-count\/ajax-loader-2x.gif\" border=0 \/><\/p><div class=\"pvc_clear\"><\/div>\n<p>Noviembre ha sido el mes de las Monta\u00f1as y R\u00edos Limpios en Puc\u00f3n, donde los vecinos de la zona lacustre participan de diferentes actividades que ya est\u00e1n planificadas para toda la familia.<\/p>\n\n\n\n<p>La actividad es organizada por la Direcci\u00f3n de Aseo, Ornato y Medio Ambiente (DAOMA) de la Municipalidad de Puc\u00f3n, y tiene como prop\u00f3sito resguardar y proteger los entornos naturales, as\u00ed evitando la contaminaci\u00f3n y a la vez crear conciencia con la comunidad sobre la importancia de mantener limpios los espacios naturales.<\/p>\n\n\n\n<p>M\u00f3nica Pinaud, profesional de DAOMA, se\u00f1al\u00f3 que \u201cen noviembre celebramos el mes de las monta\u00f1as y r\u00edos limpios, en el cual comenzamos la semana, con el lunes 13 de noviembre con las limpiezas de playas en el sector Caburgua y Puc\u00f3n, desde las 9.30 de la ma\u00f1ana. Invitamos a todos los colegios que est\u00e9n en el lugar y que puedan ir con sus alumnos a apoyarnos en la limpieza donde tambi\u00e9n participan los alumnos de la Universidad de La Frontera, Boteros y Fundaci\u00f3n Ra\u00edces, haciendo limpiezas en el borde del humedal. As\u00ed que los dejamos a todos cordialmente invitados a participar de estas actividades, tambi\u00e9n pueden hacernos consultas en nuestras redes sociales y adem\u00e1s est\u00e1n los calendarios para que se informen de los horarios y lugares que nos vamos a encontrar\u201d.<\/p>\n\n\n\n<p>La semana inicia con la primera actividad llamada \u201cLimpieza de Playas\u201d, que se realizar\u00e1 el lunes 13, en la Playa Grande de Puc\u00f3n, sector La Poza y en la costanera de la Playa Caburgua, a las 09.30 horas. Continuando con el martes 14 \u201cLimpieza de Monta\u00f1as\u201d, en el Volc\u00e1n Villarrica- sector Play\u00f3n, a las 14.00 horas. Durante el mi\u00e9rcoles 15 y jueves 16, se llevar\u00e1 a cabo \u201cLimpieza de R\u00edos\u201d, en el r\u00edo Trancura, desde la Balsa Vieja a la Playa Grande, y al otro d\u00eda, en el r\u00edo Trancura, desde Metre\u00f1ehue a Balsa Vieja (Quelhue), a las 09.00 horas. Y Finalmente, viernes 17 y s\u00e1bado 18 de noviembre la \u201cCampa\u00f1a de Reciclaje Electr\u00f3nico\u201d, en el Frontis de la Municipalidad de Puc\u00f3n, de 10.00 a 14.00 horas.<\/p>\n\n\n\n<p>Todas estas acciones pretenden generar una mayor conciencia y un compromiso por un Puc\u00f3n m\u00e1s limpio sin microbasurales en la zona lacustre. Para mayor informaci\u00f3n el tel\u00e9fono es 452888005 o al mail&nbsp;<a href=\"mailto:uambiente@municipalidadpucon.cl\" target=\"_blank\" rel=\"noreferrer noopener\">uambiente@municipalidadpucon.cl<\/a><\/p>\n\n\n\n<p><strong>Entretenidas actividades para toda la familia:<\/strong><\/p>\n\n\n\n<p>Cabe mencionar que tambi\u00e9n se realizar\u00e1n jornadas de esparcimientos deportivos y culturales, como por ejemplo el Campeonato Panamericano de Orientaci\u00f3n que se realizar\u00e1 el viernes 10 en Puc\u00f3n, el viernes 17 se llevar\u00e1 a cabo Puc\u00f3n River Fest con los mejores exponentes nacionales e internacionales de Kayak en el sector Palgu\u00edn Alto. Adem\u00e1s, se efectuar\u00e1 la quinta fecha del Campeonato Regional de MTB, agendada para el domingo 26 en la cancha Trailenco, a las 08.00 horas. Asimismo, se invita a toda la comunidad y turistas a participar de la Feria de la Primavera 2023, el viernes 17 y s\u00e1bado 18, en el Frontis Municipal desde el mediod\u00eda.<\/p>\n\n\n\n<p>A su vez el mi\u00e9rcoles 22 contaremos con la presencia del Concierto D\u00eda del M\u00fasico Santa Cecilia, que se efectuar\u00e1 en la Plaza de Armas de Puc\u00f3n, a las 19.00 horas. Para el jueves 23 est\u00e1 contemplado el Carnaval de la Primavera el cual se desplegar\u00e1 por las distintas calles de Puc\u00f3n para culminar en la Plaza de Armas con la presentaci\u00f3n con la presentaci\u00f3n del grupo infantil Mazap\u00e1n.<\/p>\n\n\n\n<p>Estas son parte de un gran calendario de actividades que el Municipio de Puc\u00f3n tiene preparado para este mes de Noviembre, el de Las Monta\u00f1as y R\u00edos Limpios.<\/p>\n","protected":false},"excerpt":{"rendered":"<div class=\"pvc_clear\"><\/div>\n<p id=\"pvc_stats_46000\" class=\"pvc_stats total_only  \" data-element-id=\"46000\" style=\"\"><i class=\"pvc-stats-icon large\" aria-hidden=\"true\"><svg aria-hidden=\"true\" focusable=\"false\" data-prefix=\"far\" data-icon=\"chart-bar\" role=\"img\" xmlns=\"http:\/\/www.w3.org\/2000\/svg\" viewBox=\"0 0 512 512\" class=\"svg-inline--fa fa-chart-bar fa-w-16 fa-2x\"><path fill=\"currentColor\" d=\"M396.8 352h22.4c6.4 0 12.8-6.4 12.8-12.8V108.8c0-6.4-6.4-12.8-12.8-12.8h-22.4c-6.4 0-12.8 6.4-12.8 12.8v230.4c0 6.4 6.4 12.8 12.8 12.8zm-192 0h22.4c6.4 0 12.8-6.4 12.8-12.8V140.8c0-6.4-6.4-12.8-12.8-12.8h-22.4c-6.4 0-12.8 6.4-12.8 12.8v198.4c0 6.4 6.4 12.8 12.8 12.8zm96 0h22.4c6.4 0 12.8-6.4 12.8-12.8V204.8c0-6.4-6.4-12.8-12.8-12.8h-22.4c-6.4 0-12.8 6.4-12.8 12.8v134.4c0 6.4 6.4 12.8 12.8 12.8zM496 400H48V80c0-8.84-7.16-16-16-16H16C7.16 64 0 71.16 0 80v336c0 17.67 14.33 32 32 32h464c8.84 0 16-7.16 16-16v-16c0-8.84-7.16-16-16-16zm-387.2-48h22.4c6.4 0 12.8-6.4 12.8-12.8v-70.4c0-6.4-6.4-12.8-12.8-12.8h-22.4c-6.4 0-12.8 6.4-12.8 12.8v70.4c0 6.4 6.4 12.8 12.8 12.8z\" class=\"\"><\/path><\/svg><\/i> <img loading=\"lazy\" decoding=\"async\" width=\"16\" height=\"16\" alt=\"Loading\" src=\"https:\/\/temucotelevision.cl\/web\/wp-content\/plugins\/page-views-count\/ajax-loader-2x.gif\" border=0 \/><\/p>\n<div class=\"pvc_clear\"><\/div>\n<p>Noviembre ha sido el mes de las Monta\u00f1as y R\u00edos Limpios en Puc\u00f3n, donde los vecinos de la zona lacustre<\/p>\n","protected":false},"author":1,"featured_media":46001,"comment_status":"open","ping_status":"open","sticky":false,"template":"","format":"standard","meta":{"colormag_page_container_layout":"default_layout","colormag_page_sidebar_layout":"default_layout","footnotes":""},"categories":[15],"tags":[1072,161,5051],"class_list":["post-46000","post","type-post","status-publish","format-standard","has-post-thumbnail","hentry","category-la-araucania","tag-mes","tag-pucon","tag-rios"],"a3_pvc":{"activated":true,"total_views":1118,"today_views":0},"_links":{"self":[{"href":"https:\/\/temucotelevision.cl\/web\/wp-json\/wp\/v2\/posts\/46000","targetHints":{"allow":["GET"]}}],"collection":[{"href":"https:\/\/temucotelevision.cl\/web\/wp-json\/wp\/v2\/posts"}],"about":[{"href":"https:\/\/temucotelevision.cl\/web\/wp-json\/wp\/v2\/types\/post"}],"author":[{"embeddable":true,"href":"https:\/\/temucotelevision.cl\/web\/wp-json\/wp\/v2\/users\/1"}],"replies":[{"embeddable":true,"href":"https:\/\/temucotelevision.cl\/web\/wp-json\/wp\/v2\/comments?post=46000"}],"version-history":[{"count":1,"href":"https:\/\/temucotelevision.cl\/web\/wp-json\/wp\/v2\/posts\/46000\/revisions"}],"predecessor-version":[{"id":46002,"href":"https:\/\/temucotelevision.cl\/web\/wp-json\/wp\/v2\/posts\/46000\/revisions\/46002"}],"wp:featuredmedia":[{"embeddable":true,"href":"https:\/\/temucotelevision.cl\/web\/wp-json\/wp\/v2\/media\/46001"}],"wp:attachment":[{"href":"https:\/\/temucotelevision.cl\/web\/wp-json\/wp\/v2\/media?parent=46000"}],"wp:term":[{"taxonomy":"category","embeddable":true,"href":"https:\/\/temucotelevision.cl\/web\/wp-json\/wp\/v2\/categories?post=46000"},{"taxonomy":"post_tag","embeddable":true,"href":"https:\/\/temucotelevision.cl\/web\/wp-json\/wp\/v2\/tags?post=46000"}],"curies":[{"name":"wp","href":"https:\/\/api.w.org\/{rel}","templated":true}]}}