{"id":45996,"date":"2023-11-06T11:01:45","date_gmt":"2023-11-06T14:01:45","guid":{"rendered":"https:\/\/temucotelevision.cl\/web\/?p=45996"},"modified":"2023-11-06T11:01:46","modified_gmt":"2023-11-06T14:01:46","slug":"general-jefe-de-zona-araucania-manuel-cifuentes-teniente-merino-un-ejemplo-de-valentia-y-amor-por-chile","status":"publish","type":"post","link":"https:\/\/temucotelevision.cl\/web\/2023\/11\/06\/general-jefe-de-zona-araucania-manuel-cifuentes-teniente-merino-un-ejemplo-de-valentia-y-amor-por-chile\/","title":{"rendered":"General Jefe de Zona Araucan\u00eda, Manuel Cifuentes: &#8220;Teniente Merino, un ejemplo de valent\u00eda y amor por Chile&#8221;"},"content":{"rendered":"<div class=\"pvc_clear\"><\/div><p id=\"pvc_stats_45996\" class=\"pvc_stats total_only  \" data-element-id=\"45996\" style=\"\"><i class=\"pvc-stats-icon large\" aria-hidden=\"true\"><svg aria-hidden=\"true\" focusable=\"false\" data-prefix=\"far\" data-icon=\"chart-bar\" role=\"img\" xmlns=\"http:\/\/www.w3.org\/2000\/svg\" viewBox=\"0 0 512 512\" class=\"svg-inline--fa fa-chart-bar fa-w-16 fa-2x\"><path fill=\"currentColor\" d=\"M396.8 352h22.4c6.4 0 12.8-6.4 12.8-12.8V108.8c0-6.4-6.4-12.8-12.8-12.8h-22.4c-6.4 0-12.8 6.4-12.8 12.8v230.4c0 6.4 6.4 12.8 12.8 12.8zm-192 0h22.4c6.4 0 12.8-6.4 12.8-12.8V140.8c0-6.4-6.4-12.8-12.8-12.8h-22.4c-6.4 0-12.8 6.4-12.8 12.8v198.4c0 6.4 6.4 12.8 12.8 12.8zm96 0h22.4c6.4 0 12.8-6.4 12.8-12.8V204.8c0-6.4-6.4-12.8-12.8-12.8h-22.4c-6.4 0-12.8 6.4-12.8 12.8v134.4c0 6.4 6.4 12.8 12.8 12.8zM496 400H48V80c0-8.84-7.16-16-16-16H16C7.16 64 0 71.16 0 80v336c0 17.67 14.33 32 32 32h464c8.84 0 16-7.16 16-16v-16c0-8.84-7.16-16-16-16zm-387.2-48h22.4c6.4 0 12.8-6.4 12.8-12.8v-70.4c0-6.4-6.4-12.8-12.8-12.8h-22.4c-6.4 0-12.8 6.4-12.8 12.8v70.4c0 6.4 6.4 12.8 12.8 12.8z\" class=\"\"><\/path><\/svg><\/i> <img loading=\"lazy\" decoding=\"async\" width=\"16\" height=\"16\" alt=\"Loading\" src=\"https:\/\/temucotelevision.cl\/web\/wp-content\/plugins\/page-views-count\/ajax-loader-2x.gif\" border=0 \/><\/p><div class=\"pvc_clear\"><\/div>\n<p>Hoy, 6 de noviembre de 2023, se cumplen 58 a\u00f1os del fallecimiento del Teniente Hern\u00e1n Merino Correa en la zona de Laguna del Desierto mientras defend\u00eda la soberan\u00eda nacional, por lo que, en un nuevo aniversario de su muerte, como Carabineros Zona Araucan\u00eda rendimos homenaje a su loable figura y eterno legado de entrega, sacrificio y amor a la patria.<\/p>\n\n\n\n<p>Hern\u00e1n del Carmen Francisco Merino Correa naci\u00f3 en Antofagasta, el 17 de julio de 1936, hijo de Carlos Merino Charpentier, Capit\u00e1n de Carabineros, y de Ana Correa de La Fuente, egres\u00f3 en 1957 de la Escuela de Carabineros como Subteniente, dando inicio a una destacada trayectoria.<\/p>\n\n\n\n<p>Pas\u00f3 por diferentes destinaciones y con apenas 27 a\u00f1os ya hab\u00eda protagonizado varios hechos que evidenciaron tempranamente su arrojo y valent\u00eda: en el contexto del terremoto de 1960 socorri\u00f3 a la poblaci\u00f3n de Valdivia; tambi\u00e9n, salv\u00f3 la vida de una madre y su hijo que cayeron al r\u00edo Mininco, en la regi\u00f3n del Biob\u00edo; y en Puerto Ays\u00e9n rescat\u00f3 al \u00fanico sobreviviente de un accidente a\u00e9reo, al que carg\u00f3 sobre sus hombros durante ocho horas hasta conseguir ayuda m\u00e9dica.<\/p>\n\n\n\n<p>Justamente en el extremo sur del pa\u00eds, el 6 de noviembre de 1965, dar\u00eda su \u00faltima y m\u00e1s grande muestra de valor, patriotismo y determinaci\u00f3n. En el marco de un tenso conflicto lim\u00edtrofe, en el sector de Laguna del Desierto, al acudir en apoyo de su superior, el Mayor Miguel Torres Fern\u00e1ndez, el Teniente Merino, con apenas 29 a\u00f1os, recibi\u00f3 un disparo que le provoc\u00f3 la muerte.<\/p>\n\n\n\n<p>Tras dicho acontecimiento, el pueblo de Chile sali\u00f3 a las calles para rendirle un multitudinario homenaje y brindarle una \u00faltima despedida. El Gobierno declar\u00f3 duelo nacional por tres d\u00edas; y el entonces Presidente de la Rep\u00fablica, Eduardo Frei Montalva, particip\u00f3 en la ceremonia f\u00fanebre. Por su parte, el Congreso aprob\u00f3 una ley que lo ascendi\u00f3 de manera p\u00f3stuma al grado de General.<\/p>\n\n\n\n<p>Un Oficial de Carabineros que a trav\u00e9s del tiempo forjar\u00eda vocaci\u00f3n de servicio p\u00fablico, entrega, compromiso y profesionalismo m\u00e1s all\u00e1 del deber, valores que nosotros como Zona Araucan\u00eda y Zona Control de Orden P\u00fablico llevamos marcados a fuego; la entrega innegable y el compromiso que caracteriza a cada uno de nosotros son las virtudes que alg\u00fan d\u00eda el Teniente Merino hiciera carne, al dar su vida en pos de la seguridad de Chile.<\/p>\n\n\n\n<p>Tal como lo enfatiza el Manual de Doctrina y C\u00f3digo de \u00c9tica de Carabineros, \u201cfalleci\u00f3 el oficial de la instituci\u00f3n, pero naci\u00f3 el \u00fanico h\u00e9roe chileno del Siglo XX. Un hombre que rindi\u00f3 su vida en defensa de la soberan\u00eda nacional y que es un ejemplo de entrega, valent\u00eda, honor, vocaci\u00f3n y amor a su pa\u00eds\u201d.<\/p>\n\n\n\n<p>Siendo la historia del Teniente Merino, un ejemplo de valent\u00eda y amor por Chile, como General Jefe de Zona Araucan\u00eda me permito destacar su historia y su legado, que perdura hasta hoy en cada Carabinero y Carabinera desplegado en todos los rincones de nuestra hermosa regi\u00f3n, siendo una fuente de inspiraci\u00f3n inagotable para el desarrollo de la misi\u00f3n desplegada en sus 32 comunas y, m\u00e1s todav\u00eda, para quienes desempe\u00f1an labores en zonas lim\u00edtrofes y cordilleranas en el marco del resguardo de las fronteras nacionales y en el cumplimiento del rol de integraci\u00f3n nacional.<\/p>\n","protected":false},"excerpt":{"rendered":"<div class=\"pvc_clear\"><\/div>\n<p id=\"pvc_stats_45996\" class=\"pvc_stats total_only  \" data-element-id=\"45996\" style=\"\"><i class=\"pvc-stats-icon large\" aria-hidden=\"true\"><svg aria-hidden=\"true\" focusable=\"false\" data-prefix=\"far\" data-icon=\"chart-bar\" role=\"img\" xmlns=\"http:\/\/www.w3.org\/2000\/svg\" viewBox=\"0 0 512 512\" class=\"svg-inline--fa fa-chart-bar fa-w-16 fa-2x\"><path fill=\"currentColor\" d=\"M396.8 352h22.4c6.4 0 12.8-6.4 12.8-12.8V108.8c0-6.4-6.4-12.8-12.8-12.8h-22.4c-6.4 0-12.8 6.4-12.8 12.8v230.4c0 6.4 6.4 12.8 12.8 12.8zm-192 0h22.4c6.4 0 12.8-6.4 12.8-12.8V140.8c0-6.4-6.4-12.8-12.8-12.8h-22.4c-6.4 0-12.8 6.4-12.8 12.8v198.4c0 6.4 6.4 12.8 12.8 12.8zm96 0h22.4c6.4 0 12.8-6.4 12.8-12.8V204.8c0-6.4-6.4-12.8-12.8-12.8h-22.4c-6.4 0-12.8 6.4-12.8 12.8v134.4c0 6.4 6.4 12.8 12.8 12.8zM496 400H48V80c0-8.84-7.16-16-16-16H16C7.16 64 0 71.16 0 80v336c0 17.67 14.33 32 32 32h464c8.84 0 16-7.16 16-16v-16c0-8.84-7.16-16-16-16zm-387.2-48h22.4c6.4 0 12.8-6.4 12.8-12.8v-70.4c0-6.4-6.4-12.8-12.8-12.8h-22.4c-6.4 0-12.8 6.4-12.8 12.8v70.4c0 6.4 6.4 12.8 12.8 12.8z\" class=\"\"><\/path><\/svg><\/i> <img loading=\"lazy\" decoding=\"async\" width=\"16\" height=\"16\" alt=\"Loading\" src=\"https:\/\/temucotelevision.cl\/web\/wp-content\/plugins\/page-views-count\/ajax-loader-2x.gif\" border=0 \/><\/p>\n<div class=\"pvc_clear\"><\/div>\n<p>Hoy, 6 de noviembre de 2023, se cumplen 58 a\u00f1os del fallecimiento del Teniente Hern\u00e1n Merino Correa en la zona<\/p>\n","protected":false},"author":1,"featured_media":45997,"comment_status":"open","ping_status":"open","sticky":false,"template":"","format":"standard","meta":{"colormag_page_container_layout":"default_layout","colormag_page_sidebar_layout":"default_layout","footnotes":""},"categories":[16],"tags":[1787,6798,3846],"class_list":["post-45996","post","type-post","status-publish","format-standard","has-post-thumbnail","hentry","category-policial","tag-general","tag-merino","tag-teniente"],"a3_pvc":{"activated":true,"total_views":3339,"today_views":0},"_links":{"self":[{"href":"https:\/\/temucotelevision.cl\/web\/wp-json\/wp\/v2\/posts\/45996","targetHints":{"allow":["GET"]}}],"collection":[{"href":"https:\/\/temucotelevision.cl\/web\/wp-json\/wp\/v2\/posts"}],"about":[{"href":"https:\/\/temucotelevision.cl\/web\/wp-json\/wp\/v2\/types\/post"}],"author":[{"embeddable":true,"href":"https:\/\/temucotelevision.cl\/web\/wp-json\/wp\/v2\/users\/1"}],"replies":[{"embeddable":true,"href":"https:\/\/temucotelevision.cl\/web\/wp-json\/wp\/v2\/comments?post=45996"}],"version-history":[{"count":1,"href":"https:\/\/temucotelevision.cl\/web\/wp-json\/wp\/v2\/posts\/45996\/revisions"}],"predecessor-version":[{"id":45998,"href":"https:\/\/temucotelevision.cl\/web\/wp-json\/wp\/v2\/posts\/45996\/revisions\/45998"}],"wp:featuredmedia":[{"embeddable":true,"href":"https:\/\/temucotelevision.cl\/web\/wp-json\/wp\/v2\/media\/45997"}],"wp:attachment":[{"href":"https:\/\/temucotelevision.cl\/web\/wp-json\/wp\/v2\/media?parent=45996"}],"wp:term":[{"taxonomy":"category","embeddable":true,"href":"https:\/\/temucotelevision.cl\/web\/wp-json\/wp\/v2\/categories?post=45996"},{"taxonomy":"post_tag","embeddable":true,"href":"https:\/\/temucotelevision.cl\/web\/wp-json\/wp\/v2\/tags?post=45996"}],"curies":[{"name":"wp","href":"https:\/\/api.w.org\/{rel}","templated":true}]}}