{"id":45991,"date":"2023-11-06T10:38:11","date_gmt":"2023-11-06T13:38:11","guid":{"rendered":"https:\/\/temucotelevision.cl\/web\/?p=45991"},"modified":"2023-11-06T10:39:16","modified_gmt":"2023-11-06T13:39:16","slug":"empresarios-turisticos-de-nahuelbuta-conocieron-experiencia-en-la-costa","status":"publish","type":"post","link":"https:\/\/temucotelevision.cl\/web\/2023\/11\/06\/empresarios-turisticos-de-nahuelbuta-conocieron-experiencia-en-la-costa\/","title":{"rendered":"Empresarios Tur\u00edsticos de Nahuelbuta conocieron experiencia en zona costera"},"content":{"rendered":"<div class=\"pvc_clear\"><\/div><p id=\"pvc_stats_45991\" class=\"pvc_stats total_only  \" data-element-id=\"45991\" style=\"\"><i class=\"pvc-stats-icon large\" aria-hidden=\"true\"><svg aria-hidden=\"true\" focusable=\"false\" data-prefix=\"far\" data-icon=\"chart-bar\" role=\"img\" xmlns=\"http:\/\/www.w3.org\/2000\/svg\" viewBox=\"0 0 512 512\" class=\"svg-inline--fa fa-chart-bar fa-w-16 fa-2x\"><path fill=\"currentColor\" d=\"M396.8 352h22.4c6.4 0 12.8-6.4 12.8-12.8V108.8c0-6.4-6.4-12.8-12.8-12.8h-22.4c-6.4 0-12.8 6.4-12.8 12.8v230.4c0 6.4 6.4 12.8 12.8 12.8zm-192 0h22.4c6.4 0 12.8-6.4 12.8-12.8V140.8c0-6.4-6.4-12.8-12.8-12.8h-22.4c-6.4 0-12.8 6.4-12.8 12.8v198.4c0 6.4 6.4 12.8 12.8 12.8zm96 0h22.4c6.4 0 12.8-6.4 12.8-12.8V204.8c0-6.4-6.4-12.8-12.8-12.8h-22.4c-6.4 0-12.8 6.4-12.8 12.8v134.4c0 6.4 6.4 12.8 12.8 12.8zM496 400H48V80c0-8.84-7.16-16-16-16H16C7.16 64 0 71.16 0 80v336c0 17.67 14.33 32 32 32h464c8.84 0 16-7.16 16-16v-16c0-8.84-7.16-16-16-16zm-387.2-48h22.4c6.4 0 12.8-6.4 12.8-12.8v-70.4c0-6.4-6.4-12.8-12.8-12.8h-22.4c-6.4 0-12.8 6.4-12.8 12.8v70.4c0 6.4 6.4 12.8 12.8 12.8z\" class=\"\"><\/path><\/svg><\/i> <img loading=\"lazy\" decoding=\"async\" width=\"16\" height=\"16\" alt=\"Loading\" src=\"https:\/\/temucotelevision.cl\/web\/wp-content\/plugins\/page-views-count\/ajax-loader-2x.gif\" border=0 \/><\/p><div class=\"pvc_clear\"><\/div>\n<p><strong>Durante 2 d\u00edas, emprendedores tur\u00edsticos visitaron a sus pares de la costa y conocieron servicios gastron\u00f3micos, hoteler\u00eda y experiencias para visitantes.<\/strong><\/p>\n\n\n\n<p>El Humedal de Monkul, el&nbsp; barrio gastron\u00f3mico de queule y playa maule, el caf\u00e9 literario Juvencio valle de Nueva Imperial, todos estos espacios de la costa fueron parte del recorrido tur\u00edstico realizado por el Programa Estrat\u00e9gico Regional (PER) Nahuelbuta Costa Araucan\u00eda de Corfo, cuyo principal objetivo fue conectar a emprendedores de las ambas zonas que son parte del PER.<\/p>\n\n\n\n<p>El seremi de Econom\u00eda Nelson Curi\u00f1ir destac\u00f3 estas experiencias de intercambio y la importancia que ha tomado el PER de Corfo para el mejoramiento de la gesti\u00f3n tur\u00edstica de las zonas.<\/p>\n\n\n\n<p>\u201cEste viaje consiste en un intercambio de experiencias en que empresarios de Nahuelbuta se trasladan hasta la costa para conocer otras realidades, para aprender de negocios qu\u00e9, en muchos casos, son exitosos. Esto permite que implementen las buenas pr\u00e1cticas y mejoren sus servicios.\u201d<\/p>\n\n\n\n<p>Juan Burgos subdirector regional de Corfo Araucan\u00eda tambi\u00e9n valor\u00f3 la iniciativa que espera obtenga resultados importantes para ambas zonas.<\/p>\n\n\n\n<p>\u201cLa idea es que ellos se puedan conocer e intercambiar informaci\u00f3n que les permita a cada uno ir mejorando sus gestiones. Es un viaje de dos d\u00edas donde van a realizar visitas a distintos sectores, y todo eso son experiencias que deben recoger y aplicar en sus actividades.\u201d<\/p>\n\n\n\n<p>Sebastian Jara de Angol, que tiene una agencia tour operadora en la zona agradeci\u00f3 la invitaci\u00f3n que le permiti\u00f3 conocer otras realidades. \u201cNosotros estamos en un proceso de articulaci\u00f3n con dem\u00e1s actores del turismo principalmente en Nahuelbuta, pero tambi\u00e9n con la costa, y esta invitaci\u00f3n fue muy oportuna. Muy agradecidos por la invitaci\u00f3n, no lo pensamos dos veces y participamos. Desde que llegamos ha habido mucho aprendizaje, cosas que luego esperamos replicar en nuestro destino.\u201d<\/p>\n\n\n\n<p>El viaje de dos d\u00edas tambi\u00e9n incluy\u00f3 una visita al Lof Llaguepulli, estad\u00eda en el Lodge Puerto Koupo y los traslados de los casi 20 emprendedores que participaron en este viaje denominado Programa de Transferencia Tecnol\u00f3gica entre Empresas y que fue totalmente gratuito para los beneficiados.<\/p>\n\n\n\n<figure class=\"wp-block-image size-large\"><img loading=\"lazy\" decoding=\"async\" width=\"1024\" height=\"576\" src=\"https:\/\/temucotelevision.cl\/web\/wp-content\/uploads\/2023\/11\/foto20-1024x576.jpg\" alt=\"\" class=\"wp-image-45993\" srcset=\"https:\/\/temucotelevision.cl\/web\/wp-content\/uploads\/2023\/11\/foto20-1024x576.jpg 1024w, https:\/\/temucotelevision.cl\/web\/wp-content\/uploads\/2023\/11\/foto20-768x432.jpg 768w, https:\/\/temucotelevision.cl\/web\/wp-content\/uploads\/2023\/11\/foto20-1536x864.jpg 1536w, https:\/\/temucotelevision.cl\/web\/wp-content\/uploads\/2023\/11\/foto20.jpg 1920w\" sizes=\"auto, (max-width: 1024px) 100vw, 1024px\" \/><\/figure>\n","protected":false},"excerpt":{"rendered":"<div class=\"pvc_clear\"><\/div>\n<p id=\"pvc_stats_45991\" class=\"pvc_stats total_only  \" data-element-id=\"45991\" style=\"\"><i class=\"pvc-stats-icon large\" aria-hidden=\"true\"><svg aria-hidden=\"true\" focusable=\"false\" data-prefix=\"far\" data-icon=\"chart-bar\" role=\"img\" xmlns=\"http:\/\/www.w3.org\/2000\/svg\" viewBox=\"0 0 512 512\" class=\"svg-inline--fa fa-chart-bar fa-w-16 fa-2x\"><path fill=\"currentColor\" d=\"M396.8 352h22.4c6.4 0 12.8-6.4 12.8-12.8V108.8c0-6.4-6.4-12.8-12.8-12.8h-22.4c-6.4 0-12.8 6.4-12.8 12.8v230.4c0 6.4 6.4 12.8 12.8 12.8zm-192 0h22.4c6.4 0 12.8-6.4 12.8-12.8V140.8c0-6.4-6.4-12.8-12.8-12.8h-22.4c-6.4 0-12.8 6.4-12.8 12.8v198.4c0 6.4 6.4 12.8 12.8 12.8zm96 0h22.4c6.4 0 12.8-6.4 12.8-12.8V204.8c0-6.4-6.4-12.8-12.8-12.8h-22.4c-6.4 0-12.8 6.4-12.8 12.8v134.4c0 6.4 6.4 12.8 12.8 12.8zM496 400H48V80c0-8.84-7.16-16-16-16H16C7.16 64 0 71.16 0 80v336c0 17.67 14.33 32 32 32h464c8.84 0 16-7.16 16-16v-16c0-8.84-7.16-16-16-16zm-387.2-48h22.4c6.4 0 12.8-6.4 12.8-12.8v-70.4c0-6.4-6.4-12.8-12.8-12.8h-22.4c-6.4 0-12.8 6.4-12.8 12.8v70.4c0 6.4 6.4 12.8 12.8 12.8z\" class=\"\"><\/path><\/svg><\/i> <img loading=\"lazy\" decoding=\"async\" width=\"16\" height=\"16\" alt=\"Loading\" src=\"https:\/\/temucotelevision.cl\/web\/wp-content\/plugins\/page-views-count\/ajax-loader-2x.gif\" border=0 \/><\/p>\n<div class=\"pvc_clear\"><\/div>\n<p>Durante 2 d\u00edas, emprendedores tur\u00edsticos visitaron a sus pares de la costa y conocieron servicios gastron\u00f3micos, hoteler\u00eda y experiencias para<\/p>\n","protected":false},"author":1,"featured_media":45992,"comment_status":"open","ping_status":"open","sticky":false,"template":"","format":"standard","meta":{"colormag_page_container_layout":"default_layout","colormag_page_sidebar_layout":"default_layout","footnotes":""},"categories":[15],"tags":[261,493,94],"class_list":["post-45991","post","type-post","status-publish","format-standard","has-post-thumbnail","hentry","category-la-araucania","tag-costa","tag-empresarios","tag-turismo"],"a3_pvc":{"activated":true,"total_views":1119,"today_views":0},"_links":{"self":[{"href":"https:\/\/temucotelevision.cl\/web\/wp-json\/wp\/v2\/posts\/45991","targetHints":{"allow":["GET"]}}],"collection":[{"href":"https:\/\/temucotelevision.cl\/web\/wp-json\/wp\/v2\/posts"}],"about":[{"href":"https:\/\/temucotelevision.cl\/web\/wp-json\/wp\/v2\/types\/post"}],"author":[{"embeddable":true,"href":"https:\/\/temucotelevision.cl\/web\/wp-json\/wp\/v2\/users\/1"}],"replies":[{"embeddable":true,"href":"https:\/\/temucotelevision.cl\/web\/wp-json\/wp\/v2\/comments?post=45991"}],"version-history":[{"count":2,"href":"https:\/\/temucotelevision.cl\/web\/wp-json\/wp\/v2\/posts\/45991\/revisions"}],"predecessor-version":[{"id":45995,"href":"https:\/\/temucotelevision.cl\/web\/wp-json\/wp\/v2\/posts\/45991\/revisions\/45995"}],"wp:featuredmedia":[{"embeddable":true,"href":"https:\/\/temucotelevision.cl\/web\/wp-json\/wp\/v2\/media\/45992"}],"wp:attachment":[{"href":"https:\/\/temucotelevision.cl\/web\/wp-json\/wp\/v2\/media?parent=45991"}],"wp:term":[{"taxonomy":"category","embeddable":true,"href":"https:\/\/temucotelevision.cl\/web\/wp-json\/wp\/v2\/categories?post=45991"},{"taxonomy":"post_tag","embeddable":true,"href":"https:\/\/temucotelevision.cl\/web\/wp-json\/wp\/v2\/tags?post=45991"}],"curies":[{"name":"wp","href":"https:\/\/api.w.org\/{rel}","templated":true}]}}