{"id":45988,"date":"2023-11-06T10:32:20","date_gmt":"2023-11-06T13:32:20","guid":{"rendered":"https:\/\/temucotelevision.cl\/web\/?p=45988"},"modified":"2023-11-06T10:32:20","modified_gmt":"2023-11-06T13:32:20","slug":"con-72-escolares-se-dio-inicio-al-3er-torneo-escolar-ajedrez-del-club-ajedrez-torres-del-nielol","status":"publish","type":"post","link":"https:\/\/temucotelevision.cl\/web\/2023\/11\/06\/con-72-escolares-se-dio-inicio-al-3er-torneo-escolar-ajedrez-del-club-ajedrez-torres-del-nielol\/","title":{"rendered":"Con 72 escolares se dio inicio al 3er Torneo Escolar Ajedrez del Club Ajedrez Torres del \u00d1ielol"},"content":{"rendered":"<div class=\"pvc_clear\"><\/div><p id=\"pvc_stats_45988\" class=\"pvc_stats total_only  \" data-element-id=\"45988\" style=\"\"><i class=\"pvc-stats-icon large\" aria-hidden=\"true\"><svg aria-hidden=\"true\" focusable=\"false\" data-prefix=\"far\" data-icon=\"chart-bar\" role=\"img\" xmlns=\"http:\/\/www.w3.org\/2000\/svg\" viewBox=\"0 0 512 512\" class=\"svg-inline--fa fa-chart-bar fa-w-16 fa-2x\"><path fill=\"currentColor\" d=\"M396.8 352h22.4c6.4 0 12.8-6.4 12.8-12.8V108.8c0-6.4-6.4-12.8-12.8-12.8h-22.4c-6.4 0-12.8 6.4-12.8 12.8v230.4c0 6.4 6.4 12.8 12.8 12.8zm-192 0h22.4c6.4 0 12.8-6.4 12.8-12.8V140.8c0-6.4-6.4-12.8-12.8-12.8h-22.4c-6.4 0-12.8 6.4-12.8 12.8v198.4c0 6.4 6.4 12.8 12.8 12.8zm96 0h22.4c6.4 0 12.8-6.4 12.8-12.8V204.8c0-6.4-6.4-12.8-12.8-12.8h-22.4c-6.4 0-12.8 6.4-12.8 12.8v134.4c0 6.4 6.4 12.8 12.8 12.8zM496 400H48V80c0-8.84-7.16-16-16-16H16C7.16 64 0 71.16 0 80v336c0 17.67 14.33 32 32 32h464c8.84 0 16-7.16 16-16v-16c0-8.84-7.16-16-16-16zm-387.2-48h22.4c6.4 0 12.8-6.4 12.8-12.8v-70.4c0-6.4-6.4-12.8-12.8-12.8h-22.4c-6.4 0-12.8 6.4-12.8 12.8v70.4c0 6.4 6.4 12.8 12.8 12.8z\" class=\"\"><\/path><\/svg><\/i> <img loading=\"lazy\" decoding=\"async\" width=\"16\" height=\"16\" alt=\"Loading\" src=\"https:\/\/temucotelevision.cl\/web\/wp-content\/plugins\/page-views-count\/ajax-loader-2x.gif\" border=0 \/><\/p><div class=\"pvc_clear\"><\/div>\n<p>Con 72&nbsp; escolares de&nbsp; Temuco y la regi\u00f3n se dio inicio al tercer Torneo Escolar de Ajedrez organizado&nbsp; por el CLUB DE&nbsp; AJEDREZ&nbsp; TORRES DEL \u00d1IELOL&nbsp; DE TEMUCO.<\/p>\n\n\n\n<p>La jornada comenz\u00f3&nbsp; esta ma\u00f1ana&nbsp; en dependencias del Liceo Pablo Neruda de&nbsp; Temuco&nbsp; hasta donde llegaron los escolares pertenecientes a&nbsp; colegios&nbsp; municipales, particulares subvencionados y particulares de Temuco, &nbsp;&nbsp;con mucho entusiasmo&nbsp; a&nbsp; realizar sus mejores jugadas en las 64 casillas.<\/p>\n\n\n\n<p>La Presidenta del Club de Ajedrez Torres del \u00d1ielol, MARIA JOSE SALAZAR SERVANTI&nbsp;&nbsp; dio la bienvenida a&nbsp; los ajedrecistas, a sus padres y profesores que&nbsp; les acompa\u00f1an y agradeci\u00f3 el valioso apoyo&nbsp; de la Corporaci\u00f3n Municipal de Deportes de la Municipalidad de&nbsp; Temuco tanto para esta como todas las competencias que el Club&nbsp; realizado durante el presente a\u00f1o&nbsp; el Club que preside.<\/p>\n\n\n\n<p>La competencia&nbsp; se&nbsp; prolonga&nbsp; &nbsp;todo el d\u00eda&nbsp; y&nbsp; la&nbsp; ceremonia de premiaci\u00f3n y clausura&nbsp; est\u00e1 programada para&nbsp; las 17.45 hrs.<\/p>\n\n\n\n<p>El Juez\u00a0 general del evento es el\u00a0 \u00c1rbitro Internacional\u00a0 y Maestro Fide Lorenginis Berti Contreras\u00a0 y\u00a0 el \u00c1rbitro Adjunto \u00a0Juan Carlos Echeverr\u00eda.<\/p>\n","protected":false},"excerpt":{"rendered":"<div class=\"pvc_clear\"><\/div>\n<p id=\"pvc_stats_45988\" class=\"pvc_stats total_only  \" data-element-id=\"45988\" style=\"\"><i class=\"pvc-stats-icon large\" aria-hidden=\"true\"><svg aria-hidden=\"true\" focusable=\"false\" data-prefix=\"far\" data-icon=\"chart-bar\" role=\"img\" xmlns=\"http:\/\/www.w3.org\/2000\/svg\" viewBox=\"0 0 512 512\" class=\"svg-inline--fa fa-chart-bar fa-w-16 fa-2x\"><path fill=\"currentColor\" d=\"M396.8 352h22.4c6.4 0 12.8-6.4 12.8-12.8V108.8c0-6.4-6.4-12.8-12.8-12.8h-22.4c-6.4 0-12.8 6.4-12.8 12.8v230.4c0 6.4 6.4 12.8 12.8 12.8zm-192 0h22.4c6.4 0 12.8-6.4 12.8-12.8V140.8c0-6.4-6.4-12.8-12.8-12.8h-22.4c-6.4 0-12.8 6.4-12.8 12.8v198.4c0 6.4 6.4 12.8 12.8 12.8zm96 0h22.4c6.4 0 12.8-6.4 12.8-12.8V204.8c0-6.4-6.4-12.8-12.8-12.8h-22.4c-6.4 0-12.8 6.4-12.8 12.8v134.4c0 6.4 6.4 12.8 12.8 12.8zM496 400H48V80c0-8.84-7.16-16-16-16H16C7.16 64 0 71.16 0 80v336c0 17.67 14.33 32 32 32h464c8.84 0 16-7.16 16-16v-16c0-8.84-7.16-16-16-16zm-387.2-48h22.4c6.4 0 12.8-6.4 12.8-12.8v-70.4c0-6.4-6.4-12.8-12.8-12.8h-22.4c-6.4 0-12.8 6.4-12.8 12.8v70.4c0 6.4 6.4 12.8 12.8 12.8z\" class=\"\"><\/path><\/svg><\/i> <img loading=\"lazy\" decoding=\"async\" width=\"16\" height=\"16\" alt=\"Loading\" src=\"https:\/\/temucotelevision.cl\/web\/wp-content\/plugins\/page-views-count\/ajax-loader-2x.gif\" border=0 \/><\/p>\n<div class=\"pvc_clear\"><\/div>\n<p>Con 72&nbsp; escolares de&nbsp; Temuco y la regi\u00f3n se dio inicio al tercer Torneo Escolar de Ajedrez organizado&nbsp; por el<\/p>\n","protected":false},"author":1,"featured_media":45989,"comment_status":"open","ping_status":"open","sticky":false,"template":"","format":"standard","meta":{"colormag_page_container_layout":"default_layout","colormag_page_sidebar_layout":"default_layout","footnotes":""},"categories":[86],"tags":[3033,675,1983],"class_list":["post-45988","post","type-post","status-publish","format-standard","has-post-thumbnail","hentry","category-panoramas","tag-ajedrez","tag-club","tag-torneao"],"a3_pvc":{"activated":true,"total_views":1306,"today_views":0},"_links":{"self":[{"href":"https:\/\/temucotelevision.cl\/web\/wp-json\/wp\/v2\/posts\/45988","targetHints":{"allow":["GET"]}}],"collection":[{"href":"https:\/\/temucotelevision.cl\/web\/wp-json\/wp\/v2\/posts"}],"about":[{"href":"https:\/\/temucotelevision.cl\/web\/wp-json\/wp\/v2\/types\/post"}],"author":[{"embeddable":true,"href":"https:\/\/temucotelevision.cl\/web\/wp-json\/wp\/v2\/users\/1"}],"replies":[{"embeddable":true,"href":"https:\/\/temucotelevision.cl\/web\/wp-json\/wp\/v2\/comments?post=45988"}],"version-history":[{"count":1,"href":"https:\/\/temucotelevision.cl\/web\/wp-json\/wp\/v2\/posts\/45988\/revisions"}],"predecessor-version":[{"id":45990,"href":"https:\/\/temucotelevision.cl\/web\/wp-json\/wp\/v2\/posts\/45988\/revisions\/45990"}],"wp:featuredmedia":[{"embeddable":true,"href":"https:\/\/temucotelevision.cl\/web\/wp-json\/wp\/v2\/media\/45989"}],"wp:attachment":[{"href":"https:\/\/temucotelevision.cl\/web\/wp-json\/wp\/v2\/media?parent=45988"}],"wp:term":[{"taxonomy":"category","embeddable":true,"href":"https:\/\/temucotelevision.cl\/web\/wp-json\/wp\/v2\/categories?post=45988"},{"taxonomy":"post_tag","embeddable":true,"href":"https:\/\/temucotelevision.cl\/web\/wp-json\/wp\/v2\/tags?post=45988"}],"curies":[{"name":"wp","href":"https:\/\/api.w.org\/{rel}","templated":true}]}}