{"id":45985,"date":"2023-11-05T23:45:42","date_gmt":"2023-11-06T02:45:42","guid":{"rendered":"https:\/\/temucotelevision.cl\/web\/?p=45985"},"modified":"2023-11-06T15:41:37","modified_gmt":"2023-11-06T18:41:37","slug":"van-gogh-experience-en-easton-oulet-mall","status":"publish","type":"post","link":"https:\/\/temucotelevision.cl\/web\/2023\/11\/05\/van-gogh-experience-en-easton-oulet-mall\/","title":{"rendered":"Van Gogh Experience en Easton Oulet Mall"},"content":{"rendered":"<div class=\"pvc_clear\"><\/div><p id=\"pvc_stats_45985\" class=\"pvc_stats total_only  \" data-element-id=\"45985\" style=\"\"><i class=\"pvc-stats-icon large\" aria-hidden=\"true\"><svg aria-hidden=\"true\" focusable=\"false\" data-prefix=\"far\" data-icon=\"chart-bar\" role=\"img\" xmlns=\"http:\/\/www.w3.org\/2000\/svg\" viewBox=\"0 0 512 512\" class=\"svg-inline--fa fa-chart-bar fa-w-16 fa-2x\"><path fill=\"currentColor\" d=\"M396.8 352h22.4c6.4 0 12.8-6.4 12.8-12.8V108.8c0-6.4-6.4-12.8-12.8-12.8h-22.4c-6.4 0-12.8 6.4-12.8 12.8v230.4c0 6.4 6.4 12.8 12.8 12.8zm-192 0h22.4c6.4 0 12.8-6.4 12.8-12.8V140.8c0-6.4-6.4-12.8-12.8-12.8h-22.4c-6.4 0-12.8 6.4-12.8 12.8v198.4c0 6.4 6.4 12.8 12.8 12.8zm96 0h22.4c6.4 0 12.8-6.4 12.8-12.8V204.8c0-6.4-6.4-12.8-12.8-12.8h-22.4c-6.4 0-12.8 6.4-12.8 12.8v134.4c0 6.4 6.4 12.8 12.8 12.8zM496 400H48V80c0-8.84-7.16-16-16-16H16C7.16 64 0 71.16 0 80v336c0 17.67 14.33 32 32 32h464c8.84 0 16-7.16 16-16v-16c0-8.84-7.16-16-16-16zm-387.2-48h22.4c6.4 0 12.8-6.4 12.8-12.8v-70.4c0-6.4-6.4-12.8-12.8-12.8h-22.4c-6.4 0-12.8 6.4-12.8 12.8v70.4c0 6.4 6.4 12.8 12.8 12.8z\" class=\"\"><\/path><\/svg><\/i> <img loading=\"lazy\" decoding=\"async\" width=\"16\" height=\"16\" alt=\"Loading\" src=\"https:\/\/temucotelevision.cl\/web\/wp-content\/plugins\/page-views-count\/ajax-loader-2x.gif\" border=0 \/><\/p><div class=\"pvc_clear\"><\/div>\n<p><\/p>\n\n\n\n<p>Temuco. Evento \u00fanico en su tipo tendr\u00e1 lugar en una gran carpa situada en el estacionamiento del mall.<br> <br>Ya est\u00e1 en funcionamiento y a disposici\u00f3n del p\u00fablico una experiencia art\u00edstica incre\u00edble. Se trata de \u201cVan Gogh Immersive Art Experience\u201d. Un recorrido por las obras del reconocido pintor  Vincent Van Gogh acompa\u00f1ada de paneles explicativos, una reproducci\u00f3n real de la habitaci\u00f3n del artista inspirada en el famoso lienzo del pintor.<\/p>\n\n\n\n<p><br>Un espect\u00e1culo audiovisual de entre 50 a 60 minutos por las pinceladas, los lienzos, los paisajes, la historia y el mundo interior del maestro Van Gogh.<br><br>Privilegio<\/p>\n\n\n\n<p>\u201cEstamos felices de poder traer por primera vez a la Regi\u00f3n de La Araucan\u00eda esta increible exposicion interactiva donde grandes y chicos podr\u00e1n acercarse al arte y vivir una experiencia alucinante con luces, im\u00e1genes y colores de las obras de Van Gogh\u201d. se\u00f1al\u00f3 &nbsp;Claudia Z\u00e1rate, jefa de marketing del Easton Mall, quien anticip\u00f3 que la exposicion estar\u00e1 abierta al p\u00fablico hasta en 6 de diciembre.<\/p>\n\n\n\n<p>Los ticket est\u00e1n a la venta a trav\u00e9s del sistema www.Ticketplus.cl con entrada general cuyo valor es de 10 mil pesos.<\/p>\n\n\n\n<p>Para informaci\u00f3n se puede ingresar al sitio www.eastonmalltemuco.cl o bien acercarse al centro comercial ubicado en Rudecindo Ortega 01738 salida norte de la ciudad que est\u00e1 operando con m\u00e1s de 80 locales, incluyendo servicios como el Registro Civil, las minibodegas,  el supermercado \u201cSuper Oferta\u201d y la farmacia Municipal.<\/p>\n","protected":false},"excerpt":{"rendered":"<div class=\"pvc_clear\"><\/div>\n<p id=\"pvc_stats_45985\" class=\"pvc_stats total_only  \" data-element-id=\"45985\" style=\"\"><i class=\"pvc-stats-icon large\" aria-hidden=\"true\"><svg aria-hidden=\"true\" focusable=\"false\" data-prefix=\"far\" data-icon=\"chart-bar\" role=\"img\" xmlns=\"http:\/\/www.w3.org\/2000\/svg\" viewBox=\"0 0 512 512\" class=\"svg-inline--fa fa-chart-bar fa-w-16 fa-2x\"><path fill=\"currentColor\" d=\"M396.8 352h22.4c6.4 0 12.8-6.4 12.8-12.8V108.8c0-6.4-6.4-12.8-12.8-12.8h-22.4c-6.4 0-12.8 6.4-12.8 12.8v230.4c0 6.4 6.4 12.8 12.8 12.8zm-192 0h22.4c6.4 0 12.8-6.4 12.8-12.8V140.8c0-6.4-6.4-12.8-12.8-12.8h-22.4c-6.4 0-12.8 6.4-12.8 12.8v198.4c0 6.4 6.4 12.8 12.8 12.8zm96 0h22.4c6.4 0 12.8-6.4 12.8-12.8V204.8c0-6.4-6.4-12.8-12.8-12.8h-22.4c-6.4 0-12.8 6.4-12.8 12.8v134.4c0 6.4 6.4 12.8 12.8 12.8zM496 400H48V80c0-8.84-7.16-16-16-16H16C7.16 64 0 71.16 0 80v336c0 17.67 14.33 32 32 32h464c8.84 0 16-7.16 16-16v-16c0-8.84-7.16-16-16-16zm-387.2-48h22.4c6.4 0 12.8-6.4 12.8-12.8v-70.4c0-6.4-6.4-12.8-12.8-12.8h-22.4c-6.4 0-12.8 6.4-12.8 12.8v70.4c0 6.4 6.4 12.8 12.8 12.8z\" class=\"\"><\/path><\/svg><\/i> <img loading=\"lazy\" decoding=\"async\" width=\"16\" height=\"16\" alt=\"Loading\" src=\"https:\/\/temucotelevision.cl\/web\/wp-content\/plugins\/page-views-count\/ajax-loader-2x.gif\" border=0 \/><\/p>\n<div class=\"pvc_clear\"><\/div>\n<p>Temuco. Evento \u00fanico en su tipo tendr\u00e1 lugar en una gran carpa situada en el estacionamiento del mall. Ya est\u00e1<\/p>\n","protected":false},"author":1,"featured_media":45984,"comment_status":"open","ping_status":"open","sticky":false,"template":"","format":"standard","meta":{"colormag_page_container_layout":"default_layout","colormag_page_sidebar_layout":"default_layout","footnotes":""},"categories":[86],"tags":[],"class_list":["post-45985","post","type-post","status-publish","format-standard","has-post-thumbnail","hentry","category-panoramas"],"a3_pvc":{"activated":true,"total_views":462,"today_views":0},"_links":{"self":[{"href":"https:\/\/temucotelevision.cl\/web\/wp-json\/wp\/v2\/posts\/45985","targetHints":{"allow":["GET"]}}],"collection":[{"href":"https:\/\/temucotelevision.cl\/web\/wp-json\/wp\/v2\/posts"}],"about":[{"href":"https:\/\/temucotelevision.cl\/web\/wp-json\/wp\/v2\/types\/post"}],"author":[{"embeddable":true,"href":"https:\/\/temucotelevision.cl\/web\/wp-json\/wp\/v2\/users\/1"}],"replies":[{"embeddable":true,"href":"https:\/\/temucotelevision.cl\/web\/wp-json\/wp\/v2\/comments?post=45985"}],"version-history":[{"count":2,"href":"https:\/\/temucotelevision.cl\/web\/wp-json\/wp\/v2\/posts\/45985\/revisions"}],"predecessor-version":[{"id":45999,"href":"https:\/\/temucotelevision.cl\/web\/wp-json\/wp\/v2\/posts\/45985\/revisions\/45999"}],"wp:featuredmedia":[{"embeddable":true,"href":"https:\/\/temucotelevision.cl\/web\/wp-json\/wp\/v2\/media\/45984"}],"wp:attachment":[{"href":"https:\/\/temucotelevision.cl\/web\/wp-json\/wp\/v2\/media?parent=45985"}],"wp:term":[{"taxonomy":"category","embeddable":true,"href":"https:\/\/temucotelevision.cl\/web\/wp-json\/wp\/v2\/categories?post=45985"},{"taxonomy":"post_tag","embeddable":true,"href":"https:\/\/temucotelevision.cl\/web\/wp-json\/wp\/v2\/tags?post=45985"}],"curies":[{"name":"wp","href":"https:\/\/api.w.org\/{rel}","templated":true}]}}