{"id":45981,"date":"2023-11-04T19:38:35","date_gmt":"2023-11-04T22:38:35","guid":{"rendered":"https:\/\/temucotelevision.cl\/web\/?p=45981"},"modified":"2023-11-04T19:38:36","modified_gmt":"2023-11-04T22:38:36","slug":"orquesta-sinfonica-juvenil-regional-de-la-araucania-invita-a-emotivo-concierto-en-homenaje-al-maestro-jorge-pena-hen","status":"publish","type":"post","link":"https:\/\/temucotelevision.cl\/web\/2023\/11\/04\/orquesta-sinfonica-juvenil-regional-de-la-araucania-invita-a-emotivo-concierto-en-homenaje-al-maestro-jorge-pena-hen\/","title":{"rendered":"Orquesta Sinf\u00f3nica Juvenil Regional de La Araucan\u00eda Invita a emotivo concierto en homenaje al maestro Jorge Pe\u00f1a Hen"},"content":{"rendered":"<div class=\"pvc_clear\"><\/div><p id=\"pvc_stats_45981\" class=\"pvc_stats total_only  \" data-element-id=\"45981\" style=\"\"><i class=\"pvc-stats-icon large\" aria-hidden=\"true\"><svg aria-hidden=\"true\" focusable=\"false\" data-prefix=\"far\" data-icon=\"chart-bar\" role=\"img\" xmlns=\"http:\/\/www.w3.org\/2000\/svg\" viewBox=\"0 0 512 512\" class=\"svg-inline--fa fa-chart-bar fa-w-16 fa-2x\"><path fill=\"currentColor\" d=\"M396.8 352h22.4c6.4 0 12.8-6.4 12.8-12.8V108.8c0-6.4-6.4-12.8-12.8-12.8h-22.4c-6.4 0-12.8 6.4-12.8 12.8v230.4c0 6.4 6.4 12.8 12.8 12.8zm-192 0h22.4c6.4 0 12.8-6.4 12.8-12.8V140.8c0-6.4-6.4-12.8-12.8-12.8h-22.4c-6.4 0-12.8 6.4-12.8 12.8v198.4c0 6.4 6.4 12.8 12.8 12.8zm96 0h22.4c6.4 0 12.8-6.4 12.8-12.8V204.8c0-6.4-6.4-12.8-12.8-12.8h-22.4c-6.4 0-12.8 6.4-12.8 12.8v134.4c0 6.4 6.4 12.8 12.8 12.8zM496 400H48V80c0-8.84-7.16-16-16-16H16C7.16 64 0 71.16 0 80v336c0 17.67 14.33 32 32 32h464c8.84 0 16-7.16 16-16v-16c0-8.84-7.16-16-16-16zm-387.2-48h22.4c6.4 0 12.8-6.4 12.8-12.8v-70.4c0-6.4-6.4-12.8-12.8-12.8h-22.4c-6.4 0-12.8 6.4-12.8 12.8v70.4c0 6.4 6.4 12.8 12.8 12.8z\" class=\"\"><\/path><\/svg><\/i> <img loading=\"lazy\" decoding=\"async\" width=\"16\" height=\"16\" alt=\"Loading\" src=\"https:\/\/temucotelevision.cl\/web\/wp-content\/plugins\/page-views-count\/ajax-loader-2x.gif\" border=0 \/><\/p><div class=\"pvc_clear\"><\/div>\n<p><em>El concierto tendr\u00e1 lugar en el Aula Magna de la Universidad de la Frontera, y la entrada es liberada.<\/em><\/p>\n\n\n\n<p>La Orquesta Sinf\u00f3nica Juvenil Regional de La Araucan\u00eda, (OSJR) dependiente de la Fundaci\u00f3n de Orquestas Juveniles e Infantiles de Chile (FOJI), invita a la comunidad a un emotivo concierto en homenaje al maestro Jorge Pe\u00f1a Hen. Evento que busca conmemorar el 50\u00ba aniversario de la muerte de este virtuoso m\u00fasico chileno, compositor y destacado gestor cultural, quien fund\u00f3 la primera orquesta sinf\u00f3nica infantil de Latinoam\u00e9rica.<\/p>\n\n\n\n<p>Este concierto es una oportunidad para que la comunidad de Temuco y la regi\u00f3n disfruten de una presentaci\u00f3n llena de emociones, con un repertorio diverso que incluye obras ic\u00f3nicas del repertorio cl\u00e1sico, folcl\u00f3rico y melod\u00edas de pel\u00edculas. Entre las destacadas se encuentran &#8220;Montescos y Capuletos&#8221; de Sergei Prokofiev, la &#8220;Sinfon\u00eda No. 5 en si bemol mayor&#8221; de Franz Schubert, &#8220;Suite Estancias&#8221; de Alberto Ginastera, &#8220;Momento Andino&#8221; de Vicente Bianchi con la solista Mitzy Valenzuela en flauta traversa y una emotiva mel\u00f3dica de Jorge Pe\u00f1a Hen.<\/p>\n\n\n\n<p>El Director de la Sinf\u00f3nica Juvenil de La Araucan\u00eda, Alexander Sep\u00falveda, comparti\u00f3 su entusiasmo y destac\u00f3 la importancia de rendir homenaje a la memoria de Jorge Pe\u00f1a Hen, &#8220;<em>este concierto nace de la invitaci\u00f3n que nos hace la Fundaci\u00f3n (FOJI) a realizar un homenaje al maestro Pe\u00f1a Hen, en donde su melod\u00eda que est\u00e1 llena de pesar, de esta sensaci\u00f3n de muerte que tiene la obra con una energ\u00eda que pareciera que evoca sus \u00faltimos momentos de vida, y bueno es una obra que va a poner en valor la vida del maestro que lamentablemente no se conoce tanto de su obra para el sur de Chile, as\u00ed que la invitaci\u00f3n es a que la gente pueda ir con la sensibilidad a flor de piel porque el concierto va a pasar por muchas emociones&nbsp;<\/em>&#8220;, afirm\u00f3.<\/p>\n\n\n\n<p>Por su parte, C\u00e9sar Aravena Manr\u00edquez, Jefe Divisi\u00f3n Arte, Cultura y Patrimonio, Direcci\u00f3n de Vinculaci\u00f3n con el medio de la UFRO, destac\u00f3 el compromiso de la instituci\u00f3n con la educaci\u00f3n art\u00edstica y cultural de la regi\u00f3n. \u201c<em>Para nosotros como Universidad es muy importante realizar y desarrollar relaciones bidireccionales con el medio art\u00edstico regional y m\u00e1s a\u00fan cuando el objetivo es fortalecer la educaci\u00f3n y pr\u00e1ctica art\u00edstica en ni\u00f1as, ni\u00f1os y j\u00f3venes, a trav\u00e9s de la participaci\u00f3n en orquestas. Es una labor que cultiva el talento, mejora la calidad de vida de nuestras nuevas generaciones y hace realidad el sue\u00f1o de muchos\u201d,&nbsp;<\/em>enfatiz\u00f3.<\/p>\n\n\n\n<p>El concierto tendr\u00e1 lugar el&nbsp;<strong>mi\u00e9rcoles 8 de noviembre<\/strong>&nbsp;a las 18:30 horas en el Aula Magna de la Universidad de la Frontera, ubicada en calle Uruguay 1720, Temuco. La entrada es liberada, y s\u00f3lo se solicitar\u00e1 la presentaci\u00f3n de c\u00e9dula de identidad para garantizar que este evento sea accesible para todos los asistentes.<\/p>\n\n\n\n<p>Sin duda, un evento memorable y una oportunidad de presenciar el talento de 54 m\u00fasicos juveniles de entre 12 y 22 a\u00f1os y celebrar la herencia musical que inspira a las generaciones futuras<\/p>\n\n\n\n<p><strong>Legado del maestro Jorge Pe\u00f1a Hen<\/strong><\/p>\n\n\n\n<p>Jorge Pe\u00f1a Hen, fue un visionario convencido de que todos los ni\u00f1os poseen capacidades y talentos innatos, fund\u00f3 en 1964 la Primera Orquesta Sinf\u00f3nica Infantil de Chile y de Latinoam\u00e9rica. A trav\u00e9s de su incansable trabajo y dedicaci\u00f3n, brind\u00f3 herramientas musicales a ni\u00f1os y ni\u00f1as que proven\u00edan de las escuelas m\u00e1s vulnerables de la cuarta regi\u00f3n. Fue un convencido de que hac\u00eda falta entregar herramientas para que los ni\u00f1os y ni\u00f1as desarrollaran sus capacidades y talentos. Su influencia impuls\u00f3 el movimiento orquestal infantil en Chile hasta su fallecimiento en 1973.<\/p>\n","protected":false},"excerpt":{"rendered":"<div class=\"pvc_clear\"><\/div>\n<p id=\"pvc_stats_45981\" class=\"pvc_stats total_only  \" data-element-id=\"45981\" style=\"\"><i class=\"pvc-stats-icon large\" aria-hidden=\"true\"><svg aria-hidden=\"true\" focusable=\"false\" data-prefix=\"far\" data-icon=\"chart-bar\" role=\"img\" xmlns=\"http:\/\/www.w3.org\/2000\/svg\" viewBox=\"0 0 512 512\" class=\"svg-inline--fa fa-chart-bar fa-w-16 fa-2x\"><path fill=\"currentColor\" d=\"M396.8 352h22.4c6.4 0 12.8-6.4 12.8-12.8V108.8c0-6.4-6.4-12.8-12.8-12.8h-22.4c-6.4 0-12.8 6.4-12.8 12.8v230.4c0 6.4 6.4 12.8 12.8 12.8zm-192 0h22.4c6.4 0 12.8-6.4 12.8-12.8V140.8c0-6.4-6.4-12.8-12.8-12.8h-22.4c-6.4 0-12.8 6.4-12.8 12.8v198.4c0 6.4 6.4 12.8 12.8 12.8zm96 0h22.4c6.4 0 12.8-6.4 12.8-12.8V204.8c0-6.4-6.4-12.8-12.8-12.8h-22.4c-6.4 0-12.8 6.4-12.8 12.8v134.4c0 6.4 6.4 12.8 12.8 12.8zM496 400H48V80c0-8.84-7.16-16-16-16H16C7.16 64 0 71.16 0 80v336c0 17.67 14.33 32 32 32h464c8.84 0 16-7.16 16-16v-16c0-8.84-7.16-16-16-16zm-387.2-48h22.4c6.4 0 12.8-6.4 12.8-12.8v-70.4c0-6.4-6.4-12.8-12.8-12.8h-22.4c-6.4 0-12.8 6.4-12.8 12.8v70.4c0 6.4 6.4 12.8 12.8 12.8z\" class=\"\"><\/path><\/svg><\/i> <img loading=\"lazy\" decoding=\"async\" width=\"16\" height=\"16\" alt=\"Loading\" src=\"https:\/\/temucotelevision.cl\/web\/wp-content\/plugins\/page-views-count\/ajax-loader-2x.gif\" border=0 \/><\/p>\n<div class=\"pvc_clear\"><\/div>\n<p>El concierto tendr\u00e1 lugar en el Aula Magna de la Universidad de la Frontera, y la entrada es liberada. La<\/p>\n","protected":false},"author":1,"featured_media":45982,"comment_status":"open","ping_status":"open","sticky":false,"template":"","format":"standard","meta":{"colormag_page_container_layout":"default_layout","colormag_page_sidebar_layout":"default_layout","footnotes":""},"categories":[86],"tags":[1299],"class_list":["post-45981","post","type-post","status-publish","format-standard","has-post-thumbnail","hentry","category-panoramas","tag-orquesta"],"a3_pvc":{"activated":true,"total_views":1116,"today_views":0},"_links":{"self":[{"href":"https:\/\/temucotelevision.cl\/web\/wp-json\/wp\/v2\/posts\/45981","targetHints":{"allow":["GET"]}}],"collection":[{"href":"https:\/\/temucotelevision.cl\/web\/wp-json\/wp\/v2\/posts"}],"about":[{"href":"https:\/\/temucotelevision.cl\/web\/wp-json\/wp\/v2\/types\/post"}],"author":[{"embeddable":true,"href":"https:\/\/temucotelevision.cl\/web\/wp-json\/wp\/v2\/users\/1"}],"replies":[{"embeddable":true,"href":"https:\/\/temucotelevision.cl\/web\/wp-json\/wp\/v2\/comments?post=45981"}],"version-history":[{"count":1,"href":"https:\/\/temucotelevision.cl\/web\/wp-json\/wp\/v2\/posts\/45981\/revisions"}],"predecessor-version":[{"id":45983,"href":"https:\/\/temucotelevision.cl\/web\/wp-json\/wp\/v2\/posts\/45981\/revisions\/45983"}],"wp:featuredmedia":[{"embeddable":true,"href":"https:\/\/temucotelevision.cl\/web\/wp-json\/wp\/v2\/media\/45982"}],"wp:attachment":[{"href":"https:\/\/temucotelevision.cl\/web\/wp-json\/wp\/v2\/media?parent=45981"}],"wp:term":[{"taxonomy":"category","embeddable":true,"href":"https:\/\/temucotelevision.cl\/web\/wp-json\/wp\/v2\/categories?post=45981"},{"taxonomy":"post_tag","embeddable":true,"href":"https:\/\/temucotelevision.cl\/web\/wp-json\/wp\/v2\/tags?post=45981"}],"curies":[{"name":"wp","href":"https:\/\/api.w.org\/{rel}","templated":true}]}}