{"id":45979,"date":"2023-11-04T17:01:32","date_gmt":"2023-11-04T20:01:32","guid":{"rendered":"https:\/\/temucotelevision.cl\/web\/?p=45979"},"modified":"2023-11-04T17:01:32","modified_gmt":"2023-11-04T20:01:32","slug":"orden-de-detencion-para-alcalde-de-renaico-por-delitos-de-abuso-sexual-y-violaciones","status":"publish","type":"post","link":"https:\/\/temucotelevision.cl\/web\/2023\/11\/04\/orden-de-detencion-para-alcalde-de-renaico-por-delitos-de-abuso-sexual-y-violaciones\/","title":{"rendered":"Orden de detenci\u00f3n para alcalde de Renaico por delitos de abuso sexual y violaciones&#8221;"},"content":{"rendered":"<div class=\"pvc_clear\"><\/div><p id=\"pvc_stats_45979\" class=\"pvc_stats total_only  \" data-element-id=\"45979\" style=\"\"><i class=\"pvc-stats-icon large\" aria-hidden=\"true\"><svg aria-hidden=\"true\" focusable=\"false\" data-prefix=\"far\" data-icon=\"chart-bar\" role=\"img\" xmlns=\"http:\/\/www.w3.org\/2000\/svg\" viewBox=\"0 0 512 512\" class=\"svg-inline--fa fa-chart-bar fa-w-16 fa-2x\"><path fill=\"currentColor\" d=\"M396.8 352h22.4c6.4 0 12.8-6.4 12.8-12.8V108.8c0-6.4-6.4-12.8-12.8-12.8h-22.4c-6.4 0-12.8 6.4-12.8 12.8v230.4c0 6.4 6.4 12.8 12.8 12.8zm-192 0h22.4c6.4 0 12.8-6.4 12.8-12.8V140.8c0-6.4-6.4-12.8-12.8-12.8h-22.4c-6.4 0-12.8 6.4-12.8 12.8v198.4c0 6.4 6.4 12.8 12.8 12.8zm96 0h22.4c6.4 0 12.8-6.4 12.8-12.8V204.8c0-6.4-6.4-12.8-12.8-12.8h-22.4c-6.4 0-12.8 6.4-12.8 12.8v134.4c0 6.4 6.4 12.8 12.8 12.8zM496 400H48V80c0-8.84-7.16-16-16-16H16C7.16 64 0 71.16 0 80v336c0 17.67 14.33 32 32 32h464c8.84 0 16-7.16 16-16v-16c0-8.84-7.16-16-16-16zm-387.2-48h22.4c6.4 0 12.8-6.4 12.8-12.8v-70.4c0-6.4-6.4-12.8-12.8-12.8h-22.4c-6.4 0-12.8 6.4-12.8 12.8v70.4c0 6.4 6.4 12.8 12.8 12.8z\" class=\"\"><\/path><\/svg><\/i> <img loading=\"lazy\" decoding=\"async\" width=\"16\" height=\"16\" alt=\"Loading\" src=\"https:\/\/temucotelevision.cl\/web\/wp-content\/plugins\/page-views-count\/ajax-loader-2x.gif\" border=0 \/><\/p><div class=\"pvc_clear\"><\/div>\n<p>La Polic\u00eda de Investigaciones (PDI) y Carabineros han confirmado que est\u00e1n en posesi\u00f3n de una orden de detenci\u00f3n para Juan Carlos Reinao Marilao, alcalde de Renaico, quien se encuentra en rebeld\u00eda tras el incumplimiento de la resoluci\u00f3n del Juzgado de Garant\u00eda de Ca\u00f1ete. Ayer, el fiscal de Los \u00c1ngeles, Gonzalo Mart\u00ednez, formaliz\u00f3 al alcalde por delitos reiterados de abuso sexual y violaciones, as\u00ed como un caso de aborto.<\/p>\n\n\n\n<p>Seg\u00fan las autoridades judiciales, la orden de prisi\u00f3n preventiva fue emitida despu\u00e9s de que se presentaran pruebas contundentes que vinculan a Reinao Marilao con los mencionados delitos. El alcalde se encuentra en situaci\u00f3n de rebeld\u00eda al no acatar la decisi\u00f3n del tribunal, lo que llev\u00f3 a la emisi\u00f3n de la orden de detenci\u00f3n por parte de las fuerzas de seguridad.<\/p>\n\n\n\n<p>El caso ha generado conmoci\u00f3n en la comunidad local, que se encuentra consternada por las acusaciones contra el alcalde. La polic\u00eda ha intensificado los esfuerzos para localizar y detener a Reinao Marilao, instando a cualquier persona que tenga informaci\u00f3n sobre su paradero a que se comunique con las autoridades.<\/p>\n\n\n\n<p>Se espera que en las pr\u00f3ximas horas se realicen operativos para capturar al alcalde, quien deber\u00e1 enfrentar los cargos presentados en su contra ante la justicia. La comunidad y las autoridades locales est\u00e1n a la espera de que se haga justicia y se esclarezcan completamente los hechos denunciados.<\/p>\n","protected":false},"excerpt":{"rendered":"<div class=\"pvc_clear\"><\/div>\n<p id=\"pvc_stats_45979\" class=\"pvc_stats total_only  \" data-element-id=\"45979\" style=\"\"><i class=\"pvc-stats-icon large\" aria-hidden=\"true\"><svg aria-hidden=\"true\" focusable=\"false\" data-prefix=\"far\" data-icon=\"chart-bar\" role=\"img\" xmlns=\"http:\/\/www.w3.org\/2000\/svg\" viewBox=\"0 0 512 512\" class=\"svg-inline--fa fa-chart-bar fa-w-16 fa-2x\"><path fill=\"currentColor\" d=\"M396.8 352h22.4c6.4 0 12.8-6.4 12.8-12.8V108.8c0-6.4-6.4-12.8-12.8-12.8h-22.4c-6.4 0-12.8 6.4-12.8 12.8v230.4c0 6.4 6.4 12.8 12.8 12.8zm-192 0h22.4c6.4 0 12.8-6.4 12.8-12.8V140.8c0-6.4-6.4-12.8-12.8-12.8h-22.4c-6.4 0-12.8 6.4-12.8 12.8v198.4c0 6.4 6.4 12.8 12.8 12.8zm96 0h22.4c6.4 0 12.8-6.4 12.8-12.8V204.8c0-6.4-6.4-12.8-12.8-12.8h-22.4c-6.4 0-12.8 6.4-12.8 12.8v134.4c0 6.4 6.4 12.8 12.8 12.8zM496 400H48V80c0-8.84-7.16-16-16-16H16C7.16 64 0 71.16 0 80v336c0 17.67 14.33 32 32 32h464c8.84 0 16-7.16 16-16v-16c0-8.84-7.16-16-16-16zm-387.2-48h22.4c6.4 0 12.8-6.4 12.8-12.8v-70.4c0-6.4-6.4-12.8-12.8-12.8h-22.4c-6.4 0-12.8 6.4-12.8 12.8v70.4c0 6.4 6.4 12.8 12.8 12.8z\" class=\"\"><\/path><\/svg><\/i> <img loading=\"lazy\" decoding=\"async\" width=\"16\" height=\"16\" alt=\"Loading\" src=\"https:\/\/temucotelevision.cl\/web\/wp-content\/plugins\/page-views-count\/ajax-loader-2x.gif\" border=0 \/><\/p>\n<div class=\"pvc_clear\"><\/div>\n<p>La Polic\u00eda de Investigaciones (PDI) y Carabineros han confirmado que est\u00e1n en posesi\u00f3n de una orden de detenci\u00f3n para Juan<\/p>\n","protected":false},"author":1,"featured_media":12368,"comment_status":"open","ping_status":"open","sticky":false,"template":"","format":"standard","meta":{"colormag_page_container_layout":"default_layout","colormag_page_sidebar_layout":"default_layout","footnotes":""},"categories":[15],"tags":[202,6797,486],"class_list":["post-45979","post","type-post","status-publish","format-standard","has-post-thumbnail","hentry","category-la-araucania","tag-alcalde","tag-rebeldia","tag-renaico"],"a3_pvc":{"activated":true,"total_views":4017,"today_views":0},"_links":{"self":[{"href":"https:\/\/temucotelevision.cl\/web\/wp-json\/wp\/v2\/posts\/45979","targetHints":{"allow":["GET"]}}],"collection":[{"href":"https:\/\/temucotelevision.cl\/web\/wp-json\/wp\/v2\/posts"}],"about":[{"href":"https:\/\/temucotelevision.cl\/web\/wp-json\/wp\/v2\/types\/post"}],"author":[{"embeddable":true,"href":"https:\/\/temucotelevision.cl\/web\/wp-json\/wp\/v2\/users\/1"}],"replies":[{"embeddable":true,"href":"https:\/\/temucotelevision.cl\/web\/wp-json\/wp\/v2\/comments?post=45979"}],"version-history":[{"count":1,"href":"https:\/\/temucotelevision.cl\/web\/wp-json\/wp\/v2\/posts\/45979\/revisions"}],"predecessor-version":[{"id":45980,"href":"https:\/\/temucotelevision.cl\/web\/wp-json\/wp\/v2\/posts\/45979\/revisions\/45980"}],"wp:featuredmedia":[{"embeddable":true,"href":"https:\/\/temucotelevision.cl\/web\/wp-json\/wp\/v2\/media\/12368"}],"wp:attachment":[{"href":"https:\/\/temucotelevision.cl\/web\/wp-json\/wp\/v2\/media?parent=45979"}],"wp:term":[{"taxonomy":"category","embeddable":true,"href":"https:\/\/temucotelevision.cl\/web\/wp-json\/wp\/v2\/categories?post=45979"},{"taxonomy":"post_tag","embeddable":true,"href":"https:\/\/temucotelevision.cl\/web\/wp-json\/wp\/v2\/tags?post=45979"}],"curies":[{"name":"wp","href":"https:\/\/api.w.org\/{rel}","templated":true}]}}