{"id":45976,"date":"2023-11-04T16:29:30","date_gmt":"2023-11-04T19:29:30","guid":{"rendered":"https:\/\/temucotelevision.cl\/web\/?p=45976"},"modified":"2023-11-04T16:29:31","modified_gmt":"2023-11-04T19:29:31","slug":"diputadas-de-oposicion-piden-al-gobierno-medidas-para-disminuir-brechas-y-barreras-que-enfrentan-pacientes-con-cancer-de-mama-menores-de-40-anos","status":"publish","type":"post","link":"https:\/\/temucotelevision.cl\/web\/2023\/11\/04\/diputadas-de-oposicion-piden-al-gobierno-medidas-para-disminuir-brechas-y-barreras-que-enfrentan-pacientes-con-cancer-de-mama-menores-de-40-anos\/","title":{"rendered":"Diputadas de oposici\u00f3n piden al Gobierno medidas para disminuir brechas y barreras que enfrentan pacientes con c\u00e1ncer de mama menores de 40 a\u00f1os"},"content":{"rendered":"<div class=\"pvc_clear\"><\/div><p id=\"pvc_stats_45976\" class=\"pvc_stats total_only  \" data-element-id=\"45976\" style=\"\"><i class=\"pvc-stats-icon large\" aria-hidden=\"true\"><svg aria-hidden=\"true\" focusable=\"false\" data-prefix=\"far\" data-icon=\"chart-bar\" role=\"img\" xmlns=\"http:\/\/www.w3.org\/2000\/svg\" viewBox=\"0 0 512 512\" class=\"svg-inline--fa fa-chart-bar fa-w-16 fa-2x\"><path fill=\"currentColor\" d=\"M396.8 352h22.4c6.4 0 12.8-6.4 12.8-12.8V108.8c0-6.4-6.4-12.8-12.8-12.8h-22.4c-6.4 0-12.8 6.4-12.8 12.8v230.4c0 6.4 6.4 12.8 12.8 12.8zm-192 0h22.4c6.4 0 12.8-6.4 12.8-12.8V140.8c0-6.4-6.4-12.8-12.8-12.8h-22.4c-6.4 0-12.8 6.4-12.8 12.8v198.4c0 6.4 6.4 12.8 12.8 12.8zm96 0h22.4c6.4 0 12.8-6.4 12.8-12.8V204.8c0-6.4-6.4-12.8-12.8-12.8h-22.4c-6.4 0-12.8 6.4-12.8 12.8v134.4c0 6.4 6.4 12.8 12.8 12.8zM496 400H48V80c0-8.84-7.16-16-16-16H16C7.16 64 0 71.16 0 80v336c0 17.67 14.33 32 32 32h464c8.84 0 16-7.16 16-16v-16c0-8.84-7.16-16-16-16zm-387.2-48h22.4c6.4 0 12.8-6.4 12.8-12.8v-70.4c0-6.4-6.4-12.8-12.8-12.8h-22.4c-6.4 0-12.8 6.4-12.8 12.8v70.4c0 6.4 6.4 12.8 12.8 12.8z\" class=\"\"><\/path><\/svg><\/i> <img loading=\"lazy\" decoding=\"async\" width=\"16\" height=\"16\" alt=\"Loading\" src=\"https:\/\/temucotelevision.cl\/web\/wp-content\/plugins\/page-views-count\/ajax-loader-2x.gif\" border=0 \/><\/p><div class=\"pvc_clear\"><\/div>\n<ul class=\"wp-block-list\">\n<li><strong>Un estudio realizado por la Universidad del Desarrollo, evidenci\u00f3 las dificultades que viven las mujeres diagnosticadas con esta enfermedad para acceder a tratamientos m\u00e9dicos, y la precariedad del sistema p\u00fablico de salud.<\/strong><\/li>\n<\/ul>\n\n\n\n<p>Como \u201calarmantes\u201d catalogaron las diputadas Camila Flores, Carla Morales y Catalina Del Real, las conclusiones a las que lleg\u00f3 el estudio realizado por la facultad de medicina de la Universidad del Desarrollo sobre las necesidades y brechas percibidas por las pacientes menores de 40 a\u00f1os con c\u00e1ncer de mama. Particularmente, las mujeres diagnosticadas con esta enfermedad se enfrentan a problemas de retraso para acceder a los controles m\u00e9dicos, as\u00ed como la falta de terapias disponibles en el sistema p\u00fablico de salud, lo que complica la atenci\u00f3n oportuna y aumenta las posibilidades de mortalidad.<\/p>\n\n\n\n<p>Las parlamentarias enviaron un oficio dirigido al Ministerio de Salud y al Ministerio de la Mujer y Equidad de G\u00e9nero, para que entre otras cosas, se informe qu\u00e9 medidas espec\u00edficas se est\u00e1n tomando para mejorar la coordinaci\u00f3n entre las divisiones del Ministerio de Salud y los niveles de la red de salud p\u00fablica, considerando la sobrepoblaci\u00f3n del sistema y los largos tiempos de espera para el diagn\u00f3stico y tratamiento del c\u00e1ncer de mama en mujeres menores de 40 a\u00f1os.<\/p>\n\n\n\n<p>\u201cDe acuerdo a estos nuevos antecedentes dados a conocer, se evidencia que hay una gran dificultad para las mujeres j\u00f3venes que son diagnosticadas con c\u00e1ncer de mama, ya que la mayor\u00eda de las campa\u00f1as y pol\u00edticas de salud apuntan a mujeres de un rango etario mayor. Lo que se traduce en retraso en el acceso al sistema de salud hasta la falta de disponibilidad de tratamientos efectivos y recientes en el sistema p\u00fablico, estas pacientes est\u00e1n siendo desatendidas y privadas de una atenci\u00f3n m\u00e9dica adecuada y oportuna\u201d, sostuvo la congresista Carla Morales, integrante de la Comisi\u00f3n de Mujeres.<\/p>\n\n\n\n<p>En tanto, la diputada Camila Flores, enfatiz\u00f3 en que \u201clas mujeres j\u00f3venes que padecen c\u00e1ncer de mama se ven en una situaci\u00f3n doblemente compleja, ya que adem\u00e1s de la falta de especialistas oncol\u00f3gicos en general, por su edad muchas veces son discriminadas en el sistema y no reciben un tratamiento oportuno, aumentando las probabilidades de que la enfermedad avance hacia una fase compleja. Instamos al Gobierno a que genere de forma urgente campa\u00f1as de prevenci\u00f3n enfocado en este grupo y que trabajen en la falta de equipamiento para el tratamiento del c\u00e1ncer en los hospitales p\u00fablicos\u201d.<\/p>\n\n\n\n<p>En la misma l\u00ednea, la legisladora Catalina Del Real, expres\u00f3 con&nbsp; preocupaci\u00f3n que \u201crecientemente estuvimos conmemorando el mes de la sensibilizaci\u00f3n del c\u00e1ncer de mama y lamentablemente no tuvimos ning\u00fan anuncio concreto en esta materia. Este tipo de c\u00e1ncer afecta cada vez a m\u00e1s mujeres j\u00f3venes&nbsp; y urge que tengamos un sistema de salud que brinde una atenci\u00f3n oportuna a todos los pacientes\u201d.<\/p>\n\n\n\n<p>Finalmente, las congresistas tambi\u00e9n solicitaron medidas para garantizar que las mujeres j\u00f3venes con c\u00e1ncer de mama tengan acceso a servicios de apoyo psicol\u00f3gico y emocional durante todas las fases de su tratamiento, considerando las cargas emocionales y psicol\u00f3gicas \u00fanicas que enfrentan debido a su edad y situaci\u00f3n personal.<\/p>\n","protected":false},"excerpt":{"rendered":"<div class=\"pvc_clear\"><\/div>\n<p id=\"pvc_stats_45976\" class=\"pvc_stats total_only  \" data-element-id=\"45976\" style=\"\"><i class=\"pvc-stats-icon large\" aria-hidden=\"true\"><svg aria-hidden=\"true\" focusable=\"false\" data-prefix=\"far\" data-icon=\"chart-bar\" role=\"img\" xmlns=\"http:\/\/www.w3.org\/2000\/svg\" viewBox=\"0 0 512 512\" class=\"svg-inline--fa fa-chart-bar fa-w-16 fa-2x\"><path fill=\"currentColor\" d=\"M396.8 352h22.4c6.4 0 12.8-6.4 12.8-12.8V108.8c0-6.4-6.4-12.8-12.8-12.8h-22.4c-6.4 0-12.8 6.4-12.8 12.8v230.4c0 6.4 6.4 12.8 12.8 12.8zm-192 0h22.4c6.4 0 12.8-6.4 12.8-12.8V140.8c0-6.4-6.4-12.8-12.8-12.8h-22.4c-6.4 0-12.8 6.4-12.8 12.8v198.4c0 6.4 6.4 12.8 12.8 12.8zm96 0h22.4c6.4 0 12.8-6.4 12.8-12.8V204.8c0-6.4-6.4-12.8-12.8-12.8h-22.4c-6.4 0-12.8 6.4-12.8 12.8v134.4c0 6.4 6.4 12.8 12.8 12.8zM496 400H48V80c0-8.84-7.16-16-16-16H16C7.16 64 0 71.16 0 80v336c0 17.67 14.33 32 32 32h464c8.84 0 16-7.16 16-16v-16c0-8.84-7.16-16-16-16zm-387.2-48h22.4c6.4 0 12.8-6.4 12.8-12.8v-70.4c0-6.4-6.4-12.8-12.8-12.8h-22.4c-6.4 0-12.8 6.4-12.8 12.8v70.4c0 6.4 6.4 12.8 12.8 12.8z\" class=\"\"><\/path><\/svg><\/i> <img loading=\"lazy\" decoding=\"async\" width=\"16\" height=\"16\" alt=\"Loading\" src=\"https:\/\/temucotelevision.cl\/web\/wp-content\/plugins\/page-views-count\/ajax-loader-2x.gif\" border=0 \/><\/p>\n<div class=\"pvc_clear\"><\/div>\n<p>Como \u201calarmantes\u201d catalogaron las diputadas Camila Flores, Carla Morales y Catalina Del Real, las conclusiones a las que lleg\u00f3 el<\/p>\n","protected":false},"author":1,"featured_media":45977,"comment_status":"open","ping_status":"open","sticky":false,"template":"","format":"standard","meta":{"colormag_page_container_layout":"default_layout","colormag_page_sidebar_layout":"default_layout","footnotes":""},"categories":[84],"tags":[1914,4045,206,3275],"class_list":["post-45976","post","type-post","status-publish","format-standard","has-post-thumbnail","hentry","category-politica","tag-cancer","tag-diputadas","tag-gobierno","tag-oposicion"],"a3_pvc":{"activated":true,"total_views":1394,"today_views":0},"_links":{"self":[{"href":"https:\/\/temucotelevision.cl\/web\/wp-json\/wp\/v2\/posts\/45976","targetHints":{"allow":["GET"]}}],"collection":[{"href":"https:\/\/temucotelevision.cl\/web\/wp-json\/wp\/v2\/posts"}],"about":[{"href":"https:\/\/temucotelevision.cl\/web\/wp-json\/wp\/v2\/types\/post"}],"author":[{"embeddable":true,"href":"https:\/\/temucotelevision.cl\/web\/wp-json\/wp\/v2\/users\/1"}],"replies":[{"embeddable":true,"href":"https:\/\/temucotelevision.cl\/web\/wp-json\/wp\/v2\/comments?post=45976"}],"version-history":[{"count":1,"href":"https:\/\/temucotelevision.cl\/web\/wp-json\/wp\/v2\/posts\/45976\/revisions"}],"predecessor-version":[{"id":45978,"href":"https:\/\/temucotelevision.cl\/web\/wp-json\/wp\/v2\/posts\/45976\/revisions\/45978"}],"wp:featuredmedia":[{"embeddable":true,"href":"https:\/\/temucotelevision.cl\/web\/wp-json\/wp\/v2\/media\/45977"}],"wp:attachment":[{"href":"https:\/\/temucotelevision.cl\/web\/wp-json\/wp\/v2\/media?parent=45976"}],"wp:term":[{"taxonomy":"category","embeddable":true,"href":"https:\/\/temucotelevision.cl\/web\/wp-json\/wp\/v2\/categories?post=45976"},{"taxonomy":"post_tag","embeddable":true,"href":"https:\/\/temucotelevision.cl\/web\/wp-json\/wp\/v2\/tags?post=45976"}],"curies":[{"name":"wp","href":"https:\/\/api.w.org\/{rel}","templated":true}]}}