{"id":45967,"date":"2023-11-04T11:10:19","date_gmt":"2023-11-04T14:10:19","guid":{"rendered":"https:\/\/temucotelevision.cl\/web\/?p=45967"},"modified":"2023-11-04T11:10:20","modified_gmt":"2023-11-04T14:10:20","slug":"ninos-y-ninas-de-puren-disfrutaron-la-magia-del-circo-para-celebrar-los-33-anos-de-vida-de-fundacion-integra","status":"publish","type":"post","link":"https:\/\/temucotelevision.cl\/web\/2023\/11\/04\/ninos-y-ninas-de-puren-disfrutaron-la-magia-del-circo-para-celebrar-los-33-anos-de-vida-de-fundacion-integra\/","title":{"rendered":"Ni\u00f1os y ni\u00f1as de Pur\u00e9n disfrutaron la magia del circo para celebrar los 33 a\u00f1os de vida de Fundaci\u00f3n Integra"},"content":{"rendered":"<div class=\"pvc_clear\"><\/div><p id=\"pvc_stats_45967\" class=\"pvc_stats total_only  \" data-element-id=\"45967\" style=\"\"><i class=\"pvc-stats-icon large\" aria-hidden=\"true\"><svg aria-hidden=\"true\" focusable=\"false\" data-prefix=\"far\" data-icon=\"chart-bar\" role=\"img\" xmlns=\"http:\/\/www.w3.org\/2000\/svg\" viewBox=\"0 0 512 512\" class=\"svg-inline--fa fa-chart-bar fa-w-16 fa-2x\"><path fill=\"currentColor\" d=\"M396.8 352h22.4c6.4 0 12.8-6.4 12.8-12.8V108.8c0-6.4-6.4-12.8-12.8-12.8h-22.4c-6.4 0-12.8 6.4-12.8 12.8v230.4c0 6.4 6.4 12.8 12.8 12.8zm-192 0h22.4c6.4 0 12.8-6.4 12.8-12.8V140.8c0-6.4-6.4-12.8-12.8-12.8h-22.4c-6.4 0-12.8 6.4-12.8 12.8v198.4c0 6.4 6.4 12.8 12.8 12.8zm96 0h22.4c6.4 0 12.8-6.4 12.8-12.8V204.8c0-6.4-6.4-12.8-12.8-12.8h-22.4c-6.4 0-12.8 6.4-12.8 12.8v134.4c0 6.4 6.4 12.8 12.8 12.8zM496 400H48V80c0-8.84-7.16-16-16-16H16C7.16 64 0 71.16 0 80v336c0 17.67 14.33 32 32 32h464c8.84 0 16-7.16 16-16v-16c0-8.84-7.16-16-16-16zm-387.2-48h22.4c6.4 0 12.8-6.4 12.8-12.8v-70.4c0-6.4-6.4-12.8-12.8-12.8h-22.4c-6.4 0-12.8 6.4-12.8 12.8v70.4c0 6.4 6.4 12.8 12.8 12.8z\" class=\"\"><\/path><\/svg><\/i> <img loading=\"lazy\" decoding=\"async\" width=\"16\" height=\"16\" alt=\"Loading\" src=\"https:\/\/temucotelevision.cl\/web\/wp-content\/plugins\/page-views-count\/ajax-loader-2x.gif\" border=0 \/><\/p><div class=\"pvc_clear\"><\/div>\n<p><em>Bajo el lema \u201cJuego y aprendo todos los d\u00edas\u201d, la instituci\u00f3n celebr\u00f3 un nuevo aniversario en La Araucan\u00eda, donde las y los p\u00e1rvulos de los jardines infantiles Ni\u00f1o Feliz y Frutillita de la comuna de Malleco, disfrutaron de una tarde inolvidable, llena de alegr\u00eda y entretenci\u00f3n junto a sus familias y equipos educativos.<\/em><\/p>\n\n\n\n<p>Fundaci\u00f3n Integra se encuentra conmemorando un nuevo aniversario en el que, a lo largo de Chile, salas cuna, jardines infantiles, modalidades no convencionales, oficinas regionales y casa central realizan actividades de celebraci\u00f3n pertinentes a cada territorio y sus caracter\u00edsticas.<\/p>\n\n\n\n<p>Este a\u00f1o 2023 la celebraci\u00f3n est\u00e1 enmarcada en la reactivaci\u00f3n educativa, promoviendo la importancia que la educaci\u00f3n parvularia tiene para que ni\u00f1as y ni\u00f1os sean reconocidos como ciudadanas y ciudadanos, protagonistas de sus aprendizajes para la vida.<\/p>\n\n\n\n<p>En este contexto, Integra Araucan\u00eda desarroll\u00f3 una importante actividad de cierre de celebraciones denominada \u201cCirco Aniversario Fundaci\u00f3n Integra\u201d. Y la comuna elegida para montar esta iniciativa fue Pur\u00e9n, Provincia de Malleco, la cual cont\u00f3 con todo el apoyo del municipio local.&nbsp;&nbsp;&nbsp;<\/p>\n\n\n\n<p>Bajo el lema \u201cJuego y aprendo todos los d\u00edas,\u201d ni\u00f1os y ni\u00f1as de los jardines infantiles Ni\u00f1o Feliz y Frutillita, junto a sus familias y equipos educativos, disfrutaron de una tarde inolvidable de circo, llena de magia, alegr\u00eda y entretenci\u00f3n.<\/p>\n\n\n\n<p>Vanira Medina Giacomozzi, apoderada del jard\u00edn infantil Ni\u00f1o Feliz destac\u00f3 que \u201cvivir la experiencia del circo para celebrar un nuevo aniversario de Fundaci\u00f3n Integra me parece algo maravilloso, puesto que no siempre llegan este tipo de espect\u00e1culos a nuestra comuna. Por lo mismo, se agradece mucho esta gesti\u00f3n, donde no solo disfrutaron los ni\u00f1os y ni\u00f1as, sino que tambi\u00e9n los apoderados y la comunidad\u201d.<\/p>\n\n\n\n<p>En la actividad estuvieron presentes diversas autoridades e invitados especiales, como Francisca Hern\u00e1ndez O&#8217;Ryan, profesional regional de la Unidad de Gesti\u00f3n Territorial de la Subsecretar\u00eda de Educaci\u00f3n Parvularia y la directora regional (s) de Junji Araucan\u00eda, Patricia Dinamarca Zunino, adem\u00e1s de jefaturas, representantes de sindicatos, trabajadoras y trabajadores de Integra Araucan\u00eda.<\/p>\n\n\n\n<p><strong>\u00a1JUEGO Y APRENDO TODOS LOS D\u00cdAS!<\/strong><\/p>\n\n\n\n<p>\u201cCon esta actividad estamos cerrando nuestro nuevo aniversario. Son 33 a\u00f1os entregando educaci\u00f3n de calidad en la Regi\u00f3n de La Araucan\u00eda y por lo mismo, nos trasladamos a la Provincia de Malleco, particularmente a la comuna de Pur\u00e9n, para desarrollar una actividad de circo, junto a nuestros ni\u00f1os y ni\u00f1as. Una iniciativa que nos permite hacer eco del slogan de nuestro aniversario: \u00a1Juego y aprendo todos los d\u00edas!, explic\u00f3 Rodrigo Neira Sep\u00falveda, director regional de Integra Araucan\u00eda.<\/p>\n\n\n\n<p>\u201cLo que nos convoca como instituci\u00f3n es relevar el protagonismo de todos los ni\u00f1os y ni\u00f1as, y en ese escenario, hemos querido trasladarnos desde Temuco y llegar a Malleco con este montaje art\u00edstico y que mejor que a Pur\u00e9n, una comuna que no lo pas\u00f3 bien en el verano, para recordarle a toda la comunidad y a las familias el compromiso que establecimos con ellos, de que sus hijos e hijas sean protagonistas todos los d\u00edas del a\u00f1o\u201d, complement\u00f3 el director regional.<\/p>\n\n\n\n<p>Por su parte, Francisca Hern\u00e1ndez O&#8217;Ryan, profesional regional de la Unidad de Gesti\u00f3n Territorial de la Subsecretar\u00eda de Educaci\u00f3n Parvularia, destac\u00f3 que \u201cestoy feliz de participar en esta actividad de celebraci\u00f3n de los 33 a\u00f1os de Integra, puesto que me siento parte de esta instituci\u00f3n, ya que juntos hacemos un trabajo para la ni\u00f1ez, relevando con este tipo de iniciativas el protagonismo de los ni\u00f1os y ni\u00f1as, que es donde debemos poner el foco. Quiero felicitar a la Fundaci\u00f3n por este nuevo aniversario y espero que este trabajo e instancias se sigan expandiendo\u201d. &nbsp;<\/p>\n\n\n\n<p><strong>FIESTA DE LA NI\u00d1EZ<\/strong><\/p>\n\n\n\n<p>Finalmente, Patricia Dinamarca Zunino, directora regional (s) de Junji Araucan\u00eda se\u00f1al\u00f3 que \u201cestamos felices de acompa\u00f1ar a nuestra querida instituci\u00f3n hermana que es Integra, con la cual estamos haciendo un trabajo muy colaborativo, lo cual ha sido una linda experiencia. Adem\u00e1s, quiero destacar esta actividad del circo montada por la Fundaci\u00f3n, donde se vivi\u00f3 una fiesta de la ni\u00f1ez, lo que representa fielmente la labor que debemos desarrollar las instituciones que trabajamos con la primera infancia\u201d.&nbsp;&nbsp;<\/p>\n\n\n\n<p>Es importante destacar que, el poder desarrollar iniciativas significativas para los ni\u00f1os y ni\u00f1as, aporta para que se sientan parte de una comunidad m\u00e1s amplia, donde se comparten valores como la cooperaci\u00f3n, el di\u00e1logo y respeto.<\/p>\n\n\n\n<p>Con 33 a\u00f1os de experiencia y m\u00e1s de 1.200 salas cuna y jardines infantiles gratuitos en todo el pa\u00eds, Fundaci\u00f3n Integra trabaja para lograr el desarrollo integral, bienestar y aprendizajes significativos de ni\u00f1as y ni\u00f1os, poniendo a su disposici\u00f3n espacios educativos diversos, estimulantes y de calidad.<\/p>\n","protected":false},"excerpt":{"rendered":"<div class=\"pvc_clear\"><\/div>\n<p id=\"pvc_stats_45967\" class=\"pvc_stats total_only  \" data-element-id=\"45967\" style=\"\"><i class=\"pvc-stats-icon large\" aria-hidden=\"true\"><svg aria-hidden=\"true\" focusable=\"false\" data-prefix=\"far\" data-icon=\"chart-bar\" role=\"img\" xmlns=\"http:\/\/www.w3.org\/2000\/svg\" viewBox=\"0 0 512 512\" class=\"svg-inline--fa fa-chart-bar fa-w-16 fa-2x\"><path fill=\"currentColor\" d=\"M396.8 352h22.4c6.4 0 12.8-6.4 12.8-12.8V108.8c0-6.4-6.4-12.8-12.8-12.8h-22.4c-6.4 0-12.8 6.4-12.8 12.8v230.4c0 6.4 6.4 12.8 12.8 12.8zm-192 0h22.4c6.4 0 12.8-6.4 12.8-12.8V140.8c0-6.4-6.4-12.8-12.8-12.8h-22.4c-6.4 0-12.8 6.4-12.8 12.8v198.4c0 6.4 6.4 12.8 12.8 12.8zm96 0h22.4c6.4 0 12.8-6.4 12.8-12.8V204.8c0-6.4-6.4-12.8-12.8-12.8h-22.4c-6.4 0-12.8 6.4-12.8 12.8v134.4c0 6.4 6.4 12.8 12.8 12.8zM496 400H48V80c0-8.84-7.16-16-16-16H16C7.16 64 0 71.16 0 80v336c0 17.67 14.33 32 32 32h464c8.84 0 16-7.16 16-16v-16c0-8.84-7.16-16-16-16zm-387.2-48h22.4c6.4 0 12.8-6.4 12.8-12.8v-70.4c0-6.4-6.4-12.8-12.8-12.8h-22.4c-6.4 0-12.8 6.4-12.8 12.8v70.4c0 6.4 6.4 12.8 12.8 12.8z\" class=\"\"><\/path><\/svg><\/i> <img loading=\"lazy\" decoding=\"async\" width=\"16\" height=\"16\" alt=\"Loading\" src=\"https:\/\/temucotelevision.cl\/web\/wp-content\/plugins\/page-views-count\/ajax-loader-2x.gif\" border=0 \/><\/p>\n<div class=\"pvc_clear\"><\/div>\n<p>Bajo el lema \u201cJuego y aprendo todos los d\u00edas\u201d, la instituci\u00f3n celebr\u00f3 un nuevo aniversario en La Araucan\u00eda, donde las<\/p>\n","protected":false},"author":1,"featured_media":45968,"comment_status":"open","ping_status":"open","sticky":false,"template":"","format":"standard","meta":{"colormag_page_container_layout":"default_layout","colormag_page_sidebar_layout":"default_layout","footnotes":""},"categories":[14],"tags":[1601,1104],"class_list":["post-45967","post","type-post","status-publish","format-standard","has-post-thumbnail","hentry","category-temuco","tag-circo","tag-integra"],"a3_pvc":{"activated":true,"total_views":789,"today_views":0},"_links":{"self":[{"href":"https:\/\/temucotelevision.cl\/web\/wp-json\/wp\/v2\/posts\/45967","targetHints":{"allow":["GET"]}}],"collection":[{"href":"https:\/\/temucotelevision.cl\/web\/wp-json\/wp\/v2\/posts"}],"about":[{"href":"https:\/\/temucotelevision.cl\/web\/wp-json\/wp\/v2\/types\/post"}],"author":[{"embeddable":true,"href":"https:\/\/temucotelevision.cl\/web\/wp-json\/wp\/v2\/users\/1"}],"replies":[{"embeddable":true,"href":"https:\/\/temucotelevision.cl\/web\/wp-json\/wp\/v2\/comments?post=45967"}],"version-history":[{"count":1,"href":"https:\/\/temucotelevision.cl\/web\/wp-json\/wp\/v2\/posts\/45967\/revisions"}],"predecessor-version":[{"id":45969,"href":"https:\/\/temucotelevision.cl\/web\/wp-json\/wp\/v2\/posts\/45967\/revisions\/45969"}],"wp:featuredmedia":[{"embeddable":true,"href":"https:\/\/temucotelevision.cl\/web\/wp-json\/wp\/v2\/media\/45968"}],"wp:attachment":[{"href":"https:\/\/temucotelevision.cl\/web\/wp-json\/wp\/v2\/media?parent=45967"}],"wp:term":[{"taxonomy":"category","embeddable":true,"href":"https:\/\/temucotelevision.cl\/web\/wp-json\/wp\/v2\/categories?post=45967"},{"taxonomy":"post_tag","embeddable":true,"href":"https:\/\/temucotelevision.cl\/web\/wp-json\/wp\/v2\/tags?post=45967"}],"curies":[{"name":"wp","href":"https:\/\/api.w.org\/{rel}","templated":true}]}}