{"id":45961,"date":"2023-11-04T09:51:08","date_gmt":"2023-11-04T12:51:08","guid":{"rendered":"https:\/\/temucotelevision.cl\/web\/?p=45961"},"modified":"2023-11-04T09:51:09","modified_gmt":"2023-11-04T12:51:09","slug":"directora-regional-del-sernameg-araucania-por-prision-preventiva-de-alcalde-de-renaico-es-una-buena-senal-del-sistema-de-justicia-para-cuando-las-mujeres-denuncian","status":"publish","type":"post","link":"https:\/\/temucotelevision.cl\/web\/2023\/11\/04\/directora-regional-del-sernameg-araucania-por-prision-preventiva-de-alcalde-de-renaico-es-una-buena-senal-del-sistema-de-justicia-para-cuando-las-mujeres-denuncian\/","title":{"rendered":"Directora regional del SernamEG Araucan\u00eda por prisi\u00f3n preventiva de alcalde de Renaico: \u201cEs una buena se\u00f1al del sistema de justicia para cuando las mujeres denuncian\u201d"},"content":{"rendered":"<div class=\"pvc_clear\"><\/div><p id=\"pvc_stats_45961\" class=\"pvc_stats total_only  \" data-element-id=\"45961\" style=\"\"><i class=\"pvc-stats-icon large\" aria-hidden=\"true\"><svg aria-hidden=\"true\" focusable=\"false\" data-prefix=\"far\" data-icon=\"chart-bar\" role=\"img\" xmlns=\"http:\/\/www.w3.org\/2000\/svg\" viewBox=\"0 0 512 512\" class=\"svg-inline--fa fa-chart-bar fa-w-16 fa-2x\"><path fill=\"currentColor\" d=\"M396.8 352h22.4c6.4 0 12.8-6.4 12.8-12.8V108.8c0-6.4-6.4-12.8-12.8-12.8h-22.4c-6.4 0-12.8 6.4-12.8 12.8v230.4c0 6.4 6.4 12.8 12.8 12.8zm-192 0h22.4c6.4 0 12.8-6.4 12.8-12.8V140.8c0-6.4-6.4-12.8-12.8-12.8h-22.4c-6.4 0-12.8 6.4-12.8 12.8v198.4c0 6.4 6.4 12.8 12.8 12.8zm96 0h22.4c6.4 0 12.8-6.4 12.8-12.8V204.8c0-6.4-6.4-12.8-12.8-12.8h-22.4c-6.4 0-12.8 6.4-12.8 12.8v134.4c0 6.4 6.4 12.8 12.8 12.8zM496 400H48V80c0-8.84-7.16-16-16-16H16C7.16 64 0 71.16 0 80v336c0 17.67 14.33 32 32 32h464c8.84 0 16-7.16 16-16v-16c0-8.84-7.16-16-16-16zm-387.2-48h22.4c6.4 0 12.8-6.4 12.8-12.8v-70.4c0-6.4-6.4-12.8-12.8-12.8h-22.4c-6.4 0-12.8 6.4-12.8 12.8v70.4c0 6.4 6.4 12.8 12.8 12.8z\" class=\"\"><\/path><\/svg><\/i> <img loading=\"lazy\" decoding=\"async\" width=\"16\" height=\"16\" alt=\"Loading\" src=\"https:\/\/temucotelevision.cl\/web\/wp-content\/plugins\/page-views-count\/ajax-loader-2x.gif\" border=0 \/><\/p><div class=\"pvc_clear\"><\/div>\n<p>&#8211;&nbsp;&nbsp;&nbsp;&nbsp;&nbsp;&nbsp;&nbsp;&nbsp;&nbsp;<em>El Juzgado de Garant\u00eda de Ca\u00f1ete decret\u00f3 la medida cautelar de prisi\u00f3n preventiva por los delitos de abuso sexual y violaci\u00f3n.<\/em><\/p>\n\n\n\n<p>&#8211;&nbsp;&nbsp;&nbsp;&nbsp;&nbsp;&nbsp;&nbsp;&nbsp;&nbsp;<em>El Servicio Nacional de la Mujer y la Equidad de G\u00e9nero de la Araucan\u00eda representa a una de las v\u00edctimas que denunci\u00f3 al jefe comunal.<\/em><\/p>\n\n\n\n<p>Este viernes, el Tribunal de Ca\u00f1ete, decret\u00f3&nbsp;<strong>contra Juan Carlos Reinao Marilao, alcalde de Renaico<\/strong>,&nbsp;<strong>la prisi\u00f3n preventiva por ocho delitos<\/strong>, eventuales delitos de connotaci\u00f3n sexual. Esto, en medio de la formalizaci\u00f3n de cargos de la autoridad comunal<strong>. El Servicio Nacional de la Mujer y la Equidad de G\u00e9nero Araucan\u00eda representa a una de las cinco v\u00edctimas<\/strong>.<\/p>\n\n\n\n<p>Sobre la decisi\u00f3n del tribunal,&nbsp;<strong>la Directora regional del SernamEG, Susana Aguilera, sostuvo que \u201cCreemos que esta es una buena se\u00f1al del sistema de justicia para cuando las mujeres denuncian, y establece la certeza que pueden encontrar un proceso justo y adecuada cautela de su protecci\u00f3n, cualquiera sea la persona a la que han denunciado\u201d<\/strong><\/p>\n\n\n\n<p>Lamentamos profundamente las situaciones dolorosas por la que tuvo que pasar la joven que representamos y las otras mujeres afectadas. Hacemos un llamado a la comunidad a que juntos podamos erradicar las distintas violencias ejercidas contra las mujeres\u201d.<\/p>\n\n\n\n<p>Este caso fue denunciado por diversas mujeres que inicialmente se vincularon laboralmente con el denunciado, aconteciendo una serie de hechos eventualmente constitutivos de delitos sexual.<\/p>\n\n\n\n<p>Es importante recordar que cualquier hecho de denuncia sobre violencia de g\u00e9nero se debe realizar en Carabineros o a trav\u00e9s del 133, la PDI mediante el 134, o en los tribunales de justicia. Tambi\u00e9n en el n\u00famero de la Fiscal\u00eda 600-333-0000 o en su sitio &nbsp;<a href=\"http:\/\/www.fiscalia.cl\/\" target=\"_blank\" rel=\"noreferrer noopener\">www.fiscalia.cl<\/a>&nbsp;; en caso de delitos sexuales de mujer adulta no puede denunciar por ella, salvo que est\u00e9 impedida.<\/p>\n\n\n\n<p>Por otro lado, si alguien requiere de orientaci\u00f3n e informaci\u00f3n en violencia de g\u00e9nero, puede llamar al n\u00famero 1455 y el WhatsApp +56997007000 del SernamEG, servicio que funcionan de lunes a viernes de 08:00 a 00:00 horas (excepto festivos) Del mismo modo las mujeres pueden dirigirse a los Centros de la Mujer de la regi\u00f3n disponibles en el siguiente&nbsp;<a href=\"https:\/\/www.sernameg.gob.cl\/?page_id=26955\" target=\"_blank\" rel=\"noreferrer noopener\">link<\/a>.<\/p>\n","protected":false},"excerpt":{"rendered":"<div class=\"pvc_clear\"><\/div>\n<p id=\"pvc_stats_45961\" class=\"pvc_stats total_only  \" data-element-id=\"45961\" style=\"\"><i class=\"pvc-stats-icon large\" aria-hidden=\"true\"><svg aria-hidden=\"true\" focusable=\"false\" data-prefix=\"far\" data-icon=\"chart-bar\" role=\"img\" xmlns=\"http:\/\/www.w3.org\/2000\/svg\" viewBox=\"0 0 512 512\" class=\"svg-inline--fa fa-chart-bar fa-w-16 fa-2x\"><path fill=\"currentColor\" d=\"M396.8 352h22.4c6.4 0 12.8-6.4 12.8-12.8V108.8c0-6.4-6.4-12.8-12.8-12.8h-22.4c-6.4 0-12.8 6.4-12.8 12.8v230.4c0 6.4 6.4 12.8 12.8 12.8zm-192 0h22.4c6.4 0 12.8-6.4 12.8-12.8V140.8c0-6.4-6.4-12.8-12.8-12.8h-22.4c-6.4 0-12.8 6.4-12.8 12.8v198.4c0 6.4 6.4 12.8 12.8 12.8zm96 0h22.4c6.4 0 12.8-6.4 12.8-12.8V204.8c0-6.4-6.4-12.8-12.8-12.8h-22.4c-6.4 0-12.8 6.4-12.8 12.8v134.4c0 6.4 6.4 12.8 12.8 12.8zM496 400H48V80c0-8.84-7.16-16-16-16H16C7.16 64 0 71.16 0 80v336c0 17.67 14.33 32 32 32h464c8.84 0 16-7.16 16-16v-16c0-8.84-7.16-16-16-16zm-387.2-48h22.4c6.4 0 12.8-6.4 12.8-12.8v-70.4c0-6.4-6.4-12.8-12.8-12.8h-22.4c-6.4 0-12.8 6.4-12.8 12.8v70.4c0 6.4 6.4 12.8 12.8 12.8z\" class=\"\"><\/path><\/svg><\/i> <img loading=\"lazy\" decoding=\"async\" width=\"16\" height=\"16\" alt=\"Loading\" src=\"https:\/\/temucotelevision.cl\/web\/wp-content\/plugins\/page-views-count\/ajax-loader-2x.gif\" border=0 \/><\/p>\n<div class=\"pvc_clear\"><\/div>\n<p>&#8211;&nbsp;&nbsp;&nbsp;&nbsp;&nbsp;&nbsp;&nbsp;&nbsp;&nbsp;El Juzgado de Garant\u00eda de Ca\u00f1ete decret\u00f3 la medida cautelar de prisi\u00f3n preventiva por los delitos de abuso sexual y<\/p>\n","protected":false},"author":1,"featured_media":12368,"comment_status":"open","ping_status":"open","sticky":false,"template":"","format":"standard","meta":{"colormag_page_container_layout":"default_layout","colormag_page_sidebar_layout":"default_layout","footnotes":""},"categories":[15],"tags":[202,433,541,486],"class_list":["post-45961","post","type-post","status-publish","format-standard","has-post-thumbnail","hentry","category-la-araucania","tag-alcalde","tag-denuncia","tag-prision","tag-renaico"],"a3_pvc":{"activated":true,"total_views":3947,"today_views":0},"_links":{"self":[{"href":"https:\/\/temucotelevision.cl\/web\/wp-json\/wp\/v2\/posts\/45961","targetHints":{"allow":["GET"]}}],"collection":[{"href":"https:\/\/temucotelevision.cl\/web\/wp-json\/wp\/v2\/posts"}],"about":[{"href":"https:\/\/temucotelevision.cl\/web\/wp-json\/wp\/v2\/types\/post"}],"author":[{"embeddable":true,"href":"https:\/\/temucotelevision.cl\/web\/wp-json\/wp\/v2\/users\/1"}],"replies":[{"embeddable":true,"href":"https:\/\/temucotelevision.cl\/web\/wp-json\/wp\/v2\/comments?post=45961"}],"version-history":[{"count":1,"href":"https:\/\/temucotelevision.cl\/web\/wp-json\/wp\/v2\/posts\/45961\/revisions"}],"predecessor-version":[{"id":45962,"href":"https:\/\/temucotelevision.cl\/web\/wp-json\/wp\/v2\/posts\/45961\/revisions\/45962"}],"wp:featuredmedia":[{"embeddable":true,"href":"https:\/\/temucotelevision.cl\/web\/wp-json\/wp\/v2\/media\/12368"}],"wp:attachment":[{"href":"https:\/\/temucotelevision.cl\/web\/wp-json\/wp\/v2\/media?parent=45961"}],"wp:term":[{"taxonomy":"category","embeddable":true,"href":"https:\/\/temucotelevision.cl\/web\/wp-json\/wp\/v2\/categories?post=45961"},{"taxonomy":"post_tag","embeddable":true,"href":"https:\/\/temucotelevision.cl\/web\/wp-json\/wp\/v2\/tags?post=45961"}],"curies":[{"name":"wp","href":"https:\/\/api.w.org\/{rel}","templated":true}]}}