{"id":45957,"date":"2023-11-04T09:49:28","date_gmt":"2023-11-04T12:49:28","guid":{"rendered":"https:\/\/temucotelevision.cl\/web\/?p=45957"},"modified":"2023-11-04T09:49:29","modified_gmt":"2023-11-04T12:49:29","slug":"txawun-invita-a-funcion-gratuita-de-un-monton-de-brujas-volando-por-el-cielo-en-padre-las-casas","status":"publish","type":"post","link":"https:\/\/temucotelevision.cl\/web\/2023\/11\/04\/txawun-invita-a-funcion-gratuita-de-un-monton-de-brujas-volando-por-el-cielo-en-padre-las-casas\/","title":{"rendered":"Txaw\u00fcn invita a funci\u00f3n gratuita de \u201cUn mont\u00f3n de brujas volando por el cielo\u201d en Padre Las Casas"},"content":{"rendered":"<div class=\"pvc_clear\"><\/div><p id=\"pvc_stats_45957\" class=\"pvc_stats total_only  \" data-element-id=\"45957\" style=\"\"><i class=\"pvc-stats-icon large\" aria-hidden=\"true\"><svg aria-hidden=\"true\" focusable=\"false\" data-prefix=\"far\" data-icon=\"chart-bar\" role=\"img\" xmlns=\"http:\/\/www.w3.org\/2000\/svg\" viewBox=\"0 0 512 512\" class=\"svg-inline--fa fa-chart-bar fa-w-16 fa-2x\"><path fill=\"currentColor\" d=\"M396.8 352h22.4c6.4 0 12.8-6.4 12.8-12.8V108.8c0-6.4-6.4-12.8-12.8-12.8h-22.4c-6.4 0-12.8 6.4-12.8 12.8v230.4c0 6.4 6.4 12.8 12.8 12.8zm-192 0h22.4c6.4 0 12.8-6.4 12.8-12.8V140.8c0-6.4-6.4-12.8-12.8-12.8h-22.4c-6.4 0-12.8 6.4-12.8 12.8v198.4c0 6.4 6.4 12.8 12.8 12.8zm96 0h22.4c6.4 0 12.8-6.4 12.8-12.8V204.8c0-6.4-6.4-12.8-12.8-12.8h-22.4c-6.4 0-12.8 6.4-12.8 12.8v134.4c0 6.4 6.4 12.8 12.8 12.8zM496 400H48V80c0-8.84-7.16-16-16-16H16C7.16 64 0 71.16 0 80v336c0 17.67 14.33 32 32 32h464c8.84 0 16-7.16 16-16v-16c0-8.84-7.16-16-16-16zm-387.2-48h22.4c6.4 0 12.8-6.4 12.8-12.8v-70.4c0-6.4-6.4-12.8-12.8-12.8h-22.4c-6.4 0-12.8 6.4-12.8 12.8v70.4c0 6.4 6.4 12.8 12.8 12.8z\" class=\"\"><\/path><\/svg><\/i> <img loading=\"lazy\" decoding=\"async\" width=\"16\" height=\"16\" alt=\"Loading\" src=\"https:\/\/temucotelevision.cl\/web\/wp-content\/plugins\/page-views-count\/ajax-loader-2x.gif\" border=0 \/><\/p><div class=\"pvc_clear\"><\/div>\n<p>La obra llega el domingo 5 de noviembre a las 16 horas al km 13.5 camino a Niagara y dar\u00e1 inicio a Escampe, ruta de espacios art\u00edsticos independientes, una programaci\u00f3n colectiva que durante todo noviembre trae una parrilla cultural liberada para siete comunas de La Regi\u00f3n.<\/p>\n\n\n\n<p><strong>CULTURA.-&nbsp;<\/strong>En el mes de los p\u00fablicos, diecis\u00e9is espacios dedicados al trabajo cultural, en colaboraci\u00f3n con la Unidad de Ciudadan\u00eda Cultural del Ministerio de las Culturas, las Artes y el Patrimonio de la Araucan\u00eda, invitan a \u201cEscampe: ruta de espacios art\u00edsticos independientes\u201d. Programaci\u00f3n cultural diversa y gratuita en Curarrehue, Puc\u00f3n, Villarrica, Gorbea, Carahue, Temuco y Padre Las Casas, del 5 al 29 de noviembre.<\/p>\n\n\n\n<p>En esta l\u00ednea, el domingo 5 de noviembre a las 16 horas, el Espacio de Creaci\u00f3n Art\u00edstica Txaw\u00fcn abrir\u00e1 sus puertas para una funci\u00f3n del montaje teatral \u201cUn mont\u00f3n de brujas volando por el cielo\u201d, de la c\u00eda Nomast\u00e9, bajo la direcci\u00f3n de Nino Bravo y la dramaturgia de la destacada escritora nacional, Carla Zu\u00f1iga. La obra relata la historia de dos mujeres que se encuentran disputando la presidencia del fan club de un \u00eddolo que falleci\u00f3 hace muchos a\u00f1os, a partir de este conflicto, las protagonistas ir\u00e1n indagando en sus propias soledades y fracasos, cuestionando las estructuras de poder, la marginalidad y el significado de la libertad.<\/p>\n\n\n\n<p>&#8220;Estamos felices de ser parte de este proceso colaborativo, nos motiva generar alianzas entre personas y espacios que se dedican al trabajo art\u00edstico desde zonas rurales y urbanas, con una mirada descentralizadora&#8221;, se\u00f1ala Jaime Silva, coordinador del Espacio Txaw\u00fcn.<\/p>\n\n\n\n<p>Las inscripciones ya se encuentran disponibles en&nbsp;<a href=\"https:\/\/docs.google.com\/forms\/d\/e\/1FAIpQLScBsG0VJ_HTQFVsqPROgqv0RUVgchiLClXUF2LwgMCeSHFDLA\/viewform\" target=\"_blank\" rel=\"noreferrer noopener\">www.txawun.cl<\/a>&nbsp;y en las redes sociales de&nbsp;<a href=\"https:\/\/www.instagram.com\/espaciotxawun\/\" target=\"_blank\" rel=\"noreferrer noopener\">@espaciotxawun<\/a>. Para esta oportunidad, habr\u00e1 transporte gratuito desde Temuco y Padre Las casas, se debe reservar en el mismo formulario ya que los cupos son limitados. De forma paralela a la funci\u00f3n se desarrollar\u00e1 un taller de creaci\u00f3n de&nbsp; t\u00edteres de calcet\u00edn, impartido por la actriz y artista educadora Mar\u00eda Elena Carrasco.&nbsp;<\/p>\n\n\n\n<p><strong>ESCAMPE<\/strong><\/p>\n\n\n\n<p>De esta manera y con la llegada de la primavera, \u201cEscampe, ruta de espacios art\u00edsticos independientes\u201d, invita al encuentro de una programaci\u00f3n cultural diversa que contempla danza, m\u00fasica, teatro, fotograf\u00eda, arte textil, muralismo, poes\u00eda y literatura, en diversos formatos como obras, residencias, conversatorios, festivales, conciertos, talleres e intervenciones callejeras con acceso liberado en cada uno de los espacios que conforman la red.&nbsp;<\/p>\n\n\n\n<p>\u201cDesde la unidad de Ciudadan\u00eda Cultural hemos establecido una relaci\u00f3n simbi\u00f3tica con los espacios art\u00edsticos independientes de la regi\u00f3n, los cuales han llevado de manera hist\u00f3rica la realizaci\u00f3n de las artes y tambi\u00e9n de la cultura de manera autogestionada. Es por esto que, esta vez, nos hemos unido para celebrar el mes de los p\u00fablicos que se va a realizar en noviembre\u201d, agreg\u00f3 Eric Iturriaga, Seremi del Ministerio de las Culturas, las Artes y el Patrimonio de la Araucan\u00eda.<\/p>\n\n\n\n<p>Los 16 espacios integrantes de la red son:&nbsp;<strong>Espacio de Arte Ko-Panqui&nbsp;<\/strong>de Curarrehue;&nbsp;<strong>Centro AmarAmar<\/strong>&nbsp;de Puc\u00f3n;&nbsp;<strong>Crisol Celeste<\/strong>&nbsp;ubicado en el km 11 de la ruta que une Villarrica con Licanray;&nbsp;<strong>Biblionautas<\/strong>&nbsp;de Villarrica;&nbsp;<strong>Sala de teatro La vieja escuela<\/strong>&nbsp;de Gorbea;&nbsp;<strong>Puerto Peral<\/strong>&nbsp;ubicado en el km 12 camino a Nehuentue, Carahue;&nbsp;<strong>Espacio Txaw\u00fcn<\/strong>&nbsp;en Ni\u00e1gara, Padre Las Casas; y en Temuco&nbsp;<strong>Casa Trashumantes<\/strong>,&nbsp;<strong>Casa Varas<\/strong>,&nbsp;<strong>Casa Nave<\/strong>,&nbsp;<strong>Casa Colmena<\/strong>,&nbsp;<strong>Espacio Tri\u00e1ngulo<\/strong>,&nbsp;<strong>Espacio KOM<\/strong>,&nbsp;<strong>Escuela Pr\u00e1ctica de Artes&nbsp;<\/strong>y&nbsp;<strong>Biblioteca Comunitaria Guido Eytel<\/strong>.<\/p>\n\n\n\n<p>El programa completo de actividades, fechas y horarios estar\u00e1&nbsp; disponible en las redes sociales:&nbsp;<a href=\"https:\/\/www.instagram.com\/redespaciosartisticos\/\" target=\"_blank\" rel=\"noreferrer noopener\">@redespciosartisticos<\/a>&nbsp;en Instagram y Red de Espacios Art\u00edsticos Independientes en Facebook.&nbsp;<\/p>\n\n\n\n<figure class=\"wp-block-image size-large\"><img loading=\"lazy\" decoding=\"async\" width=\"1024\" height=\"1024\" src=\"https:\/\/temucotelevision.cl\/web\/wp-content\/uploads\/2023\/11\/txawun_Mesa-de-trabajo-1-1-1024x1024.jpg\" alt=\"\" class=\"wp-image-45959\" srcset=\"https:\/\/temucotelevision.cl\/web\/wp-content\/uploads\/2023\/11\/txawun_Mesa-de-trabajo-1-1-1024x1024.jpg 1024w, https:\/\/temucotelevision.cl\/web\/wp-content\/uploads\/2023\/11\/txawun_Mesa-de-trabajo-1-1-1000x1000.jpg 1000w, https:\/\/temucotelevision.cl\/web\/wp-content\/uploads\/2023\/11\/txawun_Mesa-de-trabajo-1-1-768x768.jpg 768w, https:\/\/temucotelevision.cl\/web\/wp-content\/uploads\/2023\/11\/txawun_Mesa-de-trabajo-1-1-1536x1536.jpg 1536w, https:\/\/temucotelevision.cl\/web\/wp-content\/uploads\/2023\/11\/txawun_Mesa-de-trabajo-1-1-2048x2048.jpg 2048w, https:\/\/temucotelevision.cl\/web\/wp-content\/uploads\/2023\/11\/txawun_Mesa-de-trabajo-1-1-150x150.jpg 150w\" sizes=\"auto, (max-width: 1024px) 100vw, 1024px\" \/><\/figure>\n","protected":false},"excerpt":{"rendered":"<div class=\"pvc_clear\"><\/div>\n<p id=\"pvc_stats_45957\" class=\"pvc_stats total_only  \" data-element-id=\"45957\" style=\"\"><i class=\"pvc-stats-icon large\" aria-hidden=\"true\"><svg aria-hidden=\"true\" focusable=\"false\" data-prefix=\"far\" data-icon=\"chart-bar\" role=\"img\" xmlns=\"http:\/\/www.w3.org\/2000\/svg\" viewBox=\"0 0 512 512\" class=\"svg-inline--fa fa-chart-bar fa-w-16 fa-2x\"><path fill=\"currentColor\" d=\"M396.8 352h22.4c6.4 0 12.8-6.4 12.8-12.8V108.8c0-6.4-6.4-12.8-12.8-12.8h-22.4c-6.4 0-12.8 6.4-12.8 12.8v230.4c0 6.4 6.4 12.8 12.8 12.8zm-192 0h22.4c6.4 0 12.8-6.4 12.8-12.8V140.8c0-6.4-6.4-12.8-12.8-12.8h-22.4c-6.4 0-12.8 6.4-12.8 12.8v198.4c0 6.4 6.4 12.8 12.8 12.8zm96 0h22.4c6.4 0 12.8-6.4 12.8-12.8V204.8c0-6.4-6.4-12.8-12.8-12.8h-22.4c-6.4 0-12.8 6.4-12.8 12.8v134.4c0 6.4 6.4 12.8 12.8 12.8zM496 400H48V80c0-8.84-7.16-16-16-16H16C7.16 64 0 71.16 0 80v336c0 17.67 14.33 32 32 32h464c8.84 0 16-7.16 16-16v-16c0-8.84-7.16-16-16-16zm-387.2-48h22.4c6.4 0 12.8-6.4 12.8-12.8v-70.4c0-6.4-6.4-12.8-12.8-12.8h-22.4c-6.4 0-12.8 6.4-12.8 12.8v70.4c0 6.4 6.4 12.8 12.8 12.8z\" class=\"\"><\/path><\/svg><\/i> <img loading=\"lazy\" decoding=\"async\" width=\"16\" height=\"16\" alt=\"Loading\" src=\"https:\/\/temucotelevision.cl\/web\/wp-content\/plugins\/page-views-count\/ajax-loader-2x.gif\" border=0 \/><\/p>\n<div class=\"pvc_clear\"><\/div>\n<p>La obra llega el domingo 5 de noviembre a las 16 horas al km 13.5 camino a Niagara y dar\u00e1<\/p>\n","protected":false},"author":1,"featured_media":45958,"comment_status":"open","ping_status":"open","sticky":false,"template":"","format":"standard","meta":{"colormag_page_container_layout":"default_layout","colormag_page_sidebar_layout":"default_layout","footnotes":""},"categories":[86],"tags":[925,999,5242],"class_list":["post-45957","post","type-post","status-publish","format-standard","has-post-thumbnail","hentry","category-panoramas","tag-obra","tag-plc","tag-txawun"],"a3_pvc":{"activated":true,"total_views":1007,"today_views":0},"_links":{"self":[{"href":"https:\/\/temucotelevision.cl\/web\/wp-json\/wp\/v2\/posts\/45957","targetHints":{"allow":["GET"]}}],"collection":[{"href":"https:\/\/temucotelevision.cl\/web\/wp-json\/wp\/v2\/posts"}],"about":[{"href":"https:\/\/temucotelevision.cl\/web\/wp-json\/wp\/v2\/types\/post"}],"author":[{"embeddable":true,"href":"https:\/\/temucotelevision.cl\/web\/wp-json\/wp\/v2\/users\/1"}],"replies":[{"embeddable":true,"href":"https:\/\/temucotelevision.cl\/web\/wp-json\/wp\/v2\/comments?post=45957"}],"version-history":[{"count":1,"href":"https:\/\/temucotelevision.cl\/web\/wp-json\/wp\/v2\/posts\/45957\/revisions"}],"predecessor-version":[{"id":45960,"href":"https:\/\/temucotelevision.cl\/web\/wp-json\/wp\/v2\/posts\/45957\/revisions\/45960"}],"wp:featuredmedia":[{"embeddable":true,"href":"https:\/\/temucotelevision.cl\/web\/wp-json\/wp\/v2\/media\/45958"}],"wp:attachment":[{"href":"https:\/\/temucotelevision.cl\/web\/wp-json\/wp\/v2\/media?parent=45957"}],"wp:term":[{"taxonomy":"category","embeddable":true,"href":"https:\/\/temucotelevision.cl\/web\/wp-json\/wp\/v2\/categories?post=45957"},{"taxonomy":"post_tag","embeddable":true,"href":"https:\/\/temucotelevision.cl\/web\/wp-json\/wp\/v2\/tags?post=45957"}],"curies":[{"name":"wp","href":"https:\/\/api.w.org\/{rel}","templated":true}]}}