{"id":45954,"date":"2023-11-04T09:45:32","date_gmt":"2023-11-04T12:45:32","guid":{"rendered":"https:\/\/temucotelevision.cl\/web\/?p=45954"},"modified":"2023-11-04T09:45:33","modified_gmt":"2023-11-04T12:45:33","slug":"municipalidad-de-lumaco-realiza-cogrid-ampliado-para-anticiparse-a-la-temporada-de-incendios-forestales","status":"publish","type":"post","link":"https:\/\/temucotelevision.cl\/web\/2023\/11\/04\/municipalidad-de-lumaco-realiza-cogrid-ampliado-para-anticiparse-a-la-temporada-de-incendios-forestales\/","title":{"rendered":"Municipalidad de Lumaco realiza Cogrid ampliado para anticiparse a la temporada de incendios forestales"},"content":{"rendered":"<div class=\"pvc_clear\"><\/div><p id=\"pvc_stats_45954\" class=\"pvc_stats total_only  \" data-element-id=\"45954\" style=\"\"><i class=\"pvc-stats-icon large\" aria-hidden=\"true\"><svg aria-hidden=\"true\" focusable=\"false\" data-prefix=\"far\" data-icon=\"chart-bar\" role=\"img\" xmlns=\"http:\/\/www.w3.org\/2000\/svg\" viewBox=\"0 0 512 512\" class=\"svg-inline--fa fa-chart-bar fa-w-16 fa-2x\"><path fill=\"currentColor\" d=\"M396.8 352h22.4c6.4 0 12.8-6.4 12.8-12.8V108.8c0-6.4-6.4-12.8-12.8-12.8h-22.4c-6.4 0-12.8 6.4-12.8 12.8v230.4c0 6.4 6.4 12.8 12.8 12.8zm-192 0h22.4c6.4 0 12.8-6.4 12.8-12.8V140.8c0-6.4-6.4-12.8-12.8-12.8h-22.4c-6.4 0-12.8 6.4-12.8 12.8v198.4c0 6.4 6.4 12.8 12.8 12.8zm96 0h22.4c6.4 0 12.8-6.4 12.8-12.8V204.8c0-6.4-6.4-12.8-12.8-12.8h-22.4c-6.4 0-12.8 6.4-12.8 12.8v134.4c0 6.4 6.4 12.8 12.8 12.8zM496 400H48V80c0-8.84-7.16-16-16-16H16C7.16 64 0 71.16 0 80v336c0 17.67 14.33 32 32 32h464c8.84 0 16-7.16 16-16v-16c0-8.84-7.16-16-16-16zm-387.2-48h22.4c6.4 0 12.8-6.4 12.8-12.8v-70.4c0-6.4-6.4-12.8-12.8-12.8h-22.4c-6.4 0-12.8 6.4-12.8 12.8v70.4c0 6.4 6.4 12.8 12.8 12.8z\" class=\"\"><\/path><\/svg><\/i> <img loading=\"lazy\" decoding=\"async\" width=\"16\" height=\"16\" alt=\"Loading\" src=\"https:\/\/temucotelevision.cl\/web\/wp-content\/plugins\/page-views-count\/ajax-loader-2x.gif\" border=0 \/><\/p><div class=\"pvc_clear\"><\/div>\n<p><strong>Encabezado por el alcalde Richard Leonelli, junto a la delegada provincial de Malleco, Andrea Parra, la directora regional de Conaf, Mar\u00eda Teresa Huentequeo, la directora regional de Senapred, Janet Medrano, Carabineros y otros servicios p\u00fablicos encabezados por Seremis y representantes, se analizaron los pasos a seguir para prevenir y actuar frente a eventuales emergencias.<\/strong><\/p>\n\n\n\n<p>El verano del presente a\u00f1o ser\u00e1 dif\u00edcil de olvidar para los habitantes de la comuna de Lumaco y sus respectivas localidades. Los siniestros trajeron efectos devastadores, con vecinos que se vieron afectados por la situaci\u00f3n, el esfuerzo de toda una vida que se perdi\u00f3 en solo segundos y miles de hect\u00e1reas afectadas por la acci\u00f3n del fuego.<\/p>\n\n\n\n<p>Con el fin de que en la pr\u00f3xima temporada estival esto no se repita, el municipio est\u00e1 tomando acciones con anticipaci\u00f3n y realiz\u00f3 un Comit\u00e9 de Gesti\u00f3n del Riesgo de Desastres -Cogrid- ampliado, el que fue liderado por el alcalde Richard Leonelli.<\/p>\n\n\n\n<p>En la cita realizada en el Centro Comunitario de la comuna, tambi\u00e9n estuvo presente la delegada provincial de Malleco, Andrea Parra, la directora regional de Conaf, Mar\u00eda Teresa Huentequeo, la directora regional de Senapred, Janet Medrano, el general jefe de la IX zona de Carabineros, Manuel Cifuentes, el comandante del Ej\u00e9rcito Felipe Palazuelos y tambi\u00e9n distintas autoridades del gabinete regional.<\/p>\n\n\n\n<p>C\u00f3mo prepararse ante las emergencias, agilizar los tiempos de reacci\u00f3n, la educaci\u00f3n a los vecinos para evitar contingencias, fueron parte de lo que se abord\u00f3 en el Cogrid, que tambi\u00e9n cont\u00f3 con distintos representantes de la sociedad civil lumaquina.<\/p>\n\n\n\n<p>El alcalde Richard Leonelli, se\u00f1al\u00f3 que es importante en su calidad de autoridad comunal, anticiparse a los hechos y as\u00ed evitar escenas como las que se vivieron en enero y febrero, donde incluso estuvo en riesgo la vida de personas.<\/p>\n\n\n\n<p>\u201cComo autoridad lo que necesitamos es generar conciencia de los efectos que traen los incendios forestales, anticiparnos para prevenir desastres, como tambi\u00e9n ver los pasos a seguir en caso de que se presenten siniestros, agilizando los tiempos de reacci\u00f3n, aunando esfuerzo entre todos los habitantes porque no queremos vivir hechos como los ocurridos en el pasado verano\u201d, indic\u00f3 la m\u00e1xima autoridad comunal.<\/p>\n\n\n\n<p>El alcalde anticip\u00f3 que est\u00e1 ser\u00e1 la primera de m\u00faltiples instancias de trabajo con autoridades y la ciudadan\u00eda, para que se adopte una actitud responsable frente a un verano que seg\u00fan expertos tendr\u00eda condiciones similares en t\u00e9rminos de altas temperaturas al del presente a\u00f1o.&nbsp;<\/p>\n","protected":false},"excerpt":{"rendered":"<div class=\"pvc_clear\"><\/div>\n<p id=\"pvc_stats_45954\" class=\"pvc_stats total_only  \" data-element-id=\"45954\" style=\"\"><i class=\"pvc-stats-icon large\" aria-hidden=\"true\"><svg aria-hidden=\"true\" focusable=\"false\" data-prefix=\"far\" data-icon=\"chart-bar\" role=\"img\" xmlns=\"http:\/\/www.w3.org\/2000\/svg\" viewBox=\"0 0 512 512\" class=\"svg-inline--fa fa-chart-bar fa-w-16 fa-2x\"><path fill=\"currentColor\" d=\"M396.8 352h22.4c6.4 0 12.8-6.4 12.8-12.8V108.8c0-6.4-6.4-12.8-12.8-12.8h-22.4c-6.4 0-12.8 6.4-12.8 12.8v230.4c0 6.4 6.4 12.8 12.8 12.8zm-192 0h22.4c6.4 0 12.8-6.4 12.8-12.8V140.8c0-6.4-6.4-12.8-12.8-12.8h-22.4c-6.4 0-12.8 6.4-12.8 12.8v198.4c0 6.4 6.4 12.8 12.8 12.8zm96 0h22.4c6.4 0 12.8-6.4 12.8-12.8V204.8c0-6.4-6.4-12.8-12.8-12.8h-22.4c-6.4 0-12.8 6.4-12.8 12.8v134.4c0 6.4 6.4 12.8 12.8 12.8zM496 400H48V80c0-8.84-7.16-16-16-16H16C7.16 64 0 71.16 0 80v336c0 17.67 14.33 32 32 32h464c8.84 0 16-7.16 16-16v-16c0-8.84-7.16-16-16-16zm-387.2-48h22.4c6.4 0 12.8-6.4 12.8-12.8v-70.4c0-6.4-6.4-12.8-12.8-12.8h-22.4c-6.4 0-12.8 6.4-12.8 12.8v70.4c0 6.4 6.4 12.8 12.8 12.8z\" class=\"\"><\/path><\/svg><\/i> <img loading=\"lazy\" decoding=\"async\" width=\"16\" height=\"16\" alt=\"Loading\" src=\"https:\/\/temucotelevision.cl\/web\/wp-content\/plugins\/page-views-count\/ajax-loader-2x.gif\" border=0 \/><\/p>\n<div class=\"pvc_clear\"><\/div>\n<p>Encabezado por el alcalde Richard Leonelli, junto a la delegada provincial de Malleco, Andrea Parra, la directora regional de Conaf,<\/p>\n","protected":false},"author":1,"featured_media":45955,"comment_status":"open","ping_status":"open","sticky":false,"template":"","format":"standard","meta":{"colormag_page_container_layout":"default_layout","colormag_page_sidebar_layout":"default_layout","footnotes":""},"categories":[101],"tags":[123,591],"class_list":["post-45954","post","type-post","status-publish","format-standard","has-post-thumbnail","hentry","category-actualidad","tag-lumaco","tag-municipio"],"a3_pvc":{"activated":true,"total_views":858,"today_views":0},"_links":{"self":[{"href":"https:\/\/temucotelevision.cl\/web\/wp-json\/wp\/v2\/posts\/45954","targetHints":{"allow":["GET"]}}],"collection":[{"href":"https:\/\/temucotelevision.cl\/web\/wp-json\/wp\/v2\/posts"}],"about":[{"href":"https:\/\/temucotelevision.cl\/web\/wp-json\/wp\/v2\/types\/post"}],"author":[{"embeddable":true,"href":"https:\/\/temucotelevision.cl\/web\/wp-json\/wp\/v2\/users\/1"}],"replies":[{"embeddable":true,"href":"https:\/\/temucotelevision.cl\/web\/wp-json\/wp\/v2\/comments?post=45954"}],"version-history":[{"count":1,"href":"https:\/\/temucotelevision.cl\/web\/wp-json\/wp\/v2\/posts\/45954\/revisions"}],"predecessor-version":[{"id":45956,"href":"https:\/\/temucotelevision.cl\/web\/wp-json\/wp\/v2\/posts\/45954\/revisions\/45956"}],"wp:featuredmedia":[{"embeddable":true,"href":"https:\/\/temucotelevision.cl\/web\/wp-json\/wp\/v2\/media\/45955"}],"wp:attachment":[{"href":"https:\/\/temucotelevision.cl\/web\/wp-json\/wp\/v2\/media?parent=45954"}],"wp:term":[{"taxonomy":"category","embeddable":true,"href":"https:\/\/temucotelevision.cl\/web\/wp-json\/wp\/v2\/categories?post=45954"},{"taxonomy":"post_tag","embeddable":true,"href":"https:\/\/temucotelevision.cl\/web\/wp-json\/wp\/v2\/tags?post=45954"}],"curies":[{"name":"wp","href":"https:\/\/api.w.org\/{rel}","templated":true}]}}