{"id":45949,"date":"2023-11-03T20:40:41","date_gmt":"2023-11-03T23:40:41","guid":{"rendered":"https:\/\/temucotelevision.cl\/web\/?p=45949"},"modified":"2023-11-03T23:51:17","modified_gmt":"2023-11-04T02:51:17","slug":"alcalde-de-renaico-quedo-en-prision-preventiva-por-abusos-sexuales-violaciones-y-un-aborto-que-afectaron-a-cinco-mujeres","status":"publish","type":"post","link":"https:\/\/temucotelevision.cl\/web\/2023\/11\/03\/alcalde-de-renaico-quedo-en-prision-preventiva-por-abusos-sexuales-violaciones-y-un-aborto-que-afectaron-a-cinco-mujeres\/","title":{"rendered":"Alcalde de Renaico qued\u00f3 en prisi\u00f3n preventiva por abusos sexuales, violaciones y un aborto que afectaron a cinco mujeres"},"content":{"rendered":"<div class=\"pvc_clear\"><\/div><p id=\"pvc_stats_45949\" class=\"pvc_stats total_only  \" data-element-id=\"45949\" style=\"\"><i class=\"pvc-stats-icon large\" aria-hidden=\"true\"><svg aria-hidden=\"true\" focusable=\"false\" data-prefix=\"far\" data-icon=\"chart-bar\" role=\"img\" xmlns=\"http:\/\/www.w3.org\/2000\/svg\" viewBox=\"0 0 512 512\" class=\"svg-inline--fa fa-chart-bar fa-w-16 fa-2x\"><path fill=\"currentColor\" d=\"M396.8 352h22.4c6.4 0 12.8-6.4 12.8-12.8V108.8c0-6.4-6.4-12.8-12.8-12.8h-22.4c-6.4 0-12.8 6.4-12.8 12.8v230.4c0 6.4 6.4 12.8 12.8 12.8zm-192 0h22.4c6.4 0 12.8-6.4 12.8-12.8V140.8c0-6.4-6.4-12.8-12.8-12.8h-22.4c-6.4 0-12.8 6.4-12.8 12.8v198.4c0 6.4 6.4 12.8 12.8 12.8zm96 0h22.4c6.4 0 12.8-6.4 12.8-12.8V204.8c0-6.4-6.4-12.8-12.8-12.8h-22.4c-6.4 0-12.8 6.4-12.8 12.8v134.4c0 6.4 6.4 12.8 12.8 12.8zM496 400H48V80c0-8.84-7.16-16-16-16H16C7.16 64 0 71.16 0 80v336c0 17.67 14.33 32 32 32h464c8.84 0 16-7.16 16-16v-16c0-8.84-7.16-16-16-16zm-387.2-48h22.4c6.4 0 12.8-6.4 12.8-12.8v-70.4c0-6.4-6.4-12.8-12.8-12.8h-22.4c-6.4 0-12.8 6.4-12.8 12.8v70.4c0 6.4 6.4 12.8 12.8 12.8z\" class=\"\"><\/path><\/svg><\/i> <img loading=\"lazy\" decoding=\"async\" width=\"16\" height=\"16\" alt=\"Loading\" src=\"https:\/\/temucotelevision.cl\/web\/wp-content\/plugins\/page-views-count\/ajax-loader-2x.gif\" border=0 \/><\/p><div class=\"pvc_clear\"><\/div>\n<p>El alcalde de Renaico, Juan Carlos Reinao Marilao, qued\u00f3 en prisi\u00f3n preventiva hoy luego que el fiscal de Los \u00c1ngeles, Gonzalo Mart\u00ednez, le formalizara investigaci\u00f3n por los delitos reiterados de abusos sexuales y violaciones que afectaron a cinco v\u00edctimas, adem\u00e1s de un aborto respecto de una de ellas.<\/p>\n\n\n\n<p>La audiencia se realiz\u00f3 en el Juzgado de Garant\u00eda de Ca\u00f1ete, tribunal en el que se radicaron todas las denuncias que existen en contra del imputado por los hechos il\u00edcitos cometidos entre los a\u00f1os 2006 a 2020, ocurridos en distintas comunas del pa\u00eds, tales como Tir\u00faa, Lebu, Contulmo, Renaico, Angol, Alto B\u00edo B\u00edo, Santiago y Negrete.<\/p>\n\n\n\n<p>Al fiscal Gonzalo Mart\u00ednez, de la Unidad de Delitos Sexuales de la Fiscal\u00eda de Los \u00c1ngeles, se le asignaron todas las causas agrupadas para investigar a Reinao.<\/p>\n\n\n\n<p>La audiencia se desarroll\u00f3 sin acceso al p\u00fablico, con el prop\u00f3sito de proteger la integridad de las v\u00edctimas.<\/p>\n\n\n\n<p>En su exposici\u00f3n el fiscal Mart\u00ednez describi\u00f3 que dos de las mujeres afectadas eran menores de edad al momento de padecer los delitos.<\/p>\n\n\n\n<p>Asimismo, explic\u00f3 que Juan Carlos Reinao se val\u00eda de su cargo de autoridad para concretar los ultrajes, ya que tres de las v\u00edctimas tuvieron la condici\u00f3n de subordinadas del alcalde, cuesti\u00f3n que revela una asimetr\u00eda que el imputado utiliz\u00f3 para realizar los delitos.<\/p>\n\n\n\n<p>Adem\u00e1s, el fiscal enfatiz\u00f3 que en los casos de las menores de edad ellas estaban en una situaci\u00f3n de vulnerabilidad y el alcalde les hab\u00eda realizado propuestas de becas de estudio.<\/p>\n\n\n\n<p>En su argumentaci\u00f3n el fiscal Mart\u00ednez plante\u00f3 al tribunal la importancia de analizar los antecedentes reunidos en la indagatoria con perspectiva de g\u00e9nero, sobre todo lo imprescindible que resulta observar el contexto en que se cometieron los delitos y las situaciones particulares en que cada una de las mujeres v\u00edctimas se encontraban inmersas.<\/p>\n\n\n\n<p>El Juzgado de Garant\u00eda decret\u00f3 que el imputado deba ingresar de forma inmediata a la c\u00e1rcel de Traigu\u00e9n.<\/p>\n\n\n\n<figure class=\"wp-block-video\"><video controls src=\"file:\/\/\/private\/var\/mobile\/Containers\/Data\/Application\/830E6640-7A6F-4062-BFD5-EC80D57C0FC2\/tmp\/1243700549\"><\/video><\/figure>\n","protected":false},"excerpt":{"rendered":"<div class=\"pvc_clear\"><\/div>\n<p id=\"pvc_stats_45949\" class=\"pvc_stats total_only  \" data-element-id=\"45949\" style=\"\"><i class=\"pvc-stats-icon large\" aria-hidden=\"true\"><svg aria-hidden=\"true\" focusable=\"false\" data-prefix=\"far\" data-icon=\"chart-bar\" role=\"img\" xmlns=\"http:\/\/www.w3.org\/2000\/svg\" viewBox=\"0 0 512 512\" class=\"svg-inline--fa fa-chart-bar fa-w-16 fa-2x\"><path fill=\"currentColor\" d=\"M396.8 352h22.4c6.4 0 12.8-6.4 12.8-12.8V108.8c0-6.4-6.4-12.8-12.8-12.8h-22.4c-6.4 0-12.8 6.4-12.8 12.8v230.4c0 6.4 6.4 12.8 12.8 12.8zm-192 0h22.4c6.4 0 12.8-6.4 12.8-12.8V140.8c0-6.4-6.4-12.8-12.8-12.8h-22.4c-6.4 0-12.8 6.4-12.8 12.8v198.4c0 6.4 6.4 12.8 12.8 12.8zm96 0h22.4c6.4 0 12.8-6.4 12.8-12.8V204.8c0-6.4-6.4-12.8-12.8-12.8h-22.4c-6.4 0-12.8 6.4-12.8 12.8v134.4c0 6.4 6.4 12.8 12.8 12.8zM496 400H48V80c0-8.84-7.16-16-16-16H16C7.16 64 0 71.16 0 80v336c0 17.67 14.33 32 32 32h464c8.84 0 16-7.16 16-16v-16c0-8.84-7.16-16-16-16zm-387.2-48h22.4c6.4 0 12.8-6.4 12.8-12.8v-70.4c0-6.4-6.4-12.8-12.8-12.8h-22.4c-6.4 0-12.8 6.4-12.8 12.8v70.4c0 6.4 6.4 12.8 12.8 12.8z\" class=\"\"><\/path><\/svg><\/i> <img loading=\"lazy\" decoding=\"async\" width=\"16\" height=\"16\" alt=\"Loading\" src=\"https:\/\/temucotelevision.cl\/web\/wp-content\/plugins\/page-views-count\/ajax-loader-2x.gif\" border=0 \/><\/p>\n<div class=\"pvc_clear\"><\/div>\n<p>El alcalde de Renaico, Juan Carlos Reinao Marilao, qued\u00f3 en prisi\u00f3n preventiva hoy luego que el fiscal de Los \u00c1ngeles,<\/p>\n","protected":false},"author":1,"featured_media":6085,"comment_status":"open","ping_status":"open","sticky":false,"template":"","format":"standard","meta":{"colormag_page_container_layout":"default_layout","colormag_page_sidebar_layout":"default_layout","footnotes":""},"categories":[15],"tags":[202],"class_list":["post-45949","post","type-post","status-publish","format-standard","has-post-thumbnail","hentry","category-la-araucania","tag-alcalde"],"a3_pvc":{"activated":true,"total_views":4600,"today_views":0},"_links":{"self":[{"href":"https:\/\/temucotelevision.cl\/web\/wp-json\/wp\/v2\/posts\/45949","targetHints":{"allow":["GET"]}}],"collection":[{"href":"https:\/\/temucotelevision.cl\/web\/wp-json\/wp\/v2\/posts"}],"about":[{"href":"https:\/\/temucotelevision.cl\/web\/wp-json\/wp\/v2\/types\/post"}],"author":[{"embeddable":true,"href":"https:\/\/temucotelevision.cl\/web\/wp-json\/wp\/v2\/users\/1"}],"replies":[{"embeddable":true,"href":"https:\/\/temucotelevision.cl\/web\/wp-json\/wp\/v2\/comments?post=45949"}],"version-history":[{"count":2,"href":"https:\/\/temucotelevision.cl\/web\/wp-json\/wp\/v2\/posts\/45949\/revisions"}],"predecessor-version":[{"id":45951,"href":"https:\/\/temucotelevision.cl\/web\/wp-json\/wp\/v2\/posts\/45949\/revisions\/45951"}],"wp:featuredmedia":[{"embeddable":true,"href":"https:\/\/temucotelevision.cl\/web\/wp-json\/wp\/v2\/media\/6085"}],"wp:attachment":[{"href":"https:\/\/temucotelevision.cl\/web\/wp-json\/wp\/v2\/media?parent=45949"}],"wp:term":[{"taxonomy":"category","embeddable":true,"href":"https:\/\/temucotelevision.cl\/web\/wp-json\/wp\/v2\/categories?post=45949"},{"taxonomy":"post_tag","embeddable":true,"href":"https:\/\/temucotelevision.cl\/web\/wp-json\/wp\/v2\/tags?post=45949"}],"curies":[{"name":"wp","href":"https:\/\/api.w.org\/{rel}","templated":true}]}}