{"id":45944,"date":"2023-11-03T12:36:00","date_gmt":"2023-11-03T15:36:00","guid":{"rendered":"https:\/\/temucotelevision.cl\/web\/?p=45944"},"modified":"2023-11-03T12:36:01","modified_gmt":"2023-11-03T15:36:01","slug":"colectivo-chileno-aleman-llega-a-casa-trashumantes-con-espectaculo-bilingue-de-musica-y-teatro","status":"publish","type":"post","link":"https:\/\/temucotelevision.cl\/web\/2023\/11\/03\/colectivo-chileno-aleman-llega-a-casa-trashumantes-con-espectaculo-bilingue-de-musica-y-teatro\/","title":{"rendered":"Colectivo chileno-alem\u00e1n llega a Casa Trashumantes con espect\u00e1culo biling\u00fce de m\u00fasica y teatro"},"content":{"rendered":"<div class=\"pvc_clear\"><\/div><p id=\"pvc_stats_45944\" class=\"pvc_stats total_only  \" data-element-id=\"45944\" style=\"\"><i class=\"pvc-stats-icon large\" aria-hidden=\"true\"><svg aria-hidden=\"true\" focusable=\"false\" data-prefix=\"far\" data-icon=\"chart-bar\" role=\"img\" xmlns=\"http:\/\/www.w3.org\/2000\/svg\" viewBox=\"0 0 512 512\" class=\"svg-inline--fa fa-chart-bar fa-w-16 fa-2x\"><path fill=\"currentColor\" d=\"M396.8 352h22.4c6.4 0 12.8-6.4 12.8-12.8V108.8c0-6.4-6.4-12.8-12.8-12.8h-22.4c-6.4 0-12.8 6.4-12.8 12.8v230.4c0 6.4 6.4 12.8 12.8 12.8zm-192 0h22.4c6.4 0 12.8-6.4 12.8-12.8V140.8c0-6.4-6.4-12.8-12.8-12.8h-22.4c-6.4 0-12.8 6.4-12.8 12.8v198.4c0 6.4 6.4 12.8 12.8 12.8zm96 0h22.4c6.4 0 12.8-6.4 12.8-12.8V204.8c0-6.4-6.4-12.8-12.8-12.8h-22.4c-6.4 0-12.8 6.4-12.8 12.8v134.4c0 6.4 6.4 12.8 12.8 12.8zM496 400H48V80c0-8.84-7.16-16-16-16H16C7.16 64 0 71.16 0 80v336c0 17.67 14.33 32 32 32h464c8.84 0 16-7.16 16-16v-16c0-8.84-7.16-16-16-16zm-387.2-48h22.4c6.4 0 12.8-6.4 12.8-12.8v-70.4c0-6.4-6.4-12.8-12.8-12.8h-22.4c-6.4 0-12.8 6.4-12.8 12.8v70.4c0 6.4 6.4 12.8 12.8 12.8z\" class=\"\"><\/path><\/svg><\/i> <img loading=\"lazy\" decoding=\"async\" width=\"16\" height=\"16\" alt=\"Loading\" src=\"https:\/\/temucotelevision.cl\/web\/wp-content\/plugins\/page-views-count\/ajax-loader-2x.gif\" border=0 \/><\/p><div class=\"pvc_clear\"><\/div>\n<p><em>La invitaci\u00f3n para \u201cMemorias Latinoamericanas\u201d, obra que rescata cuentos de Galeano, es para este s\u00e1bado 04 de noviembre, a las 16.00 horas, en San Mart\u00edn 0891, Temuco, previa inscripci\u00f3n en Instagram: @trashumantesalsurdechile.<\/em><em><\/em><\/p>\n\n\n\n<p>Gratuita y para mayores de nueve a\u00f1os. As\u00ed es la obra biling\u00fce \u201cMemorias Latinoamericanas\u201d del colectivo chileno-alem\u00e1n La Perra Alegr\u00eda, que este s\u00e1bado 04 de noviembre, a las 16.00 horas, se presentar\u00e1 en Casa Trashumantes de Temuco, ubicada en Avenida San Mart\u00edn 0891.<\/p>\n\n\n\n<p>Quienes deseen asistir a esta actividad financiada por el Programa de Apoyo a Organizaciones Culturales Colaboradoras (PAOCC) del Ministerio de las Culturas, las Artes y el Patrimonio, deber\u00e1n inscribirse, previamente, en Instagram: @trashumantesalsurdechile.<\/p>\n\n\n\n<p>\u201cMemorias Latinoamericanas\u201d es un l\u00fadico espect\u00e1culo biling\u00fce, inspirado en la obra del escritor uruguayo, Eduardo Galeano. As\u00ed lo explican las directoras de Trashumantes, Andrea Richards y Gisela Buscaglione, quienes invitan a disfrutar de una obra que cuenta la historia de Am\u00e9rica Latina a trav\u00e9s de m\u00fasica y teatro.<\/p>\n\n\n\n<p>\u201cEsta obra se basa en fuentes documentales y recrea fragmentos de la historia latinoamericana del siglo XX, acompa\u00f1ados de canciones que ubican a la audiencia geogr\u00e1fica y narrativamente\u201d, se\u00f1alan las actrices sobre este montaje que muestra l\u00edneas de referencia hasta la actualidad.<\/p>\n\n\n\n<p>Ya sea la cuesti\u00f3n de la expresi\u00f3n sexual en Colombia, los derechos territoriales de los grupos ind\u00edgenas en Chile o las identidades culturales en M\u00e9xico, esta obra muestra una mirada a la historia, que siempre es al presente y al futuro, con el fin de promover el intercambio intercultural y conocer m\u00e1s sobre Am\u00e9rica Latina.<\/p>\n\n\n\n<p><strong>GRUPO ITINERANTE<\/strong><\/p>\n\n\n\n<p>La Perra Alegr\u00eda, juglar\u00eda contempor\u00e1nea, es un grupo itinerante integrado por el acordeonista Adam Arhelger de Alemania y la directora teatral Samanta Pizarro de Chile, a quienes acompa\u00f1an artistas de distintos lugares del mundo y estilos que enriquecen el espect\u00e1culo con cuerdas, vientos y percusiones.<\/p>\n\n\n\n<p>\u201cCombinamos nuestras disciplinas y usamos estrategias interculturales para proponer a la audiencia una experiencia hol\u00edstica e inclusiva\u201d, detallan los artistas.<\/p>\n\n\n\n<p>Pizarro, actriz, cantante y directora de teatro, ha participado en los grupos Teatro Microensamble, Cabaret invisible y Manual de Carro\u00f1a en Santiago de Chile y Tadeco Teatro en Ciudad de M\u00e9xico. Adem\u00e1s, ha dirigido las obras \u201cLa isla desconocida\u201d (2008), \u201cEn construcci\u00f3n\u201d (2012) y \u201cMemorias Latinoamericanas\u201d (2021), adem\u00e1s del cortometraje \u201cEn el ojo del agua\u201d (2019) junto a Charles Mc Dougall (Emmy Brit\u00e1nico y BAFTA) en la EICTV San Antonio de los Ba\u00f1os, Cuba.<\/p>\n\n\n\n<p>Asimismo, forma parte del equipo de producci\u00f3n del Festival internacional de Cabaret FIC Chile (2014) y del Festival Escena Obrera (2016). Mientras que en 2020 funda la Compa\u00f1\u00eda La Perra Alegr\u00eda junto a Arhelger en Wuppertal, Alemania.<\/p>\n\n\n\n<p>Precisamente, el acordeonista y m\u00e1ster en Salud P\u00fablica, toca junto a diversos conjuntos musicales como Simple Tings, Corbastiks y WASI, desde 2016, present\u00e1ndose en diferentes lugares de su natal Alemania y Europa. Tambi\u00e9n, ha tenido colaboraciones en diversos proyectos teatrales como \u201cWupperspuren teatro con refugiad@s\u201d (2015) y \u201cMemorias Latinoamericanas\u201d (2021).<\/p>\n\n\n\n<p>Trashumantes es financiado por el Programa de Apoyo a Organizaciones Culturales Colaboradoras del Ministerio de las Culturas, las Artes y el Patrimonio, el cual busca fortalecer y dar continuidad a instituciones y organizaciones culturales de derecho privado y sin fines de lucro. Este programa, adem\u00e1s, es parte del Sistema de Financiamiento a Organizaciones e Infraestructura Cultural del Ministerio de las Culturas, las Artes y el Patrimonio que integra, articula y coordina de forma transversal los planes, programas y fondos orientados al fomento y apoyo de las organizaciones, de la infraestructura cultural, y de la mediaci\u00f3n art\u00edstica. Todo esto con una vocaci\u00f3n descentralizada, mecanismos participativos, y la promoci\u00f3n de la creaci\u00f3n de redes y asociaciones.<\/p>\n\n\n\n<figure class=\"wp-block-image size-large\"><img loading=\"lazy\" decoding=\"async\" width=\"1024\" height=\"683\" src=\"https:\/\/temucotelevision.cl\/web\/wp-content\/uploads\/2023\/11\/Memorias-Latinoamericanas-01-1024x683.jpg\" alt=\"\" class=\"wp-image-45947\" srcset=\"https:\/\/temucotelevision.cl\/web\/wp-content\/uploads\/2023\/11\/Memorias-Latinoamericanas-01-1024x683.jpg 1024w, https:\/\/temucotelevision.cl\/web\/wp-content\/uploads\/2023\/11\/Memorias-Latinoamericanas-01-768x512.jpg 768w, https:\/\/temucotelevision.cl\/web\/wp-content\/uploads\/2023\/11\/Memorias-Latinoamericanas-01.jpg 1080w\" sizes=\"auto, (max-width: 1024px) 100vw, 1024px\" \/><\/figure>\n","protected":false},"excerpt":{"rendered":"<div class=\"pvc_clear\"><\/div>\n<p id=\"pvc_stats_45944\" class=\"pvc_stats total_only  \" data-element-id=\"45944\" style=\"\"><i class=\"pvc-stats-icon large\" aria-hidden=\"true\"><svg aria-hidden=\"true\" focusable=\"false\" data-prefix=\"far\" data-icon=\"chart-bar\" role=\"img\" xmlns=\"http:\/\/www.w3.org\/2000\/svg\" viewBox=\"0 0 512 512\" class=\"svg-inline--fa fa-chart-bar fa-w-16 fa-2x\"><path fill=\"currentColor\" d=\"M396.8 352h22.4c6.4 0 12.8-6.4 12.8-12.8V108.8c0-6.4-6.4-12.8-12.8-12.8h-22.4c-6.4 0-12.8 6.4-12.8 12.8v230.4c0 6.4 6.4 12.8 12.8 12.8zm-192 0h22.4c6.4 0 12.8-6.4 12.8-12.8V140.8c0-6.4-6.4-12.8-12.8-12.8h-22.4c-6.4 0-12.8 6.4-12.8 12.8v198.4c0 6.4 6.4 12.8 12.8 12.8zm96 0h22.4c6.4 0 12.8-6.4 12.8-12.8V204.8c0-6.4-6.4-12.8-12.8-12.8h-22.4c-6.4 0-12.8 6.4-12.8 12.8v134.4c0 6.4 6.4 12.8 12.8 12.8zM496 400H48V80c0-8.84-7.16-16-16-16H16C7.16 64 0 71.16 0 80v336c0 17.67 14.33 32 32 32h464c8.84 0 16-7.16 16-16v-16c0-8.84-7.16-16-16-16zm-387.2-48h22.4c6.4 0 12.8-6.4 12.8-12.8v-70.4c0-6.4-6.4-12.8-12.8-12.8h-22.4c-6.4 0-12.8 6.4-12.8 12.8v70.4c0 6.4 6.4 12.8 12.8 12.8z\" class=\"\"><\/path><\/svg><\/i> <img loading=\"lazy\" decoding=\"async\" width=\"16\" height=\"16\" alt=\"Loading\" src=\"https:\/\/temucotelevision.cl\/web\/wp-content\/plugins\/page-views-count\/ajax-loader-2x.gif\" border=0 \/><\/p>\n<div class=\"pvc_clear\"><\/div>\n<p>La invitaci\u00f3n para \u201cMemorias Latinoamericanas\u201d, obra que rescata cuentos de Galeano, es para este s\u00e1bado 04 de noviembre, a las<\/p>\n","protected":false},"author":1,"featured_media":45946,"comment_status":"open","ping_status":"open","sticky":false,"template":"","format":"standard","meta":{"colormag_page_container_layout":"default_layout","colormag_page_sidebar_layout":"default_layout","footnotes":""},"categories":[86],"tags":[283,3676],"class_list":["post-45944","post","type-post","status-publish","format-standard","has-post-thumbnail","hentry","category-panoramas","tag-teatro","tag-trashumantes"],"a3_pvc":{"activated":true,"total_views":1103,"today_views":0},"_links":{"self":[{"href":"https:\/\/temucotelevision.cl\/web\/wp-json\/wp\/v2\/posts\/45944","targetHints":{"allow":["GET"]}}],"collection":[{"href":"https:\/\/temucotelevision.cl\/web\/wp-json\/wp\/v2\/posts"}],"about":[{"href":"https:\/\/temucotelevision.cl\/web\/wp-json\/wp\/v2\/types\/post"}],"author":[{"embeddable":true,"href":"https:\/\/temucotelevision.cl\/web\/wp-json\/wp\/v2\/users\/1"}],"replies":[{"embeddable":true,"href":"https:\/\/temucotelevision.cl\/web\/wp-json\/wp\/v2\/comments?post=45944"}],"version-history":[{"count":1,"href":"https:\/\/temucotelevision.cl\/web\/wp-json\/wp\/v2\/posts\/45944\/revisions"}],"predecessor-version":[{"id":45948,"href":"https:\/\/temucotelevision.cl\/web\/wp-json\/wp\/v2\/posts\/45944\/revisions\/45948"}],"wp:featuredmedia":[{"embeddable":true,"href":"https:\/\/temucotelevision.cl\/web\/wp-json\/wp\/v2\/media\/45946"}],"wp:attachment":[{"href":"https:\/\/temucotelevision.cl\/web\/wp-json\/wp\/v2\/media?parent=45944"}],"wp:term":[{"taxonomy":"category","embeddable":true,"href":"https:\/\/temucotelevision.cl\/web\/wp-json\/wp\/v2\/categories?post=45944"},{"taxonomy":"post_tag","embeddable":true,"href":"https:\/\/temucotelevision.cl\/web\/wp-json\/wp\/v2\/tags?post=45944"}],"curies":[{"name":"wp","href":"https:\/\/api.w.org\/{rel}","templated":true}]}}