{"id":45941,"date":"2023-11-03T12:26:49","date_gmt":"2023-11-03T15:26:49","guid":{"rendered":"https:\/\/temucotelevision.cl\/web\/?p=45941"},"modified":"2023-11-03T12:26:50","modified_gmt":"2023-11-03T15:26:50","slug":"hospital-intercultural-makewe-inicio-la-apertura-de-servicios-en-nuevo-establecimiento","status":"publish","type":"post","link":"https:\/\/temucotelevision.cl\/web\/2023\/11\/03\/hospital-intercultural-makewe-inicio-la-apertura-de-servicios-en-nuevo-establecimiento\/","title":{"rendered":"Hospital Intercultural Makewe inici\u00f3 la apertura de servicios en nuevo establecimiento"},"content":{"rendered":"<div class=\"pvc_clear\"><\/div><p id=\"pvc_stats_45941\" class=\"pvc_stats total_only  \" data-element-id=\"45941\" style=\"\"><i class=\"pvc-stats-icon large\" aria-hidden=\"true\"><svg aria-hidden=\"true\" focusable=\"false\" data-prefix=\"far\" data-icon=\"chart-bar\" role=\"img\" xmlns=\"http:\/\/www.w3.org\/2000\/svg\" viewBox=\"0 0 512 512\" class=\"svg-inline--fa fa-chart-bar fa-w-16 fa-2x\"><path fill=\"currentColor\" d=\"M396.8 352h22.4c6.4 0 12.8-6.4 12.8-12.8V108.8c0-6.4-6.4-12.8-12.8-12.8h-22.4c-6.4 0-12.8 6.4-12.8 12.8v230.4c0 6.4 6.4 12.8 12.8 12.8zm-192 0h22.4c6.4 0 12.8-6.4 12.8-12.8V140.8c0-6.4-6.4-12.8-12.8-12.8h-22.4c-6.4 0-12.8 6.4-12.8 12.8v198.4c0 6.4 6.4 12.8 12.8 12.8zm96 0h22.4c6.4 0 12.8-6.4 12.8-12.8V204.8c0-6.4-6.4-12.8-12.8-12.8h-22.4c-6.4 0-12.8 6.4-12.8 12.8v134.4c0 6.4 6.4 12.8 12.8 12.8zM496 400H48V80c0-8.84-7.16-16-16-16H16C7.16 64 0 71.16 0 80v336c0 17.67 14.33 32 32 32h464c8.84 0 16-7.16 16-16v-16c0-8.84-7.16-16-16-16zm-387.2-48h22.4c6.4 0 12.8-6.4 12.8-12.8v-70.4c0-6.4-6.4-12.8-12.8-12.8h-22.4c-6.4 0-12.8 6.4-12.8 12.8v70.4c0 6.4 6.4 12.8 12.8 12.8z\" class=\"\"><\/path><\/svg><\/i> <img loading=\"lazy\" decoding=\"async\" width=\"16\" height=\"16\" alt=\"Loading\" src=\"https:\/\/temucotelevision.cl\/web\/wp-content\/plugins\/page-views-count\/ajax-loader-2x.gif\" border=0 \/><\/p><div class=\"pvc_clear\"><\/div>\n<p><em>Hospital delegado que administra la asociaci\u00f3n ind\u00edgena Makewe-Pelale se integrar\u00e1 a la red asistencial de Caut\u00edn.<\/em><\/p>\n\n\n\n<p>Desde el 1 de noviembre el Hospital Intercultural Makewe marc\u00f3 un hito crucial en su proceso de normalizaci\u00f3n con el traslado a sus nuevas instalaciones y el inicio de sus primeras prestaciones en el establecimiento que cuenta con una superficie de 4.172 m2 construidos, equipado para ofrecer una gama integral de prestaciones de salud para los habitantes del territorio rural de la comuna de Padre Las Casas.<\/p>\n\n\n\n<p>As\u00ed lo confirm\u00f3 el director del hospital, Francisco Chureo Z\u00fa\u00f1iga, quien comparti\u00f3 detalles del proceso. \u201cDurante la ma\u00f1ana hicimos la apertura general, pero partimos el d\u00eda martes con algunas iglesias del sector y los dirigentes de las comunidades, para recibir la urgencia y todo el hospital. Bendijeron el hospital con una oraci\u00f3n de agradecimiento, as\u00ed que estamos muy contentos de haber hecho eso\u201d.<\/p>\n\n\n\n<p><strong>Cartera de prestaciones<\/strong><\/p>\n\n\n\n<p>El hospital integrar\u00e1 una cartera de prestaciones que responde al modelo de atenci\u00f3n de un hospital familiar y comunitario, entre las cuales se incluye atenci\u00f3n abierta, que abarca servicios de medicina general seg\u00fan ciclo vital y la ejecuci\u00f3n de programas del Ministerio de Salud, mientras que en atenci\u00f3n cerrada, integrar\u00e1 24 camas de hospitalizaci\u00f3n b\u00e1sicas a la red asistencial y un equipo multidisciplinario para la atenci\u00f3n, con un modelo de atenci\u00f3n que complementa la atenci\u00f3n de salud tradicional, con un acompa\u00f1amiento para facilitar a los usuarios la atenci\u00f3n con agentes de medicina ancestral mapuche.<\/p>\n\n\n\n<p>El nuevo establecimiento adem\u00e1s incluir\u00e1 servicios de apoyo al diagn\u00f3stico como radiolog\u00eda simple, osteopulmonar y dental, ex\u00e1menes de laboratorio, traslado de usuarios de urgencia y hospitalizados a centros de mayor complejidad, as\u00ed como un vacunatorio para programas y campa\u00f1as ministeriales.<\/p>\n\n\n\n<p>\u201cProyectamos que, para el otro a\u00f1o, podamos activar unidades pendientes una vez que llegue el equipo de rayos y el equipo de autoclave de esterilizaci\u00f3n\u201d, explic\u00f3 el subdirector administrativo del establecimiento, Mario Meri\u00f1o Naval\u00f3n, quien agreg\u00f3 que la normalizaci\u00f3n \u201cpermitir\u00e1 un aumento en la dotaci\u00f3n de personal, que llegar\u00e1 a cerca de 140 funcionarios y funcionarias\u201d.<\/p>\n\n\n\n<p><strong>Trabajo colaborativo y enfoque intercultural<\/strong><\/p>\n\n\n\n<p>Vladimir Y\u00e1\u00f1ez M\u00e9ndez, Director del Servicio de Salud Araucan\u00eda Sur (SSAS), expres\u00f3 su alegr\u00eda por la culminaci\u00f3n del proyecto. \u201cEstamos muy satisfechos, contentos por el proceso que estamos llevando a cabo. Este hospital, administrado por la Asociaci\u00f3n Ind\u00edgena Makewe-Pelale, representa una de las experiencias de mayor relevancia a nivel nacional en t\u00e9rminos del trabajo asociativo y colaborativo con la comunidad ind\u00edgena y particularmente con el mundo mapuche\u201d, afirm\u00f3 la autoridad.<\/p>\n\n\n\n<p>El nuevo establecimiento, integrado a la red del SSAS, \u201ces un Hospital Familiar y Comunitario con 24 camas, dise\u00f1ado para responder a las necesidades del territorio, donde el 90% de la poblaci\u00f3n es ind\u00edgena mapuche\u201d, expres\u00f3 el Director.<\/p>\n\n\n\n<p>Con las nuevas instalaciones, se marca un hito en la mejora en la cobertura de atenciones en la comuna de Padre Las Casas, permitiendo un acceso m\u00e1s amplio a una atenci\u00f3n de salud con garant\u00edas de calidad y seguridad para las y los habitantes del sector.<\/p>\n","protected":false},"excerpt":{"rendered":"<div class=\"pvc_clear\"><\/div>\n<p id=\"pvc_stats_45941\" class=\"pvc_stats total_only  \" data-element-id=\"45941\" style=\"\"><i class=\"pvc-stats-icon large\" aria-hidden=\"true\"><svg aria-hidden=\"true\" focusable=\"false\" data-prefix=\"far\" data-icon=\"chart-bar\" role=\"img\" xmlns=\"http:\/\/www.w3.org\/2000\/svg\" viewBox=\"0 0 512 512\" class=\"svg-inline--fa fa-chart-bar fa-w-16 fa-2x\"><path fill=\"currentColor\" d=\"M396.8 352h22.4c6.4 0 12.8-6.4 12.8-12.8V108.8c0-6.4-6.4-12.8-12.8-12.8h-22.4c-6.4 0-12.8 6.4-12.8 12.8v230.4c0 6.4 6.4 12.8 12.8 12.8zm-192 0h22.4c6.4 0 12.8-6.4 12.8-12.8V140.8c0-6.4-6.4-12.8-12.8-12.8h-22.4c-6.4 0-12.8 6.4-12.8 12.8v198.4c0 6.4 6.4 12.8 12.8 12.8zm96 0h22.4c6.4 0 12.8-6.4 12.8-12.8V204.8c0-6.4-6.4-12.8-12.8-12.8h-22.4c-6.4 0-12.8 6.4-12.8 12.8v134.4c0 6.4 6.4 12.8 12.8 12.8zM496 400H48V80c0-8.84-7.16-16-16-16H16C7.16 64 0 71.16 0 80v336c0 17.67 14.33 32 32 32h464c8.84 0 16-7.16 16-16v-16c0-8.84-7.16-16-16-16zm-387.2-48h22.4c6.4 0 12.8-6.4 12.8-12.8v-70.4c0-6.4-6.4-12.8-12.8-12.8h-22.4c-6.4 0-12.8 6.4-12.8 12.8v70.4c0 6.4 6.4 12.8 12.8 12.8z\" class=\"\"><\/path><\/svg><\/i> <img loading=\"lazy\" decoding=\"async\" width=\"16\" height=\"16\" alt=\"Loading\" src=\"https:\/\/temucotelevision.cl\/web\/wp-content\/plugins\/page-views-count\/ajax-loader-2x.gif\" border=0 \/><\/p>\n<div class=\"pvc_clear\"><\/div>\n<p>Hospital delegado que administra la asociaci\u00f3n ind\u00edgena Makewe-Pelale se integrar\u00e1 a la red asistencial de Caut\u00edn. Desde el 1 de<\/p>\n","protected":false},"author":1,"featured_media":45942,"comment_status":"open","ping_status":"open","sticky":false,"template":"","format":"standard","meta":{"colormag_page_container_layout":"default_layout","colormag_page_sidebar_layout":"default_layout","footnotes":""},"categories":[15],"tags":[128,6796,920],"class_list":["post-45941","post","type-post","status-publish","format-standard","has-post-thumbnail","hentry","category-la-araucania","tag-hospital","tag-makewe","tag-servicios"],"a3_pvc":{"activated":true,"total_views":2326,"today_views":0},"_links":{"self":[{"href":"https:\/\/temucotelevision.cl\/web\/wp-json\/wp\/v2\/posts\/45941","targetHints":{"allow":["GET"]}}],"collection":[{"href":"https:\/\/temucotelevision.cl\/web\/wp-json\/wp\/v2\/posts"}],"about":[{"href":"https:\/\/temucotelevision.cl\/web\/wp-json\/wp\/v2\/types\/post"}],"author":[{"embeddable":true,"href":"https:\/\/temucotelevision.cl\/web\/wp-json\/wp\/v2\/users\/1"}],"replies":[{"embeddable":true,"href":"https:\/\/temucotelevision.cl\/web\/wp-json\/wp\/v2\/comments?post=45941"}],"version-history":[{"count":1,"href":"https:\/\/temucotelevision.cl\/web\/wp-json\/wp\/v2\/posts\/45941\/revisions"}],"predecessor-version":[{"id":45943,"href":"https:\/\/temucotelevision.cl\/web\/wp-json\/wp\/v2\/posts\/45941\/revisions\/45943"}],"wp:featuredmedia":[{"embeddable":true,"href":"https:\/\/temucotelevision.cl\/web\/wp-json\/wp\/v2\/media\/45942"}],"wp:attachment":[{"href":"https:\/\/temucotelevision.cl\/web\/wp-json\/wp\/v2\/media?parent=45941"}],"wp:term":[{"taxonomy":"category","embeddable":true,"href":"https:\/\/temucotelevision.cl\/web\/wp-json\/wp\/v2\/categories?post=45941"},{"taxonomy":"post_tag","embeddable":true,"href":"https:\/\/temucotelevision.cl\/web\/wp-json\/wp\/v2\/tags?post=45941"}],"curies":[{"name":"wp","href":"https:\/\/api.w.org\/{rel}","templated":true}]}}