{"id":45938,"date":"2023-11-02T21:55:34","date_gmt":"2023-11-03T00:55:34","guid":{"rendered":"https:\/\/temucotelevision.cl\/web\/?p=45938"},"modified":"2023-11-02T21:55:35","modified_gmt":"2023-11-03T00:55:35","slug":"universidad-mayor-y-municipalidad-de-temuco-invitan-a-nueva-version-de-la-dog-run-en-parque-isla-cautin","status":"publish","type":"post","link":"https:\/\/temucotelevision.cl\/web\/2023\/11\/02\/universidad-mayor-y-municipalidad-de-temuco-invitan-a-nueva-version-de-la-dog-run-en-parque-isla-cautin\/","title":{"rendered":"Universidad Mayor y Municipalidad de Temuco invitan a nueva versi\u00f3n de la Dog Run en Parque Isla Caut\u00edn"},"content":{"rendered":"<div class=\"pvc_clear\"><\/div><p id=\"pvc_stats_45938\" class=\"pvc_stats total_only  \" data-element-id=\"45938\" style=\"\"><i class=\"pvc-stats-icon large\" aria-hidden=\"true\"><svg aria-hidden=\"true\" focusable=\"false\" data-prefix=\"far\" data-icon=\"chart-bar\" role=\"img\" xmlns=\"http:\/\/www.w3.org\/2000\/svg\" viewBox=\"0 0 512 512\" class=\"svg-inline--fa fa-chart-bar fa-w-16 fa-2x\"><path fill=\"currentColor\" d=\"M396.8 352h22.4c6.4 0 12.8-6.4 12.8-12.8V108.8c0-6.4-6.4-12.8-12.8-12.8h-22.4c-6.4 0-12.8 6.4-12.8 12.8v230.4c0 6.4 6.4 12.8 12.8 12.8zm-192 0h22.4c6.4 0 12.8-6.4 12.8-12.8V140.8c0-6.4-6.4-12.8-12.8-12.8h-22.4c-6.4 0-12.8 6.4-12.8 12.8v198.4c0 6.4 6.4 12.8 12.8 12.8zm96 0h22.4c6.4 0 12.8-6.4 12.8-12.8V204.8c0-6.4-6.4-12.8-12.8-12.8h-22.4c-6.4 0-12.8 6.4-12.8 12.8v134.4c0 6.4 6.4 12.8 12.8 12.8zM496 400H48V80c0-8.84-7.16-16-16-16H16C7.16 64 0 71.16 0 80v336c0 17.67 14.33 32 32 32h464c8.84 0 16-7.16 16-16v-16c0-8.84-7.16-16-16-16zm-387.2-48h22.4c6.4 0 12.8-6.4 12.8-12.8v-70.4c0-6.4-6.4-12.8-12.8-12.8h-22.4c-6.4 0-12.8 6.4-12.8 12.8v70.4c0 6.4 6.4 12.8 12.8 12.8z\" class=\"\"><\/path><\/svg><\/i> <img loading=\"lazy\" decoding=\"async\" width=\"16\" height=\"16\" alt=\"Loading\" src=\"https:\/\/temucotelevision.cl\/web\/wp-content\/plugins\/page-views-count\/ajax-loader-2x.gif\" border=0 \/><\/p><div class=\"pvc_clear\"><\/div>\n<p><em>El evento familiar gratuito, orientado a la tenencia responsable de mascotas, se llevar\u00e1 a cabo este domingo 05 de noviembre, desde las 09.00 horas, e incluir\u00e1 cuatro categor\u00edas: razas peque\u00f1as, medianas y grandes, y perros en situaci\u00f3n de discapacidad.<\/em><\/p>\n\n\n\n<p>Este domingo 05 de noviembre, desde las 09.00 horas, en el Parque Isla Caut\u00edn, se desarrollar\u00e1 una nueva versi\u00f3n de la Dog Run, organizada por la carrera de Medicina Veterinaria de la Universidad Mayor, junto a la Corporaci\u00f3n de Deportes y la Unidad de Parques Urbanos de la Municipalidad de Temuco.<\/p>\n\n\n\n<p>La competencia, orientada a la tenencia responsable de mascotas, incluir\u00e1 cuatro categor\u00edas: razas peque\u00f1as (de 1 a 10 kilos), razas medianas (de 11 a 20 kilos) y razas grandes (m\u00e1s de 21 kilos), adem\u00e1s de perros en situaci\u00f3n de discapacidad.<\/p>\n\n\n\n<p>\u201cEsta nueva versi\u00f3n de la tradicional Dog Run tiene por objetivo reunir a la familia multiespecie en torno a la tenencia responsable y la actividad f\u00edsica, en un ambiente de sana competencia, diversi\u00f3n y educaci\u00f3n\u201d, adelanta la directora de Medicina Veterinaria de la Universidad Mayor sede Temuco, Fernanda Araneda.<\/p>\n\n\n\n<p>\u201cEste es un evento que las familias esperan a\u00f1o a a\u00f1o y que permite promover el v\u00ednculo humano-animal positivo a trav\u00e9s del cuidado, afecto y tenencia responsable. Es una actividad que nos llena de orgullo, ya que participan nuestros estudiantes y docentes en la examinaci\u00f3n cl\u00ednica de los perritos que van a correr, en la organizaci\u00f3n y en las charlas educativas\u201d, agrega la acad\u00e9mica.<\/p>\n\n\n\n<p>Este a\u00f1o la Dog Run contar\u00e1 con m\u00e1s de 15 <em>stands<\/em> de emprendedores regionales del rubro de los animales de compa\u00f1\u00eda, adem\u00e1s de grandes auspiciadores que tendr\u00e1n muchas sorpresas para los participantes.<\/p>\n\n\n\n<p>\u201cNi\u00f1os y adultos pueden caminar o correr con su perro en un circuito, de aproximadamente dos kil\u00f3metros, que se realizar\u00e1 al interior del Parque Isla Caut\u00edn. Por lo que, la invitaci\u00f3n es a sumarse a esta competencia que se desarrollar\u00e1 dentro de los senderos, en un entorno privilegiado\u201d, destaca la Dra. Araneda.<\/p>\n\n\n\n<p><strong>C\u00d3MO PARTICIPAR<\/strong><\/p>\n\n\n\n<p>Quienes deseen participar podr\u00e1n inscribirse el domingo, de 09.00 a 11.00 horas, en el Parque Isla Caut\u00edn, momento en el que adem\u00e1s se realizar\u00e1 un examen cl\u00ednico. Tras ello, se dar\u00e1 inicio a la largada.<\/p>\n\n\n\n<p>Paralelamente, de 11.45 a 12.00 horas, habr\u00e1 concursos para esperar la premiaci\u00f3n, que ser\u00e1 al mediod\u00eda. Mientras que, de 10.00 a 17.00 horas, tendr\u00e1 lugar la Pet Fest, con <em>stands<\/em> de venta de art\u00edculos para mascotas.<\/p>\n\n\n\n<p>Para que se autorice la competici\u00f3n de un perro y su tutor, es requisito presentar a la mascota al chequeo m\u00e9dico veterinario. Adem\u00e1s, \u00e9sta debe presentar su certificado de vacunaci\u00f3n antirr\u00e1bica vigente y el certificado del Registro de Mascotas.<\/p>\n\n\n\n<p>Dentro de las restricciones, no podr\u00e1n competir razas braquiocef\u00e1licas, es decir: Pug, Bulldog Ingl\u00e9s, Bulldog Franc\u00e9s y Pekin\u00e9s, entre otros. Perros B\u00f3xer podr\u00e1n hacerlo si en el examen veterinario son evaluados como aptos, por tener un hocico no demasiado corto y no presentar estrechez de las fosas nasales.<\/p>\n\n\n\n<p>No pueden competir hembras gestantes, ni en lactancia. Tampoco, mascotas con cirug\u00edas recientes o que se encuentren en tratamiento de alguna patolog\u00eda cr\u00f3nica que comprometa el estado f\u00edsico y rendimiento deportivos del mismo (enfermedad renal, card\u00edaca, trastornos endocrinos y epilepsia, artrosis, etc\u00e9tera).<\/p>\n\n\n\n<p>Podr\u00e1n competir perros gerontes siempre que presenten certificado m\u00e9dico veterinario que acredite que est\u00e1 apto para correr. Mascotas obesas solo podr\u00e1n competir caminando.<\/p>\n\n\n\n<p><strong>RECOMENDACIONES<\/strong><\/p>\n\n\n\n<p>Algunas de las recomendaciones que entrega la Dra. Araneda, son llegar con tiempo para inscribirse, mantener siempre con arn\u00e9s y correa a las mascotas, con el fin de evitar accidentes por mordedura, y que circulen solo por las \u00e1reas delimitadas. \u201cCuidar el parque y las zonas de nidificaci\u00f3n de aves, es parte de ser un tutor responsable\u201d, se\u00f1ala la acad\u00e9mica.<\/p>\n\n\n\n<p>Asimismo, se deben llevar botellas reutilizables para la hidrataci\u00f3n de tutores y mascotas, para reducir el uso de vasos y botellas desechables. \u201cLos invitamos a participar y disfrutar de la carrera junto a sus mascotas\u201d, concluye la directora de Medicina Veterinaria U. Mayor.<\/p>\n","protected":false},"excerpt":{"rendered":"<div class=\"pvc_clear\"><\/div>\n<p id=\"pvc_stats_45938\" class=\"pvc_stats total_only  \" data-element-id=\"45938\" style=\"\"><i class=\"pvc-stats-icon large\" aria-hidden=\"true\"><svg aria-hidden=\"true\" focusable=\"false\" data-prefix=\"far\" data-icon=\"chart-bar\" role=\"img\" xmlns=\"http:\/\/www.w3.org\/2000\/svg\" viewBox=\"0 0 512 512\" class=\"svg-inline--fa fa-chart-bar fa-w-16 fa-2x\"><path fill=\"currentColor\" d=\"M396.8 352h22.4c6.4 0 12.8-6.4 12.8-12.8V108.8c0-6.4-6.4-12.8-12.8-12.8h-22.4c-6.4 0-12.8 6.4-12.8 12.8v230.4c0 6.4 6.4 12.8 12.8 12.8zm-192 0h22.4c6.4 0 12.8-6.4 12.8-12.8V140.8c0-6.4-6.4-12.8-12.8-12.8h-22.4c-6.4 0-12.8 6.4-12.8 12.8v198.4c0 6.4 6.4 12.8 12.8 12.8zm96 0h22.4c6.4 0 12.8-6.4 12.8-12.8V204.8c0-6.4-6.4-12.8-12.8-12.8h-22.4c-6.4 0-12.8 6.4-12.8 12.8v134.4c0 6.4 6.4 12.8 12.8 12.8zM496 400H48V80c0-8.84-7.16-16-16-16H16C7.16 64 0 71.16 0 80v336c0 17.67 14.33 32 32 32h464c8.84 0 16-7.16 16-16v-16c0-8.84-7.16-16-16-16zm-387.2-48h22.4c6.4 0 12.8-6.4 12.8-12.8v-70.4c0-6.4-6.4-12.8-12.8-12.8h-22.4c-6.4 0-12.8 6.4-12.8 12.8v70.4c0 6.4 6.4 12.8 12.8 12.8z\" class=\"\"><\/path><\/svg><\/i> <img loading=\"lazy\" decoding=\"async\" width=\"16\" height=\"16\" alt=\"Loading\" src=\"https:\/\/temucotelevision.cl\/web\/wp-content\/plugins\/page-views-count\/ajax-loader-2x.gif\" border=0 \/><\/p>\n<div class=\"pvc_clear\"><\/div>\n<p>El evento familiar gratuito, orientado a la tenencia responsable de mascotas, se llevar\u00e1 a cabo este domingo 05 de noviembre,<\/p>\n","protected":false},"author":1,"featured_media":45939,"comment_status":"open","ping_status":"open","sticky":false,"template":"","format":"standard","meta":{"colormag_page_container_layout":"default_layout","colormag_page_sidebar_layout":"default_layout","footnotes":""},"categories":[86],"tags":[5821,6795],"class_list":["post-45938","post","type-post","status-publish","format-standard","has-post-thumbnail","hentry","category-panoramas","tag-dog-run","tag-parque-isla-cautin"],"a3_pvc":{"activated":true,"total_views":2314,"today_views":0},"_links":{"self":[{"href":"https:\/\/temucotelevision.cl\/web\/wp-json\/wp\/v2\/posts\/45938","targetHints":{"allow":["GET"]}}],"collection":[{"href":"https:\/\/temucotelevision.cl\/web\/wp-json\/wp\/v2\/posts"}],"about":[{"href":"https:\/\/temucotelevision.cl\/web\/wp-json\/wp\/v2\/types\/post"}],"author":[{"embeddable":true,"href":"https:\/\/temucotelevision.cl\/web\/wp-json\/wp\/v2\/users\/1"}],"replies":[{"embeddable":true,"href":"https:\/\/temucotelevision.cl\/web\/wp-json\/wp\/v2\/comments?post=45938"}],"version-history":[{"count":1,"href":"https:\/\/temucotelevision.cl\/web\/wp-json\/wp\/v2\/posts\/45938\/revisions"}],"predecessor-version":[{"id":45940,"href":"https:\/\/temucotelevision.cl\/web\/wp-json\/wp\/v2\/posts\/45938\/revisions\/45940"}],"wp:featuredmedia":[{"embeddable":true,"href":"https:\/\/temucotelevision.cl\/web\/wp-json\/wp\/v2\/media\/45939"}],"wp:attachment":[{"href":"https:\/\/temucotelevision.cl\/web\/wp-json\/wp\/v2\/media?parent=45938"}],"wp:term":[{"taxonomy":"category","embeddable":true,"href":"https:\/\/temucotelevision.cl\/web\/wp-json\/wp\/v2\/categories?post=45938"},{"taxonomy":"post_tag","embeddable":true,"href":"https:\/\/temucotelevision.cl\/web\/wp-json\/wp\/v2\/tags?post=45938"}],"curies":[{"name":"wp","href":"https:\/\/api.w.org\/{rel}","templated":true}]}}