{"id":45934,"date":"2023-11-02T21:35:59","date_gmt":"2023-11-03T00:35:59","guid":{"rendered":"https:\/\/temucotelevision.cl\/web\/?p=45934"},"modified":"2023-11-02T21:36:00","modified_gmt":"2023-11-03T00:36:00","slug":"trabajo-conjunto-para-preservar-la-naturaleza-estrategias-publico-privadas-contra-los-incendios-forestales-en-la-araucania","status":"publish","type":"post","link":"https:\/\/temucotelevision.cl\/web\/2023\/11\/02\/trabajo-conjunto-para-preservar-la-naturaleza-estrategias-publico-privadas-contra-los-incendios-forestales-en-la-araucania\/","title":{"rendered":"Trabajo conjunto para preservar la naturaleza: Estrategias P\u00fablico-Privadas contra los incendios forestales en La Araucan\u00eda"},"content":{"rendered":"<div class=\"pvc_clear\"><\/div><p id=\"pvc_stats_45934\" class=\"pvc_stats total_only  \" data-element-id=\"45934\" style=\"\"><i class=\"pvc-stats-icon large\" aria-hidden=\"true\"><svg aria-hidden=\"true\" focusable=\"false\" data-prefix=\"far\" data-icon=\"chart-bar\" role=\"img\" xmlns=\"http:\/\/www.w3.org\/2000\/svg\" viewBox=\"0 0 512 512\" class=\"svg-inline--fa fa-chart-bar fa-w-16 fa-2x\"><path fill=\"currentColor\" d=\"M396.8 352h22.4c6.4 0 12.8-6.4 12.8-12.8V108.8c0-6.4-6.4-12.8-12.8-12.8h-22.4c-6.4 0-12.8 6.4-12.8 12.8v230.4c0 6.4 6.4 12.8 12.8 12.8zm-192 0h22.4c6.4 0 12.8-6.4 12.8-12.8V140.8c0-6.4-6.4-12.8-12.8-12.8h-22.4c-6.4 0-12.8 6.4-12.8 12.8v198.4c0 6.4 6.4 12.8 12.8 12.8zm96 0h22.4c6.4 0 12.8-6.4 12.8-12.8V204.8c0-6.4-6.4-12.8-12.8-12.8h-22.4c-6.4 0-12.8 6.4-12.8 12.8v134.4c0 6.4 6.4 12.8 12.8 12.8zM496 400H48V80c0-8.84-7.16-16-16-16H16C7.16 64 0 71.16 0 80v336c0 17.67 14.33 32 32 32h464c8.84 0 16-7.16 16-16v-16c0-8.84-7.16-16-16-16zm-387.2-48h22.4c6.4 0 12.8-6.4 12.8-12.8v-70.4c0-6.4-6.4-12.8-12.8-12.8h-22.4c-6.4 0-12.8 6.4-12.8 12.8v70.4c0 6.4 6.4 12.8 12.8 12.8z\" class=\"\"><\/path><\/svg><\/i> <img loading=\"lazy\" decoding=\"async\" width=\"16\" height=\"16\" alt=\"Loading\" src=\"https:\/\/temucotelevision.cl\/web\/wp-content\/plugins\/page-views-count\/ajax-loader-2x.gif\" border=0 \/><\/p><div class=\"pvc_clear\"><\/div>\n<p>En la comuna de Padre Las Casas, se reunieron diversas instituciones, en un encuentro organizado por la Corporaci\u00f3n Nacional Forestal, CONAF.<\/p>\n\n\n\n<p>Con el objetivo de afinar un trabajo en conjunto, previo al per\u00edodo de mayor ocurrencia de incendios, se realiz\u00f3 en la comuna Padre Las Casas, el Seminario \u201cCoordinaci\u00f3n P\u00fablico-Privada de Acciones de Prevenci\u00f3n de Incendios 2023-2024\u201d. A la ceremonia inaugural asistieron el seremi de agricultura, H\u00e9ctor Cumilaf, seremi de Educaci\u00f3n, Marcela Castro, seremi de Medio Ambiente, Feliz Contreras, la directora Senapred La Araucan\u00eda, Janet Medrano; la directora de CONAF La Araucan\u00eda, Mar\u00eda Teresa Huentequeo y el presidente de CORMA (La Araucan\u00eda, Los R\u00edos y Los Lagos) Antonio Soto.<\/p>\n\n\n\n<p>\u201cDefinitivamente estamos aqu\u00ed fortaleciendo todo este nuevo modelo de abordaje de los incendios, ya que hoy en d\u00eda la mirada est\u00e1 puesta en los procesos, tanto de prevenci\u00f3n y mitigaci\u00f3n para enfrentar los periodos estivales de emergencia. Por lo tanto, hoy en d\u00eda el llamado es a la prevenci\u00f3n y tambi\u00e9n a la corresponsabilidad de todos los actores, esta responsabilidad es tanto individual como colectiva e institucional por eso, es tan relevante realizar este encuentro, convocar a los distintos actores y articularnos para poder generar estos procesos preventivos y de mitigaci\u00f3n\u201d, destac\u00f3 la directora regional de CONAF, Mar\u00eda Teresa Huentequeo.<\/p>\n\n\n\n<p>Con la coordinaci\u00f3n de toda la institucionalidad se busca una mejor preparaci\u00f3n para el pr\u00f3ximo periodo estival, \u201ctodos los pron\u00f3sticos nos indican que esta temporada ser\u00e1 m\u00e1s compleja que el a\u00f1o anterior por lo tanto, tenemos que estar m\u00e1s preparados, como Gobierno del Presidente Gabriel Boric hemos avanzado particularmente en darle prioridad a la tramitaci\u00f3n del nuevo Servicio Forestal, adem\u00e1s se presentar una nueva ley de incendios, la cual, buscar\u00e1 crear y actualizar distintos instrumentos para prevenir y mitigar los incendios rurales en el pa\u00eds\u201d, explic\u00f3 el seremi de Agricultura, H\u00e9ctor Cumilaf.<\/p>\n\n\n\n<p><strong>Prevenci\u00f3n y combate de los incendios<\/strong><\/p>\n\n\n\n<p>Representantes de la Corporaci\u00f3n Nacional Forestal (CONAF), Corporaci\u00f3n Chilena de la Madera (CORMA), Servicio Nacional de Prevenci\u00f3n y Respuesta ante Desastres (SENAPRED), Fiscal\u00eda, Bomberos, Corporaci\u00f3n Nacional de Desarrollo Ind\u00edgena (CONADI), Municipalidad de Temuco, Direcci\u00f3n de Vialidad, Forestal Arauco y Sociedad de Fomento Agr\u00edcola de Temuco (SOFO) participaron en la actividad exponiendo la labor que se ha ejecutado para evitar este tipo de emergencias que pueden cobrar vidas humanas, adem\u00e1s de generar impacto ambiental y social.<\/p>\n\n\n\n<p>Este encuentro para el presidente CORMA, (La Araucan\u00eda, Los R\u00edos, Los Lagos) Antonio Soto, \u201ces vital, por la experiencia que hemos tenido, lo que pas\u00f3 el a\u00f1o pasado que ya en gran parte lo hicimos pero este a\u00f1o hemos reforzado mucho la vinculaci\u00f3n p\u00fablico privada, justamente para aunar esfuerzos y poder enfrentar esto y en todo sentido desde el punto de vista de la prevenci\u00f3n, el combate de los incendios,&nbsp; as\u00ed que, es s\u00faper importante para estar preparados para poder enfrentar la temporada que se nos avecina\u201d.<\/p>\n\n\n\n<p>\u201cEs realmente importante observar esta articulaci\u00f3n de los distintos sectores. Tenemos hoy d\u00eda, una l\u00ednea de trabajo, donde justamente la idea principal es fortalecer esto, la intersectorialidad y sobre todo que cada uno asuma las responsabilidades que les corresponda dentro de este proceso.&nbsp; Hoy d\u00eda, hay una estrategia de fortalecimiento del trabajos para incendios forestales, donde justamente lo m\u00e1s importante es destacar este trabajo integrado entre los distintos actores, entonces definitivamente tener este tipo de instancias se transforma en realidad en una iniciativa fundamental para justamente poder fortalecer y difundir este objetivo\u201d, mencion\u00f3 la directora SENAPRED, Janet Medrano.<\/p>\n\n\n\n<p>Los asistentes al seminario coincidieron en destacar la relevancia del encuentro de coordinaci\u00f3n, momento en que se abordaron diversos temas, entre ellos el uso del fuego como herramienta preventiva y mitigadora, la investigaci\u00f3n de causas de los incendios, la gesti\u00f3n de vegetaci\u00f3n y ordenamiento territorial, la gesti\u00f3n comunitaria para la preparaci\u00f3n a la respuesta y la coordinaci\u00f3n p\u00fablico-privada.<\/p>\n\n\n\n<figure class=\"wp-block-image size-full\"><img loading=\"lazy\" decoding=\"async\" width=\"800\" height=\"455\" src=\"https:\/\/temucotelevision.cl\/web\/wp-content\/uploads\/2023\/11\/Seminario3.jpg\" alt=\"\" class=\"wp-image-45936\" srcset=\"https:\/\/temucotelevision.cl\/web\/wp-content\/uploads\/2023\/11\/Seminario3.jpg 800w, https:\/\/temucotelevision.cl\/web\/wp-content\/uploads\/2023\/11\/Seminario3-768x437.jpg 768w\" sizes=\"auto, (max-width: 800px) 100vw, 800px\" \/><\/figure>\n","protected":false},"excerpt":{"rendered":"<div class=\"pvc_clear\"><\/div>\n<p id=\"pvc_stats_45934\" class=\"pvc_stats total_only  \" data-element-id=\"45934\" style=\"\"><i class=\"pvc-stats-icon large\" aria-hidden=\"true\"><svg aria-hidden=\"true\" focusable=\"false\" data-prefix=\"far\" data-icon=\"chart-bar\" role=\"img\" xmlns=\"http:\/\/www.w3.org\/2000\/svg\" viewBox=\"0 0 512 512\" class=\"svg-inline--fa fa-chart-bar fa-w-16 fa-2x\"><path fill=\"currentColor\" d=\"M396.8 352h22.4c6.4 0 12.8-6.4 12.8-12.8V108.8c0-6.4-6.4-12.8-12.8-12.8h-22.4c-6.4 0-12.8 6.4-12.8 12.8v230.4c0 6.4 6.4 12.8 12.8 12.8zm-192 0h22.4c6.4 0 12.8-6.4 12.8-12.8V140.8c0-6.4-6.4-12.8-12.8-12.8h-22.4c-6.4 0-12.8 6.4-12.8 12.8v198.4c0 6.4 6.4 12.8 12.8 12.8zm96 0h22.4c6.4 0 12.8-6.4 12.8-12.8V204.8c0-6.4-6.4-12.8-12.8-12.8h-22.4c-6.4 0-12.8 6.4-12.8 12.8v134.4c0 6.4 6.4 12.8 12.8 12.8zM496 400H48V80c0-8.84-7.16-16-16-16H16C7.16 64 0 71.16 0 80v336c0 17.67 14.33 32 32 32h464c8.84 0 16-7.16 16-16v-16c0-8.84-7.16-16-16-16zm-387.2-48h22.4c6.4 0 12.8-6.4 12.8-12.8v-70.4c0-6.4-6.4-12.8-12.8-12.8h-22.4c-6.4 0-12.8 6.4-12.8 12.8v70.4c0 6.4 6.4 12.8 12.8 12.8z\" class=\"\"><\/path><\/svg><\/i> <img loading=\"lazy\" decoding=\"async\" width=\"16\" height=\"16\" alt=\"Loading\" src=\"https:\/\/temucotelevision.cl\/web\/wp-content\/plugins\/page-views-count\/ajax-loader-2x.gif\" border=0 \/><\/p>\n<div class=\"pvc_clear\"><\/div>\n<p>En la comuna de Padre Las Casas, se reunieron diversas instituciones, en un encuentro organizado por la Corporaci\u00f3n Nacional Forestal,<\/p>\n","protected":false},"author":1,"featured_media":45935,"comment_status":"open","ping_status":"open","sticky":false,"template":"","format":"standard","meta":{"colormag_page_container_layout":"default_layout","colormag_page_sidebar_layout":"default_layout","footnotes":""},"categories":[15],"tags":[425,127,4523],"class_list":["post-45934","post","type-post","status-publish","format-standard","has-post-thumbnail","hentry","category-la-araucania","tag-conaf","tag-incendios-forestales","tag-instituciones"],"a3_pvc":{"activated":true,"total_views":1342,"today_views":0},"_links":{"self":[{"href":"https:\/\/temucotelevision.cl\/web\/wp-json\/wp\/v2\/posts\/45934","targetHints":{"allow":["GET"]}}],"collection":[{"href":"https:\/\/temucotelevision.cl\/web\/wp-json\/wp\/v2\/posts"}],"about":[{"href":"https:\/\/temucotelevision.cl\/web\/wp-json\/wp\/v2\/types\/post"}],"author":[{"embeddable":true,"href":"https:\/\/temucotelevision.cl\/web\/wp-json\/wp\/v2\/users\/1"}],"replies":[{"embeddable":true,"href":"https:\/\/temucotelevision.cl\/web\/wp-json\/wp\/v2\/comments?post=45934"}],"version-history":[{"count":1,"href":"https:\/\/temucotelevision.cl\/web\/wp-json\/wp\/v2\/posts\/45934\/revisions"}],"predecessor-version":[{"id":45937,"href":"https:\/\/temucotelevision.cl\/web\/wp-json\/wp\/v2\/posts\/45934\/revisions\/45937"}],"wp:featuredmedia":[{"embeddable":true,"href":"https:\/\/temucotelevision.cl\/web\/wp-json\/wp\/v2\/media\/45935"}],"wp:attachment":[{"href":"https:\/\/temucotelevision.cl\/web\/wp-json\/wp\/v2\/media?parent=45934"}],"wp:term":[{"taxonomy":"category","embeddable":true,"href":"https:\/\/temucotelevision.cl\/web\/wp-json\/wp\/v2\/categories?post=45934"},{"taxonomy":"post_tag","embeddable":true,"href":"https:\/\/temucotelevision.cl\/web\/wp-json\/wp\/v2\/tags?post=45934"}],"curies":[{"name":"wp","href":"https:\/\/api.w.org\/{rel}","templated":true}]}}