{"id":45930,"date":"2023-11-02T21:30:07","date_gmt":"2023-11-03T00:30:07","guid":{"rendered":"https:\/\/temucotelevision.cl\/web\/?p=45930"},"modified":"2023-11-02T21:30:07","modified_gmt":"2023-11-03T00:30:07","slug":"fae-temuco-traslado-sus-oficinas-a-una-nueva-direccion","status":"publish","type":"post","link":"https:\/\/temucotelevision.cl\/web\/2023\/11\/02\/fae-temuco-traslado-sus-oficinas-a-una-nueva-direccion\/","title":{"rendered":"FAE Temuco traslad\u00f3 sus oficinas a una nueva direcci\u00f3n"},"content":{"rendered":"<div class=\"pvc_clear\"><\/div><p id=\"pvc_stats_45930\" class=\"pvc_stats total_only  \" data-element-id=\"45930\" style=\"\"><i class=\"pvc-stats-icon large\" aria-hidden=\"true\"><svg aria-hidden=\"true\" focusable=\"false\" data-prefix=\"far\" data-icon=\"chart-bar\" role=\"img\" xmlns=\"http:\/\/www.w3.org\/2000\/svg\" viewBox=\"0 0 512 512\" class=\"svg-inline--fa fa-chart-bar fa-w-16 fa-2x\"><path fill=\"currentColor\" d=\"M396.8 352h22.4c6.4 0 12.8-6.4 12.8-12.8V108.8c0-6.4-6.4-12.8-12.8-12.8h-22.4c-6.4 0-12.8 6.4-12.8 12.8v230.4c0 6.4 6.4 12.8 12.8 12.8zm-192 0h22.4c6.4 0 12.8-6.4 12.8-12.8V140.8c0-6.4-6.4-12.8-12.8-12.8h-22.4c-6.4 0-12.8 6.4-12.8 12.8v198.4c0 6.4 6.4 12.8 12.8 12.8zm96 0h22.4c6.4 0 12.8-6.4 12.8-12.8V204.8c0-6.4-6.4-12.8-12.8-12.8h-22.4c-6.4 0-12.8 6.4-12.8 12.8v134.4c0 6.4 6.4 12.8 12.8 12.8zM496 400H48V80c0-8.84-7.16-16-16-16H16C7.16 64 0 71.16 0 80v336c0 17.67 14.33 32 32 32h464c8.84 0 16-7.16 16-16v-16c0-8.84-7.16-16-16-16zm-387.2-48h22.4c6.4 0 12.8-6.4 12.8-12.8v-70.4c0-6.4-6.4-12.8-12.8-12.8h-22.4c-6.4 0-12.8 6.4-12.8 12.8v70.4c0 6.4 6.4 12.8 12.8 12.8z\" class=\"\"><\/path><\/svg><\/i> <img loading=\"lazy\" decoding=\"async\" width=\"16\" height=\"16\" alt=\"Loading\" src=\"https:\/\/temucotelevision.cl\/web\/wp-content\/plugins\/page-views-count\/ajax-loader-2x.gif\" border=0 \/><\/p><div class=\"pvc_clear\"><\/div>\n<p><em>El renovado establecimiento cuenta con ocho oficinas, un amplio hall de espera, sala de reuniones, tres salas de intervenci\u00f3n psicosocial y cinco ba\u00f1os<\/em><\/p>\n\n\n\n<p>Desde hace unas semanas, el programa de Familias de Acogida de la capital regional, traslad\u00f3 sus oficinas hasta el centro de Temuco. Las nuevas dependencias se encuentran en Varas #1076, en un remodelado inmueble con amplias instalaciones.<\/p>\n\n\n\n<p><br>\u201cEstamos muy felices como FAE Temuco con este nuevo lugar para nuestros ni\u00f1os, ni\u00f1as y adolescentes. El cambio va en la l\u00ednea de trabajo y el constante compromiso de Fundaci\u00f3n Mi Casa con poder entregar los mejores espacios a nuestros usuarios con amplias oficinas y salas de intervenci\u00f3n\u201d, se\u00f1al\u00f3 la directora del programa, Luisa Paredes.<\/p>\n\n\n\n<p><br>El renovado establecimiento cuenta con ocho oficinas, un amplio hall de espera, sala de reuniones, tres salas de intervenci\u00f3n psicosocial y cinco ba\u00f1os<\/p>\n\n\n\n<p><br>La directora del programa, Luisa Paredes, destac\u00f3 que el cambio de domicilio ha tenido un impacto positivo en los usuarios, \u201ctanto los adultos como los ni\u00f1os, adolescentes y nos han comentado lo conforme que est\u00e1n con la nueva casa FAE y su nueva imagen. \u201cEstamos en una ubicaci\u00f3n muy amigable y bien amplia, contamos con estacionamiento y es, en definitiva, un espacio muy encantador para trabajar, pero tambi\u00e9n un espacio muy adecuado para cumplir con la intervenci\u00f3n de nuestros ni\u00f1os, ni\u00f1as, adolescentes y familias\u201d.<\/p>\n\n\n\n<p><br>Nuevo sitio que est\u00e1 emplazado cerca de la mayor\u00eda de los programas de la red de infancia de la provincia y cuenta con locomoci\u00f3n colectiva a metros de las oficinas.<\/p>\n\n\n\n<p><br>Finalmente, la directora invit\u00f3 a la comunidad Temuquense que est\u00e9 interesada en ser familia de acogida a conocer las nuevas instalaciones y as\u00ed resolver dudas sobre el trabajo que realizan los profesionales del FAE en Temuco.<\/p>\n\n\n\n<p><br>Cabe destacar que el programa de acogimiento de la ciudad siempre se encuentra en b\u00fasqueda de nuevas familias que quieran hacerse cargo de los cuidados temporales de un ni\u00f1o, ni\u00f1a o adolescente de Temuco y algunas comunas asociadas al programa de la comuna de Caut\u00edn.<\/p>\n\n\n\n<p><br>Los interesados pueden contactarse al <strong>2 33078599, +56979667984<\/strong> o enviar un correo a\u00a0faeprotemuco@fundacionmicasa.cl\u00a0para m\u00e1s informaci\u00f3n.<\/p>\n\n\n\n<figure class=\"wp-block-image size-large\"><img loading=\"lazy\" decoding=\"async\" width=\"1024\" height=\"768\" src=\"https:\/\/temucotelevision.cl\/web\/wp-content\/uploads\/2023\/11\/FAE3-1024x768.jpg\" alt=\"\" class=\"wp-image-45932\" srcset=\"https:\/\/temucotelevision.cl\/web\/wp-content\/uploads\/2023\/11\/FAE3-1024x768.jpg 1024w, https:\/\/temucotelevision.cl\/web\/wp-content\/uploads\/2023\/11\/FAE3-768x576.jpg 768w, https:\/\/temucotelevision.cl\/web\/wp-content\/uploads\/2023\/11\/FAE3-1536x1152.jpg 1536w, https:\/\/temucotelevision.cl\/web\/wp-content\/uploads\/2023\/11\/FAE3.jpg 2000w\" sizes=\"auto, (max-width: 1024px) 100vw, 1024px\" \/><\/figure>\n","protected":false},"excerpt":{"rendered":"<div class=\"pvc_clear\"><\/div>\n<p id=\"pvc_stats_45930\" class=\"pvc_stats total_only  \" data-element-id=\"45930\" style=\"\"><i class=\"pvc-stats-icon large\" aria-hidden=\"true\"><svg aria-hidden=\"true\" focusable=\"false\" data-prefix=\"far\" data-icon=\"chart-bar\" role=\"img\" xmlns=\"http:\/\/www.w3.org\/2000\/svg\" viewBox=\"0 0 512 512\" class=\"svg-inline--fa fa-chart-bar fa-w-16 fa-2x\"><path fill=\"currentColor\" d=\"M396.8 352h22.4c6.4 0 12.8-6.4 12.8-12.8V108.8c0-6.4-6.4-12.8-12.8-12.8h-22.4c-6.4 0-12.8 6.4-12.8 12.8v230.4c0 6.4 6.4 12.8 12.8 12.8zm-192 0h22.4c6.4 0 12.8-6.4 12.8-12.8V140.8c0-6.4-6.4-12.8-12.8-12.8h-22.4c-6.4 0-12.8 6.4-12.8 12.8v198.4c0 6.4 6.4 12.8 12.8 12.8zm96 0h22.4c6.4 0 12.8-6.4 12.8-12.8V204.8c0-6.4-6.4-12.8-12.8-12.8h-22.4c-6.4 0-12.8 6.4-12.8 12.8v134.4c0 6.4 6.4 12.8 12.8 12.8zM496 400H48V80c0-8.84-7.16-16-16-16H16C7.16 64 0 71.16 0 80v336c0 17.67 14.33 32 32 32h464c8.84 0 16-7.16 16-16v-16c0-8.84-7.16-16-16-16zm-387.2-48h22.4c6.4 0 12.8-6.4 12.8-12.8v-70.4c0-6.4-6.4-12.8-12.8-12.8h-22.4c-6.4 0-12.8 6.4-12.8 12.8v70.4c0 6.4 6.4 12.8 12.8 12.8z\" class=\"\"><\/path><\/svg><\/i> <img loading=\"lazy\" decoding=\"async\" width=\"16\" height=\"16\" alt=\"Loading\" src=\"https:\/\/temucotelevision.cl\/web\/wp-content\/plugins\/page-views-count\/ajax-loader-2x.gif\" border=0 \/><\/p>\n<div class=\"pvc_clear\"><\/div>\n<p>El renovado establecimiento cuenta con ocho oficinas, un amplio hall de espera, sala de reuniones, tres salas de intervenci\u00f3n psicosocial<\/p>\n","protected":false},"author":1,"featured_media":45931,"comment_status":"open","ping_status":"open","sticky":false,"template":"","format":"standard","meta":{"colormag_page_container_layout":"default_layout","colormag_page_sidebar_layout":"default_layout","footnotes":""},"categories":[14],"tags":[6794,1630],"class_list":["post-45930","post","type-post","status-publish","format-standard","has-post-thumbnail","hentry","category-temuco","tag-fae","tag-oficinas"],"a3_pvc":{"activated":true,"total_views":1332,"today_views":0},"_links":{"self":[{"href":"https:\/\/temucotelevision.cl\/web\/wp-json\/wp\/v2\/posts\/45930","targetHints":{"allow":["GET"]}}],"collection":[{"href":"https:\/\/temucotelevision.cl\/web\/wp-json\/wp\/v2\/posts"}],"about":[{"href":"https:\/\/temucotelevision.cl\/web\/wp-json\/wp\/v2\/types\/post"}],"author":[{"embeddable":true,"href":"https:\/\/temucotelevision.cl\/web\/wp-json\/wp\/v2\/users\/1"}],"replies":[{"embeddable":true,"href":"https:\/\/temucotelevision.cl\/web\/wp-json\/wp\/v2\/comments?post=45930"}],"version-history":[{"count":1,"href":"https:\/\/temucotelevision.cl\/web\/wp-json\/wp\/v2\/posts\/45930\/revisions"}],"predecessor-version":[{"id":45933,"href":"https:\/\/temucotelevision.cl\/web\/wp-json\/wp\/v2\/posts\/45930\/revisions\/45933"}],"wp:featuredmedia":[{"embeddable":true,"href":"https:\/\/temucotelevision.cl\/web\/wp-json\/wp\/v2\/media\/45931"}],"wp:attachment":[{"href":"https:\/\/temucotelevision.cl\/web\/wp-json\/wp\/v2\/media?parent=45930"}],"wp:term":[{"taxonomy":"category","embeddable":true,"href":"https:\/\/temucotelevision.cl\/web\/wp-json\/wp\/v2\/categories?post=45930"},{"taxonomy":"post_tag","embeddable":true,"href":"https:\/\/temucotelevision.cl\/web\/wp-json\/wp\/v2\/tags?post=45930"}],"curies":[{"name":"wp","href":"https:\/\/api.w.org\/{rel}","templated":true}]}}