{"id":4593,"date":"2019-07-02T18:04:39","date_gmt":"2019-07-02T21:04:39","guid":{"rendered":"https:\/\/temucotelevision.cl\/web\/?p=4593"},"modified":"2019-07-02T18:04:39","modified_gmt":"2019-07-02T21:04:39","slug":"ministerio-de-agricultura-anuncia-fuerte-inversion-en-el-parque-nacional-conguillio","status":"publish","type":"post","link":"https:\/\/temucotelevision.cl\/web\/2019\/07\/02\/ministerio-de-agricultura-anuncia-fuerte-inversion-en-el-parque-nacional-conguillio\/","title":{"rendered":"Ministerio de Agricultura anuncia fuerte inversi\u00f3n en el Parque Nacional Conguill\u00edo"},"content":{"rendered":"<div class=\"pvc_clear\"><\/div>\n<p id=\"pvc_stats_4593\" class=\"pvc_stats total_only  \" data-element-id=\"4593\" style=\"\"><i class=\"pvc-stats-icon large\" aria-hidden=\"true\"><svg aria-hidden=\"true\" focusable=\"false\" data-prefix=\"far\" data-icon=\"chart-bar\" role=\"img\" xmlns=\"http:\/\/www.w3.org\/2000\/svg\" viewBox=\"0 0 512 512\" class=\"svg-inline--fa fa-chart-bar fa-w-16 fa-2x\"><path fill=\"currentColor\" d=\"M396.8 352h22.4c6.4 0 12.8-6.4 12.8-12.8V108.8c0-6.4-6.4-12.8-12.8-12.8h-22.4c-6.4 0-12.8 6.4-12.8 12.8v230.4c0 6.4 6.4 12.8 12.8 12.8zm-192 0h22.4c6.4 0 12.8-6.4 12.8-12.8V140.8c0-6.4-6.4-12.8-12.8-12.8h-22.4c-6.4 0-12.8 6.4-12.8 12.8v198.4c0 6.4 6.4 12.8 12.8 12.8zm96 0h22.4c6.4 0 12.8-6.4 12.8-12.8V204.8c0-6.4-6.4-12.8-12.8-12.8h-22.4c-6.4 0-12.8 6.4-12.8 12.8v134.4c0 6.4 6.4 12.8 12.8 12.8zM496 400H48V80c0-8.84-7.16-16-16-16H16C7.16 64 0 71.16 0 80v336c0 17.67 14.33 32 32 32h464c8.84 0 16-7.16 16-16v-16c0-8.84-7.16-16-16-16zm-387.2-48h22.4c6.4 0 12.8-6.4 12.8-12.8v-70.4c0-6.4-6.4-12.8-12.8-12.8h-22.4c-6.4 0-12.8 6.4-12.8 12.8v70.4c0 6.4 6.4 12.8 12.8 12.8z\" class=\"\"><\/path><\/svg><\/i> <img loading=\"lazy\" decoding=\"async\" width=\"16\" height=\"16\" alt=\"Loading\" src=\"https:\/\/temucotelevision.cl\/web\/wp-content\/plugins\/page-views-count\/ajax-loader-2x.gif\" border=0 \/><\/p>\n<div class=\"pvc_clear\"><\/div>\n<p style=\"text-align: justify;\">La idea es potenciar y mejorar la infraestructura para que tenga un est\u00e1ndar internacional y duplicar las personas que lo visitan.<\/p>\n<p style=\"text-align: justify;\">Fue el ministro de Agricultura, Antonio Walker quien hace unos d\u00edas anunci\u00f3 que se realizar\u00e1 una fuerte inversi\u00f3n en 5 parques nacionales, entre ellos el Conguill\u00edo en La Araucan\u00eda, para aumentar y mejorar su infraestructura y la gesti\u00f3n para darles un est\u00e1ndar internacional, para que ojal\u00e1 m\u00e1s personas los visiten, duplicando los visitantes chilenos y extranjeros.<\/p>\n<p style=\"text-align: justify;\">Sobre esta medida el seremi de Agricultura, Ricardo Mege coment\u00f3 que esta inversi\u00f3n potenciar\u00e1 las oportunidades de trabajo para las personas del sector, ya que \u201ces la gente de los alrededores que conocen la zona, que han nacido all\u00ed, mujeres y hombres que se ver\u00e1n beneficiados con este mejoramiento del parque. Esto significar\u00e1 que se podr\u00e1 contratar m\u00e1s personal para atender a los turistas. Lo que, desde el punto de vista de capital de trabajo y generaci\u00f3n de empleo, siempre ser\u00e1 positivo\u201d.<\/p>\n<p style=\"text-align: justify;\">Adem\u00e1s, el seremi de Agricultura Ricardo Mege record\u00f3 que \u201cel 1 de julio entr\u00f3 en vigor que los ni\u00f1os menores de 12 a\u00f1os y los mayores de 60 puedan entrar si costo a los parques y \u00e1reas silvestres protegidas del pa\u00eds. Para que puedan conocer y disfrutar en cualquier \u00e9poca del a\u00f1o. Esta es una excelente medida dada a conocer por el ministro de Agricultura Antonio Walker, que sin duda potenciar la red de parques en Chile, lo que tambi\u00e9n va en la l\u00ednea del desarrollo del pa\u00eds y de una pol\u00edtica efectiva de accesibilidad universal, que est\u00e1 llevando a cabo el Gobierno del Presidente Sebasti\u00e1n Pi\u00f1era\u201d, finaliz\u00f3 la autoridad del agro en La Araucan\u00eda.<\/p>\n<p style=\"text-align: justify;\">Cabe se\u00f1alar que el 20% de la superficie del pa\u00eds son \u00c1reas Silvestres Protegidas. Lo que representa 41 Parques, 46 Reservas Nacionales y 17 Monumentos Nacionales.<\/p>\n","protected":false},"excerpt":{"rendered":"<div class=\"pvc_clear\"><\/div>\n<p id=\"pvc_stats_4593\" class=\"pvc_stats total_only  \" data-element-id=\"4593\" style=\"\"><i class=\"pvc-stats-icon large\" aria-hidden=\"true\"><svg aria-hidden=\"true\" focusable=\"false\" data-prefix=\"far\" data-icon=\"chart-bar\" role=\"img\" xmlns=\"http:\/\/www.w3.org\/2000\/svg\" viewBox=\"0 0 512 512\" class=\"svg-inline--fa fa-chart-bar fa-w-16 fa-2x\"><path fill=\"currentColor\" d=\"M396.8 352h22.4c6.4 0 12.8-6.4 12.8-12.8V108.8c0-6.4-6.4-12.8-12.8-12.8h-22.4c-6.4 0-12.8 6.4-12.8 12.8v230.4c0 6.4 6.4 12.8 12.8 12.8zm-192 0h22.4c6.4 0 12.8-6.4 12.8-12.8V140.8c0-6.4-6.4-12.8-12.8-12.8h-22.4c-6.4 0-12.8 6.4-12.8 12.8v198.4c0 6.4 6.4 12.8 12.8 12.8zm96 0h22.4c6.4 0 12.8-6.4 12.8-12.8V204.8c0-6.4-6.4-12.8-12.8-12.8h-22.4c-6.4 0-12.8 6.4-12.8 12.8v134.4c0 6.4 6.4 12.8 12.8 12.8zM496 400H48V80c0-8.84-7.16-16-16-16H16C7.16 64 0 71.16 0 80v336c0 17.67 14.33 32 32 32h464c8.84 0 16-7.16 16-16v-16c0-8.84-7.16-16-16-16zm-387.2-48h22.4c6.4 0 12.8-6.4 12.8-12.8v-70.4c0-6.4-6.4-12.8-12.8-12.8h-22.4c-6.4 0-12.8 6.4-12.8 12.8v70.4c0 6.4 6.4 12.8 12.8 12.8z\" class=\"\"><\/path><\/svg><\/i> <img loading=\"lazy\" decoding=\"async\" width=\"16\" height=\"16\" alt=\"Loading\" src=\"https:\/\/temucotelevision.cl\/web\/wp-content\/plugins\/page-views-count\/ajax-loader-2x.gif\" border=0 \/><\/p>\n<div class=\"pvc_clear\"><\/div>\n<p>La idea es potenciar y mejorar la infraestructura para que tenga un est\u00e1ndar internacional y duplicar las personas que lo<\/p>\n","protected":false},"author":1,"featured_media":4594,"comment_status":"open","ping_status":"open","sticky":false,"template":"","format":"standard","meta":{"colormag_page_container_layout":"default_layout","colormag_page_sidebar_layout":"default_layout","footnotes":""},"categories":[15],"tags":[1501,1087,318,279],"class_list":["post-4593","post","type-post","status-publish","format-standard","has-post-thumbnail","hentry","category-la-araucania","tag-conguillio","tag-inversion","tag-ministro","tag-parque"],"a3_pvc":{"activated":true,"total_views":26,"today_views":0},"_links":{"self":[{"href":"https:\/\/temucotelevision.cl\/web\/wp-json\/wp\/v2\/posts\/4593","targetHints":{"allow":["GET"]}}],"collection":[{"href":"https:\/\/temucotelevision.cl\/web\/wp-json\/wp\/v2\/posts"}],"about":[{"href":"https:\/\/temucotelevision.cl\/web\/wp-json\/wp\/v2\/types\/post"}],"author":[{"embeddable":true,"href":"https:\/\/temucotelevision.cl\/web\/wp-json\/wp\/v2\/users\/1"}],"replies":[{"embeddable":true,"href":"https:\/\/temucotelevision.cl\/web\/wp-json\/wp\/v2\/comments?post=4593"}],"version-history":[{"count":1,"href":"https:\/\/temucotelevision.cl\/web\/wp-json\/wp\/v2\/posts\/4593\/revisions"}],"predecessor-version":[{"id":4595,"href":"https:\/\/temucotelevision.cl\/web\/wp-json\/wp\/v2\/posts\/4593\/revisions\/4595"}],"wp:featuredmedia":[{"embeddable":true,"href":"https:\/\/temucotelevision.cl\/web\/wp-json\/wp\/v2\/media\/4594"}],"wp:attachment":[{"href":"https:\/\/temucotelevision.cl\/web\/wp-json\/wp\/v2\/media?parent=4593"}],"wp:term":[{"taxonomy":"category","embeddable":true,"href":"https:\/\/temucotelevision.cl\/web\/wp-json\/wp\/v2\/categories?post=4593"},{"taxonomy":"post_tag","embeddable":true,"href":"https:\/\/temucotelevision.cl\/web\/wp-json\/wp\/v2\/tags?post=4593"}],"curies":[{"name":"wp","href":"https:\/\/api.w.org\/{rel}","templated":true}]}}