{"id":45921,"date":"2023-11-02T21:13:25","date_gmt":"2023-11-03T00:13:25","guid":{"rendered":"https:\/\/temucotelevision.cl\/web\/?p=45921"},"modified":"2023-11-02T21:13:26","modified_gmt":"2023-11-03T00:13:26","slug":"diputado-henry-leal-valora-acuerdo-que-permitira-reponer-recursos-de-bomberos-para-2024","status":"publish","type":"post","link":"https:\/\/temucotelevision.cl\/web\/2023\/11\/02\/diputado-henry-leal-valora-acuerdo-que-permitira-reponer-recursos-de-bomberos-para-2024\/","title":{"rendered":"Diputado Henry Leal valora acuerdo que permitir\u00e1 reponer recursos de Bomberos para 2024"},"content":{"rendered":"<div class=\"pvc_clear\"><\/div><p id=\"pvc_stats_45921\" class=\"pvc_stats total_only  \" data-element-id=\"45921\" style=\"\"><i class=\"pvc-stats-icon large\" aria-hidden=\"true\"><svg aria-hidden=\"true\" focusable=\"false\" data-prefix=\"far\" data-icon=\"chart-bar\" role=\"img\" xmlns=\"http:\/\/www.w3.org\/2000\/svg\" viewBox=\"0 0 512 512\" class=\"svg-inline--fa fa-chart-bar fa-w-16 fa-2x\"><path fill=\"currentColor\" d=\"M396.8 352h22.4c6.4 0 12.8-6.4 12.8-12.8V108.8c0-6.4-6.4-12.8-12.8-12.8h-22.4c-6.4 0-12.8 6.4-12.8 12.8v230.4c0 6.4 6.4 12.8 12.8 12.8zm-192 0h22.4c6.4 0 12.8-6.4 12.8-12.8V140.8c0-6.4-6.4-12.8-12.8-12.8h-22.4c-6.4 0-12.8 6.4-12.8 12.8v198.4c0 6.4 6.4 12.8 12.8 12.8zm96 0h22.4c6.4 0 12.8-6.4 12.8-12.8V204.8c0-6.4-6.4-12.8-12.8-12.8h-22.4c-6.4 0-12.8 6.4-12.8 12.8v134.4c0 6.4 6.4 12.8 12.8 12.8zM496 400H48V80c0-8.84-7.16-16-16-16H16C7.16 64 0 71.16 0 80v336c0 17.67 14.33 32 32 32h464c8.84 0 16-7.16 16-16v-16c0-8.84-7.16-16-16-16zm-387.2-48h22.4c6.4 0 12.8-6.4 12.8-12.8v-70.4c0-6.4-6.4-12.8-12.8-12.8h-22.4c-6.4 0-12.8 6.4-12.8 12.8v70.4c0 6.4 6.4 12.8 12.8 12.8z\" class=\"\"><\/path><\/svg><\/i> <img loading=\"lazy\" decoding=\"async\" width=\"16\" height=\"16\" alt=\"Loading\" src=\"https:\/\/temucotelevision.cl\/web\/wp-content\/plugins\/page-views-count\/ajax-loader-2x.gif\" border=0 \/><\/p><div class=\"pvc_clear\"><\/div>\n<p><em>El representante de La Araucan\u00eda hab\u00eda cuestionado la decisi\u00f3n del Gobierno de reducir en m\u00e1s de $3.000 millones el presupuesto de la instituci\u00f3n para el pr\u00f3ximo a\u00f1o, pese a que se avizora una de las temporadas de incendios forestales m\u00e1s complejas del \u00faltimo tiempo.<\/em><\/p>\n\n\n\n<p>El diputado por la Regi\u00f3n de La Araucan\u00eda e integrante de la comisi\u00f3n de Seguridad Ciudadana, Henry Leal (UDI), valor\u00f3 que esta tarde el Gobierno, pero en espec\u00edfico el Ministerio de Hacienda, haya retrocedido en su decisi\u00f3n de reducir en $3.000 millones el presupuesto de Bomberos para 2024, escuchando as\u00ed los cuestionamientos de distintos parlamentarios por lo \u201cinoportuna\u201d de la medida.<\/p>\n\n\n\n<p>Al respecto, cabe recordar que durante la semana pasada, el representante del Distrito 23 critic\u00f3 al Ejecutivo por rebajar en dicha cantidad los recursos de la instituci\u00f3n de voluntarios, sobre todo considerando que se avizora una de las temporadas de incendios m\u00e1s complejas de los \u00faltimos a\u00f1os.<\/p>\n\n\n\n<p>De hecho, el propio Ejecutivo hab\u00eda decidido aumentar en un 47% el presupuesto para el Plan de Prevenci\u00f3n, Mitigaci\u00f3n y Control de Incendios Forestales, a cargo de la Corporaci\u00f3n Nacional Forestal (Conaf), de manera que la reducci\u00f3n a Bomberos \u201cresultaba totalmente il\u00f3gica\u201d, se\u00f1al\u00f3 el legislador.<\/p>\n\n\n\n<p>\u201cEstamos muy satisfechos de que las cr\u00edticas que hicimos durante la semana pasada, pero por sobre todo la propia alerta que hizo Bomberos, tuvo efectos concretos y reales, porque finalmente el Gobierno decidi\u00f3 ceder a las presiones y anunci\u00f3 que repondr\u00e1n los m\u00e1s de $3.000 millones que hab\u00edan recortado. Tal como lo dijimos, esta era una decisi\u00f3n absolutamente ins\u00f3lita e inexplicable, porque las altas temperaturas que se pronostican a partir del pr\u00f3ximo mes nos obligan a disponer del m\u00e1ximo de recursos, no a restringirlos como lo quisieron las autoridades\u201d, manifest\u00f3 Henry Leal.<\/p>\n\n\n\n<p>Por lo mismo, el representante de La Araucan\u00eda llam\u00f3 al Gobierno a \u201cno poner nunca m\u00e1s en riesgo la operaci\u00f3n de Bomberos\u201d, recordando que el presidente nacional de la instituci\u00f3n, Juan Carlos Field, sostuvo que \u201cno queremos estar eligiendo a qu\u00e9 emergencias vamos a ir y a cu\u00e1les no\u201d.<\/p>\n\n\n\n<p>De todas maneras, el parlamentario de la Bancada UDI asegur\u00f3 que estar\u00e1 pendiente de que el Ejecutivo cumpla su compromiso de ingresar una indicaci\u00f3n para reponer dichos recursos, de lo contrario persistir\u00e1 en su idea de reponer los millonarios recursos que el Gobierno decidi\u00f3 eliminar.<\/p>\n\n\n\n<p>\u201cEsperamos que las actuales autoridades no hayan anunciado este protocolo de acuerdo s\u00f3lo para calmar los \u00e1nimos de Bomberos y de todos los chilenos. Porque si finalmente no cumplen con su compromiso, vamos a utilizar todas las herramientas que existan en el marco de la tramitaci\u00f3n del Presupuesto para reponer estos recursos. Ad portas de una de las temporadas m\u00e1s complejas que se avizoran, el Gobierno no puede estar escatimando en recursos como lo ha hecho, porque de lo contrario vamos a ver repetidas las mismas im\u00e1genes que este verano\u201d, reiter\u00f3 el diputado Leal.<\/p>\n","protected":false},"excerpt":{"rendered":"<div class=\"pvc_clear\"><\/div>\n<p id=\"pvc_stats_45921\" class=\"pvc_stats total_only  \" data-element-id=\"45921\" style=\"\"><i class=\"pvc-stats-icon large\" aria-hidden=\"true\"><svg aria-hidden=\"true\" focusable=\"false\" data-prefix=\"far\" data-icon=\"chart-bar\" role=\"img\" xmlns=\"http:\/\/www.w3.org\/2000\/svg\" viewBox=\"0 0 512 512\" class=\"svg-inline--fa fa-chart-bar fa-w-16 fa-2x\"><path fill=\"currentColor\" d=\"M396.8 352h22.4c6.4 0 12.8-6.4 12.8-12.8V108.8c0-6.4-6.4-12.8-12.8-12.8h-22.4c-6.4 0-12.8 6.4-12.8 12.8v230.4c0 6.4 6.4 12.8 12.8 12.8zm-192 0h22.4c6.4 0 12.8-6.4 12.8-12.8V140.8c0-6.4-6.4-12.8-12.8-12.8h-22.4c-6.4 0-12.8 6.4-12.8 12.8v198.4c0 6.4 6.4 12.8 12.8 12.8zm96 0h22.4c6.4 0 12.8-6.4 12.8-12.8V204.8c0-6.4-6.4-12.8-12.8-12.8h-22.4c-6.4 0-12.8 6.4-12.8 12.8v134.4c0 6.4 6.4 12.8 12.8 12.8zM496 400H48V80c0-8.84-7.16-16-16-16H16C7.16 64 0 71.16 0 80v336c0 17.67 14.33 32 32 32h464c8.84 0 16-7.16 16-16v-16c0-8.84-7.16-16-16-16zm-387.2-48h22.4c6.4 0 12.8-6.4 12.8-12.8v-70.4c0-6.4-6.4-12.8-12.8-12.8h-22.4c-6.4 0-12.8 6.4-12.8 12.8v70.4c0 6.4 6.4 12.8 12.8 12.8z\" class=\"\"><\/path><\/svg><\/i> <img loading=\"lazy\" decoding=\"async\" width=\"16\" height=\"16\" alt=\"Loading\" src=\"https:\/\/temucotelevision.cl\/web\/wp-content\/plugins\/page-views-count\/ajax-loader-2x.gif\" border=0 \/><\/p>\n<div class=\"pvc_clear\"><\/div>\n<p>El representante de La Araucan\u00eda hab\u00eda cuestionado la decisi\u00f3n del Gobierno de reducir en m\u00e1s de $3.000 millones el presupuesto<\/p>\n","protected":false},"author":1,"featured_media":40719,"comment_status":"open","ping_status":"open","sticky":false,"template":"","format":"standard","meta":{"colormag_page_container_layout":"default_layout","colormag_page_sidebar_layout":"default_layout","footnotes":""},"categories":[84],"tags":[304,154,6719,210],"class_list":["post-45921","post","type-post","status-publish","format-standard","has-post-thumbnail","hentry","category-politica","tag-bomberos","tag-diputado","tag-henry-leal","tag-recursos"],"a3_pvc":{"activated":true,"total_views":1020,"today_views":0},"_links":{"self":[{"href":"https:\/\/temucotelevision.cl\/web\/wp-json\/wp\/v2\/posts\/45921","targetHints":{"allow":["GET"]}}],"collection":[{"href":"https:\/\/temucotelevision.cl\/web\/wp-json\/wp\/v2\/posts"}],"about":[{"href":"https:\/\/temucotelevision.cl\/web\/wp-json\/wp\/v2\/types\/post"}],"author":[{"embeddable":true,"href":"https:\/\/temucotelevision.cl\/web\/wp-json\/wp\/v2\/users\/1"}],"replies":[{"embeddable":true,"href":"https:\/\/temucotelevision.cl\/web\/wp-json\/wp\/v2\/comments?post=45921"}],"version-history":[{"count":1,"href":"https:\/\/temucotelevision.cl\/web\/wp-json\/wp\/v2\/posts\/45921\/revisions"}],"predecessor-version":[{"id":45922,"href":"https:\/\/temucotelevision.cl\/web\/wp-json\/wp\/v2\/posts\/45921\/revisions\/45922"}],"wp:featuredmedia":[{"embeddable":true,"href":"https:\/\/temucotelevision.cl\/web\/wp-json\/wp\/v2\/media\/40719"}],"wp:attachment":[{"href":"https:\/\/temucotelevision.cl\/web\/wp-json\/wp\/v2\/media?parent=45921"}],"wp:term":[{"taxonomy":"category","embeddable":true,"href":"https:\/\/temucotelevision.cl\/web\/wp-json\/wp\/v2\/categories?post=45921"},{"taxonomy":"post_tag","embeddable":true,"href":"https:\/\/temucotelevision.cl\/web\/wp-json\/wp\/v2\/tags?post=45921"}],"curies":[{"name":"wp","href":"https:\/\/api.w.org\/{rel}","templated":true}]}}