{"id":45918,"date":"2023-11-02T21:10:13","date_gmt":"2023-11-03T00:10:13","guid":{"rendered":"https:\/\/temucotelevision.cl\/web\/?p=45918"},"modified":"2023-11-02T21:10:14","modified_gmt":"2023-11-03T00:10:14","slug":"partido-republicano-araucania-se-reune-con-el-gobernador-luciano-rivas","status":"publish","type":"post","link":"https:\/\/temucotelevision.cl\/web\/2023\/11\/02\/partido-republicano-araucania-se-reune-con-el-gobernador-luciano-rivas\/","title":{"rendered":"Partido Republicano Araucan\u00eda se re\u00fane con el gobernador Luciano Rivas"},"content":{"rendered":"<div class=\"pvc_clear\"><\/div><p id=\"pvc_stats_45918\" class=\"pvc_stats total_only  \" data-element-id=\"45918\" style=\"\"><i class=\"pvc-stats-icon large\" aria-hidden=\"true\"><svg aria-hidden=\"true\" focusable=\"false\" data-prefix=\"far\" data-icon=\"chart-bar\" role=\"img\" xmlns=\"http:\/\/www.w3.org\/2000\/svg\" viewBox=\"0 0 512 512\" class=\"svg-inline--fa fa-chart-bar fa-w-16 fa-2x\"><path fill=\"currentColor\" d=\"M396.8 352h22.4c6.4 0 12.8-6.4 12.8-12.8V108.8c0-6.4-6.4-12.8-12.8-12.8h-22.4c-6.4 0-12.8 6.4-12.8 12.8v230.4c0 6.4 6.4 12.8 12.8 12.8zm-192 0h22.4c6.4 0 12.8-6.4 12.8-12.8V140.8c0-6.4-6.4-12.8-12.8-12.8h-22.4c-6.4 0-12.8 6.4-12.8 12.8v198.4c0 6.4 6.4 12.8 12.8 12.8zm96 0h22.4c6.4 0 12.8-6.4 12.8-12.8V204.8c0-6.4-6.4-12.8-12.8-12.8h-22.4c-6.4 0-12.8 6.4-12.8 12.8v134.4c0 6.4 6.4 12.8 12.8 12.8zM496 400H48V80c0-8.84-7.16-16-16-16H16C7.16 64 0 71.16 0 80v336c0 17.67 14.33 32 32 32h464c8.84 0 16-7.16 16-16v-16c0-8.84-7.16-16-16-16zm-387.2-48h22.4c6.4 0 12.8-6.4 12.8-12.8v-70.4c0-6.4-6.4-12.8-12.8-12.8h-22.4c-6.4 0-12.8 6.4-12.8 12.8v70.4c0 6.4 6.4 12.8 12.8 12.8z\" class=\"\"><\/path><\/svg><\/i> <img loading=\"lazy\" decoding=\"async\" width=\"16\" height=\"16\" alt=\"Loading\" src=\"https:\/\/temucotelevision.cl\/web\/wp-content\/plugins\/page-views-count\/ajax-loader-2x.gif\" border=0 \/><\/p><div class=\"pvc_clear\"><\/div>\n<p>El Partido Republicano en La Araucan\u00eda celebr\u00f3 sus elecciones internas a nivel comunal. <\/p>\n\n\n\n<p>Los presidentes de cada una de las nuevas directivas, el core Cristi\u00e1n Neira en Temuco, Grace Floody en Villarrica, Carlos Alberto Libuy en Puc\u00f3n-Curarrehue, Luis Miguel Quilaqueo en Freire-Teodoro Schmidt-Saavedra-Tolt\u00e9n, Gustavo Hern\u00e1ndez en Victoria-Curacaut\u00edn- Lonquimay y el core Felipe Mart\u00ednez en Angol-Los Sauces-Pur\u00e9n-Renaico, liderados por Mario Garc\u00eda, presidente regional, realizaron una visita protocolar al gobernador Luciano Rivas, donde le manifestaron su apoyo en torno a dos temas, que seg\u00fan Garc\u00eda, son fundamentales: la reactivaci\u00f3n econ\u00f3mica y la seguridad. <\/p>\n\n\n\n<p>\u201cHoy estamos organizados y creo necesario dar muestras claras de apoyo y ayuda para sacar adelante nuestra regi\u00f3n; esa es la prioridad n\u00famero uno, que se lograr\u00e1 con m\u00e1s inversi\u00f3n y trabajo, pero tambi\u00e9n con mayor seguridad y una condena transversal a los grupos terroristas que asolan nuestra Araucan\u00eda\u201d, manifest\u00f3 el presidente regional de Republicanos.<\/p>\n","protected":false},"excerpt":{"rendered":"<div class=\"pvc_clear\"><\/div>\n<p id=\"pvc_stats_45918\" class=\"pvc_stats total_only  \" data-element-id=\"45918\" style=\"\"><i class=\"pvc-stats-icon large\" aria-hidden=\"true\"><svg aria-hidden=\"true\" focusable=\"false\" data-prefix=\"far\" data-icon=\"chart-bar\" role=\"img\" xmlns=\"http:\/\/www.w3.org\/2000\/svg\" viewBox=\"0 0 512 512\" class=\"svg-inline--fa fa-chart-bar fa-w-16 fa-2x\"><path fill=\"currentColor\" d=\"M396.8 352h22.4c6.4 0 12.8-6.4 12.8-12.8V108.8c0-6.4-6.4-12.8-12.8-12.8h-22.4c-6.4 0-12.8 6.4-12.8 12.8v230.4c0 6.4 6.4 12.8 12.8 12.8zm-192 0h22.4c6.4 0 12.8-6.4 12.8-12.8V140.8c0-6.4-6.4-12.8-12.8-12.8h-22.4c-6.4 0-12.8 6.4-12.8 12.8v198.4c0 6.4 6.4 12.8 12.8 12.8zm96 0h22.4c6.4 0 12.8-6.4 12.8-12.8V204.8c0-6.4-6.4-12.8-12.8-12.8h-22.4c-6.4 0-12.8 6.4-12.8 12.8v134.4c0 6.4 6.4 12.8 12.8 12.8zM496 400H48V80c0-8.84-7.16-16-16-16H16C7.16 64 0 71.16 0 80v336c0 17.67 14.33 32 32 32h464c8.84 0 16-7.16 16-16v-16c0-8.84-7.16-16-16-16zm-387.2-48h22.4c6.4 0 12.8-6.4 12.8-12.8v-70.4c0-6.4-6.4-12.8-12.8-12.8h-22.4c-6.4 0-12.8 6.4-12.8 12.8v70.4c0 6.4 6.4 12.8 12.8 12.8z\" class=\"\"><\/path><\/svg><\/i> <img loading=\"lazy\" decoding=\"async\" width=\"16\" height=\"16\" alt=\"Loading\" src=\"https:\/\/temucotelevision.cl\/web\/wp-content\/plugins\/page-views-count\/ajax-loader-2x.gif\" border=0 \/><\/p>\n<div class=\"pvc_clear\"><\/div>\n<p>El Partido Republicano en La Araucan\u00eda celebr\u00f3 sus elecciones internas a nivel comunal. Los presidentes de cada una de las<\/p>\n","protected":false},"author":1,"featured_media":45919,"comment_status":"open","ping_status":"open","sticky":false,"template":"","format":"standard","meta":{"colormag_page_container_layout":"default_layout","colormag_page_sidebar_layout":"default_layout","footnotes":""},"categories":[84],"tags":[829,6437],"class_list":["post-45918","post","type-post","status-publish","format-standard","has-post-thumbnail","hentry","category-politica","tag-gobernador","tag-republicanos"],"a3_pvc":{"activated":true,"total_views":1096,"today_views":0},"_links":{"self":[{"href":"https:\/\/temucotelevision.cl\/web\/wp-json\/wp\/v2\/posts\/45918","targetHints":{"allow":["GET"]}}],"collection":[{"href":"https:\/\/temucotelevision.cl\/web\/wp-json\/wp\/v2\/posts"}],"about":[{"href":"https:\/\/temucotelevision.cl\/web\/wp-json\/wp\/v2\/types\/post"}],"author":[{"embeddable":true,"href":"https:\/\/temucotelevision.cl\/web\/wp-json\/wp\/v2\/users\/1"}],"replies":[{"embeddable":true,"href":"https:\/\/temucotelevision.cl\/web\/wp-json\/wp\/v2\/comments?post=45918"}],"version-history":[{"count":1,"href":"https:\/\/temucotelevision.cl\/web\/wp-json\/wp\/v2\/posts\/45918\/revisions"}],"predecessor-version":[{"id":45920,"href":"https:\/\/temucotelevision.cl\/web\/wp-json\/wp\/v2\/posts\/45918\/revisions\/45920"}],"wp:featuredmedia":[{"embeddable":true,"href":"https:\/\/temucotelevision.cl\/web\/wp-json\/wp\/v2\/media\/45919"}],"wp:attachment":[{"href":"https:\/\/temucotelevision.cl\/web\/wp-json\/wp\/v2\/media?parent=45918"}],"wp:term":[{"taxonomy":"category","embeddable":true,"href":"https:\/\/temucotelevision.cl\/web\/wp-json\/wp\/v2\/categories?post=45918"},{"taxonomy":"post_tag","embeddable":true,"href":"https:\/\/temucotelevision.cl\/web\/wp-json\/wp\/v2\/tags?post=45918"}],"curies":[{"name":"wp","href":"https:\/\/api.w.org\/{rel}","templated":true}]}}