{"id":45909,"date":"2023-11-02T17:48:37","date_gmt":"2023-11-02T20:48:37","guid":{"rendered":"https:\/\/temucotelevision.cl\/web\/?p=45909"},"modified":"2023-11-02T17:48:50","modified_gmt":"2023-11-02T20:48:50","slug":"lanzamiento-exposofo-2023-transformando-la-agricultura-con-tecnologia-de-vanguardia","status":"publish","type":"post","link":"https:\/\/temucotelevision.cl\/web\/2023\/11\/02\/lanzamiento-exposofo-2023-transformando-la-agricultura-con-tecnologia-de-vanguardia\/","title":{"rendered":"Lanzamiento ExpoSofo 2023: Transformando la agricultura con tecnolog\u00eda de vanguardia"},"content":{"rendered":"<div class=\"pvc_clear\"><\/div><p id=\"pvc_stats_45909\" class=\"pvc_stats total_only  \" data-element-id=\"45909\" style=\"\"><i class=\"pvc-stats-icon large\" aria-hidden=\"true\"><svg aria-hidden=\"true\" focusable=\"false\" data-prefix=\"far\" data-icon=\"chart-bar\" role=\"img\" xmlns=\"http:\/\/www.w3.org\/2000\/svg\" viewBox=\"0 0 512 512\" class=\"svg-inline--fa fa-chart-bar fa-w-16 fa-2x\"><path fill=\"currentColor\" d=\"M396.8 352h22.4c6.4 0 12.8-6.4 12.8-12.8V108.8c0-6.4-6.4-12.8-12.8-12.8h-22.4c-6.4 0-12.8 6.4-12.8 12.8v230.4c0 6.4 6.4 12.8 12.8 12.8zm-192 0h22.4c6.4 0 12.8-6.4 12.8-12.8V140.8c0-6.4-6.4-12.8-12.8-12.8h-22.4c-6.4 0-12.8 6.4-12.8 12.8v198.4c0 6.4 6.4 12.8 12.8 12.8zm96 0h22.4c6.4 0 12.8-6.4 12.8-12.8V204.8c0-6.4-6.4-12.8-12.8-12.8h-22.4c-6.4 0-12.8 6.4-12.8 12.8v134.4c0 6.4 6.4 12.8 12.8 12.8zM496 400H48V80c0-8.84-7.16-16-16-16H16C7.16 64 0 71.16 0 80v336c0 17.67 14.33 32 32 32h464c8.84 0 16-7.16 16-16v-16c0-8.84-7.16-16-16-16zm-387.2-48h22.4c6.4 0 12.8-6.4 12.8-12.8v-70.4c0-6.4-6.4-12.8-12.8-12.8h-22.4c-6.4 0-12.8 6.4-12.8 12.8v70.4c0 6.4 6.4 12.8 12.8 12.8z\" class=\"\"><\/path><\/svg><\/i> <img loading=\"lazy\" decoding=\"async\" width=\"16\" height=\"16\" alt=\"Loading\" src=\"https:\/\/temucotelevision.cl\/web\/wp-content\/plugins\/page-views-count\/ajax-loader-2x.gif\" border=0 \/><\/p><div class=\"pvc_clear\"><\/div>\n<p>La versi\u00f3n 91 de la feria agr\u00edcola, ganadera , industrial y comercial se realizar\u00e1 del &nbsp;8 al 12 de noviembre en Temuco.<\/p>\n\n\n\n<p><strong>\u201c<\/strong>SOFO es una instituci\u00f3n con m\u00e1s de 100 a\u00f1os, y como tal, siempre ha sido un puente entre el mundo rural y el sector urbano ,especialmente con esta feria. No hay duda de que, tanto despu\u00e9s de la pandemia y los nuevos desaf\u00edos que est\u00e1 teniendo el mundo entero respecto a la producci\u00f3n de alimentos, ha surgido la necesidad de incorporar procesos modernos y automatizados que resuelvan brechas tecnol\u00f3gicas\u201d, manifest\u00f3 el secretario ejecutivo de SOFO, durante el lanzamiento de EXPOSOFO en la Plaza de Armas de Temuco.<\/p>\n\n\n\n<p>El dirigente se\u00f1al\u00f3 que el directorio de SOFO ha puesto como foco en esta versi\u00f3n 91 de la feria, &nbsp;\u201cacercar la tecnolog\u00eda de vanguardia al mundo agr\u00edcola de La Araucan\u00eda, en una regi\u00f3n que necesita avanzar y ser visibilizada\u201d.<\/p>\n\n\n\n<p>EXPOSOFO contar\u00e1 adem\u00e1s con el tradicional concurso ganadero en el que estar\u00e1n presentes alrededor de 150 animales &nbsp;de criaderos provenientes de la novena y d\u00e9cima regiones , &nbsp;donde se mostrar\u00e1 lo mejor de cada raza y que &nbsp;adem\u00e1s tendr\u00e1 la participaci\u00f3n de &nbsp;&nbsp;dos jurados argentinos, expertos en razas bovinas , Juan Mart\u00edn &nbsp;Ojea y della G\u00e1spera .<\/p>\n\n\n\n<p>La feria tambi\u00e9n le dar\u00e1 un lugar importante a las charlas t\u00e9cnicas donde se espera la presencia de m\u00e1s de 800 peque\u00f1os agricultores de toda la regi\u00f3n, quienes podr\u00e1n informarse sobre sanidad animal, agroecolog\u00eda, hidropon\u00eda y frutales, adem\u00e1s de capacitaci\u00f3n en formulaci\u00f3n de proyectos.<\/p>\n\n\n\n<p>En tanto, Jaime C\u00e1rdenas, gerente comercial de Suragro , dijo que para esta empresa regional es muy importante participar por sexta vez consecutiva &nbsp;en esta feria agr\u00edcola. \u201cLo importante es mostrar las nuevas tecnolog\u00edas que estamos trayendo en la actualidad que son importadas desde Italia , Canad\u00e1, China y Espa\u00f1a\u201d, sostuvo.<\/p>\n\n\n\n<p>Cabe se\u00f1alar que el recinto ferial dispondr\u00e1 de tres pabellones tem\u00e1ticos (Agronegocios, Sello Araucan\u00eda, y Microempresarial) , 20 sitios de exposici\u00f3n de maquinarias &nbsp;, granja educativa, patio de comidas y juegos infantiles.<\/p>\n\n\n\n<p>Si bien EXPOSOFO es el lugar de encuentro de los agricultores, tambi\u00e9n es un espacio dirigido a la familia, especialmente durante el fin de semana ya que est\u00e1n consideradas diversas actividades para la entretenci\u00f3n de todos los visitantes. Entre los atractivos destacan una competencia &nbsp;de equitaci\u00f3n , actividades con la Fundaci\u00f3n Telet\u00f3n y concursos infantiles.<\/p>\n\n\n\n<p>La apertura de la feria al p\u00fablico ir\u00e1 desde &nbsp;las 11:00 a 19:00 horas y el valor de las entradas es:<\/p>\n\n\n\n<p>Adulto $3.500&nbsp;<\/p>\n\n\n\n<p>Vehicular $6.000 (incluye chofer)&nbsp;<\/p>\n\n\n\n<p>Ni\u00f1os $1.000 &nbsp;&nbsp;Tercera edad (mayores de 65 a\u00f1os) $2.000<\/p>\n\n\n\n<p><strong>Ficha t\u00e9cnica<\/strong><\/p>\n\n\n\n<p>Exposici\u00f3n Agr\u00edcola, Ganadera, Industrial y Comercial de Temuco, EXPOSOFO 2023<\/p>\n\n\n\n<p>8 al 12&nbsp; de noviembre en el Parque Charles Caminondo, acceso norte a Temuco<\/p>\n\n\n\n<p>Versi\u00f3n 91<\/p>\n\n\n\n<p>M\u00e1s de 120 expositores<\/p>\n\n\n\n<p>Cobertura: M\u00e1s de 35 mil visitantes&nbsp;<\/p>\n\n\n\n<p>Pabellones &nbsp;: Agrotecnol\u00f3gico, Araucan\u00eda, Microempresarial y Ganadero.<\/p>\n\n\n\n<p>20 sitios de maquinarias<\/p>\n","protected":false},"excerpt":{"rendered":"<div class=\"pvc_clear\"><\/div>\n<p id=\"pvc_stats_45909\" class=\"pvc_stats total_only  \" data-element-id=\"45909\" style=\"\"><i class=\"pvc-stats-icon large\" aria-hidden=\"true\"><svg aria-hidden=\"true\" focusable=\"false\" data-prefix=\"far\" data-icon=\"chart-bar\" role=\"img\" xmlns=\"http:\/\/www.w3.org\/2000\/svg\" viewBox=\"0 0 512 512\" class=\"svg-inline--fa fa-chart-bar fa-w-16 fa-2x\"><path fill=\"currentColor\" d=\"M396.8 352h22.4c6.4 0 12.8-6.4 12.8-12.8V108.8c0-6.4-6.4-12.8-12.8-12.8h-22.4c-6.4 0-12.8 6.4-12.8 12.8v230.4c0 6.4 6.4 12.8 12.8 12.8zm-192 0h22.4c6.4 0 12.8-6.4 12.8-12.8V140.8c0-6.4-6.4-12.8-12.8-12.8h-22.4c-6.4 0-12.8 6.4-12.8 12.8v198.4c0 6.4 6.4 12.8 12.8 12.8zm96 0h22.4c6.4 0 12.8-6.4 12.8-12.8V204.8c0-6.4-6.4-12.8-12.8-12.8h-22.4c-6.4 0-12.8 6.4-12.8 12.8v134.4c0 6.4 6.4 12.8 12.8 12.8zM496 400H48V80c0-8.84-7.16-16-16-16H16C7.16 64 0 71.16 0 80v336c0 17.67 14.33 32 32 32h464c8.84 0 16-7.16 16-16v-16c0-8.84-7.16-16-16-16zm-387.2-48h22.4c6.4 0 12.8-6.4 12.8-12.8v-70.4c0-6.4-6.4-12.8-12.8-12.8h-22.4c-6.4 0-12.8 6.4-12.8 12.8v70.4c0 6.4 6.4 12.8 12.8 12.8z\" class=\"\"><\/path><\/svg><\/i> <img loading=\"lazy\" decoding=\"async\" width=\"16\" height=\"16\" alt=\"Loading\" src=\"https:\/\/temucotelevision.cl\/web\/wp-content\/plugins\/page-views-count\/ajax-loader-2x.gif\" border=0 \/><\/p>\n<div class=\"pvc_clear\"><\/div>\n<p>La versi\u00f3n 91 de la feria agr\u00edcola, ganadera , industrial y comercial se realizar\u00e1 del &nbsp;8 al 12 de noviembre<\/p>\n","protected":false},"author":1,"featured_media":45910,"comment_status":"open","ping_status":"open","sticky":false,"template":"","format":"standard","meta":{"colormag_page_container_layout":"default_layout","colormag_page_sidebar_layout":"default_layout","footnotes":""},"categories":[86,14],"tags":[319,5937,565],"class_list":["post-45909","post","type-post","status-publish","format-standard","has-post-thumbnail","hentry","category-panoramas","category-temuco","tag-agricultura","tag-expo-sofo","tag-tecnologia"],"a3_pvc":{"activated":true,"total_views":2313,"today_views":0},"_links":{"self":[{"href":"https:\/\/temucotelevision.cl\/web\/wp-json\/wp\/v2\/posts\/45909","targetHints":{"allow":["GET"]}}],"collection":[{"href":"https:\/\/temucotelevision.cl\/web\/wp-json\/wp\/v2\/posts"}],"about":[{"href":"https:\/\/temucotelevision.cl\/web\/wp-json\/wp\/v2\/types\/post"}],"author":[{"embeddable":true,"href":"https:\/\/temucotelevision.cl\/web\/wp-json\/wp\/v2\/users\/1"}],"replies":[{"embeddable":true,"href":"https:\/\/temucotelevision.cl\/web\/wp-json\/wp\/v2\/comments?post=45909"}],"version-history":[{"count":1,"href":"https:\/\/temucotelevision.cl\/web\/wp-json\/wp\/v2\/posts\/45909\/revisions"}],"predecessor-version":[{"id":45911,"href":"https:\/\/temucotelevision.cl\/web\/wp-json\/wp\/v2\/posts\/45909\/revisions\/45911"}],"wp:featuredmedia":[{"embeddable":true,"href":"https:\/\/temucotelevision.cl\/web\/wp-json\/wp\/v2\/media\/45910"}],"wp:attachment":[{"href":"https:\/\/temucotelevision.cl\/web\/wp-json\/wp\/v2\/media?parent=45909"}],"wp:term":[{"taxonomy":"category","embeddable":true,"href":"https:\/\/temucotelevision.cl\/web\/wp-json\/wp\/v2\/categories?post=45909"},{"taxonomy":"post_tag","embeddable":true,"href":"https:\/\/temucotelevision.cl\/web\/wp-json\/wp\/v2\/tags?post=45909"}],"curies":[{"name":"wp","href":"https:\/\/api.w.org\/{rel}","templated":true}]}}