{"id":45905,"date":"2023-11-02T16:25:44","date_gmt":"2023-11-02T19:25:44","guid":{"rendered":"https:\/\/temucotelevision.cl\/web\/?p=45905"},"modified":"2023-11-02T17:52:17","modified_gmt":"2023-11-02T20:52:17","slug":"teodoro-schmidt-concierto-de-cierre-mes-de-la-musica-chilena","status":"publish","type":"post","link":"https:\/\/temucotelevision.cl\/web\/2023\/11\/02\/teodoro-schmidt-concierto-de-cierre-mes-de-la-musica-chilena\/","title":{"rendered":"Plaza Teodoro Schmidt: Concierto de cierre mes de la m\u00fasica chilena"},"content":{"rendered":"<div class=\"pvc_clear\"><\/div><p id=\"pvc_stats_45905\" class=\"pvc_stats total_only  \" data-element-id=\"45905\" style=\"\"><i class=\"pvc-stats-icon large\" aria-hidden=\"true\"><svg aria-hidden=\"true\" focusable=\"false\" data-prefix=\"far\" data-icon=\"chart-bar\" role=\"img\" xmlns=\"http:\/\/www.w3.org\/2000\/svg\" viewBox=\"0 0 512 512\" class=\"svg-inline--fa fa-chart-bar fa-w-16 fa-2x\"><path fill=\"currentColor\" d=\"M396.8 352h22.4c6.4 0 12.8-6.4 12.8-12.8V108.8c0-6.4-6.4-12.8-12.8-12.8h-22.4c-6.4 0-12.8 6.4-12.8 12.8v230.4c0 6.4 6.4 12.8 12.8 12.8zm-192 0h22.4c6.4 0 12.8-6.4 12.8-12.8V140.8c0-6.4-6.4-12.8-12.8-12.8h-22.4c-6.4 0-12.8 6.4-12.8 12.8v198.4c0 6.4 6.4 12.8 12.8 12.8zm96 0h22.4c6.4 0 12.8-6.4 12.8-12.8V204.8c0-6.4-6.4-12.8-12.8-12.8h-22.4c-6.4 0-12.8 6.4-12.8 12.8v134.4c0 6.4 6.4 12.8 12.8 12.8zM496 400H48V80c0-8.84-7.16-16-16-16H16C7.16 64 0 71.16 0 80v336c0 17.67 14.33 32 32 32h464c8.84 0 16-7.16 16-16v-16c0-8.84-7.16-16-16-16zm-387.2-48h22.4c6.4 0 12.8-6.4 12.8-12.8v-70.4c0-6.4-6.4-12.8-12.8-12.8h-22.4c-6.4 0-12.8 6.4-12.8 12.8v70.4c0 6.4 6.4 12.8 12.8 12.8z\" class=\"\"><\/path><\/svg><\/i> <img loading=\"lazy\" decoding=\"async\" width=\"16\" height=\"16\" alt=\"Loading\" src=\"https:\/\/temucotelevision.cl\/web\/wp-content\/plugins\/page-views-count\/ajax-loader-2x.gif\" border=0 \/><\/p><div class=\"pvc_clear\"><\/div>\n<p><br>Este s\u00e1bado 04 y domingo 05 desde las 18:30 se vivir\u00e1 en plaza Teodoro Schmidt de Temuco el Concierto de Cierre del mes de la m\u00fasica chilena. <\/p>\n\n\n\n<p>Concierto que ser\u00e1 in\u00e9dito en cuanto a duraci\u00f3n, puesto que por primera vez desde sus inicios contar\u00e1 con jornada doble para el disfrute de toda la ciudad.<\/p>\n\n\n\n<p><br>Como una instancia in\u00e9dita e hist\u00f3rica define el SEREMI de las Culturas, las Artes y el Patrimonio Eric Iturriaga este concierto de cierre, puesto que se ha logrado un \u201cfinanciamiento hist\u00f3rico para la actividad lo que nos ha permitido desarrollar un concierto in\u00e9dito de doble jornada acercando la cultura y el arte de 12 artistas y bandas en su gran mayor\u00eda regional\u201d. <\/p>\n\n\n\n<p>A su vez valora el trabajo conjunto y mancomunado que se ha podido desarrollar con la Asociaci\u00f3n Regional de M\u00fasicos de La Araucan\u00eda (ARMA) entendiendo esta instancia como \u201cuna oportunidad para continuar desarrollando la generaci\u00f3n de p\u00fablicos y audiencias y visibilizacion del trabajo de los artistas regionales y su enorme talento, es por eso que empujamos el trabajo en conjunto a ARMA, ya que la asociatividad y visibilizacion del sector es parte de los ejes de nuestra gesti\u00f3n\u201d<\/p>\n\n\n\n<p><br>El Concierto de Cierre del mes de la m\u00fasica chilena, contara con 12 artistas y bandas que transitaran por distintos estilos musicales. El s\u00e1bado 4 de noviembre estar\u00e1n en escena DJ Sokofian, Marie Lyon\u2019s, Kuamboka, Brennda, Friolento y Francisco Victoria. Mientras que para el domingo estar\u00e1 Delanueve, Isle\u00f1a Antumalen, La Negra Roots, Tamara Quijada, Ensamble Kurruf y el numero nacional Banda Conmoci\u00f3n para dar el cierre al ritmo de la cumbia.<\/p>\n\n\n\n<figure class=\"wp-block-image size-large\"><img loading=\"lazy\" decoding=\"async\" width=\"1024\" height=\"1024\" src=\"https:\/\/temucotelevision.cl\/web\/wp-content\/uploads\/2023\/11\/Marie-1024x1024.jpeg\" alt=\"\" class=\"wp-image-45916\" srcset=\"https:\/\/temucotelevision.cl\/web\/wp-content\/uploads\/2023\/11\/Marie-1024x1024.jpeg 1024w, https:\/\/temucotelevision.cl\/web\/wp-content\/uploads\/2023\/11\/Marie-1000x1000.jpeg 1000w, https:\/\/temucotelevision.cl\/web\/wp-content\/uploads\/2023\/11\/Marie-768x768.jpeg 768w, https:\/\/temucotelevision.cl\/web\/wp-content\/uploads\/2023\/11\/Marie-150x150.jpeg 150w, https:\/\/temucotelevision.cl\/web\/wp-content\/uploads\/2023\/11\/Marie.jpeg 1080w\" sizes=\"auto, (max-width: 1024px) 100vw, 1024px\" \/><\/figure>\n\n\n\n<figure class=\"wp-block-image size-large\"><img loading=\"lazy\" decoding=\"async\" width=\"1024\" height=\"1024\" src=\"https:\/\/temucotelevision.cl\/web\/wp-content\/uploads\/2023\/11\/La-Negra-1024x1024.jpeg\" alt=\"\" class=\"wp-image-45914\" srcset=\"https:\/\/temucotelevision.cl\/web\/wp-content\/uploads\/2023\/11\/La-Negra-1024x1024.jpeg 1024w, https:\/\/temucotelevision.cl\/web\/wp-content\/uploads\/2023\/11\/La-Negra-1000x1000.jpeg 1000w, https:\/\/temucotelevision.cl\/web\/wp-content\/uploads\/2023\/11\/La-Negra-768x768.jpeg 768w, https:\/\/temucotelevision.cl\/web\/wp-content\/uploads\/2023\/11\/La-Negra-150x150.jpeg 150w, https:\/\/temucotelevision.cl\/web\/wp-content\/uploads\/2023\/11\/La-Negra.jpeg 1080w\" sizes=\"auto, (max-width: 1024px) 100vw, 1024px\" \/><\/figure>\n\n\n\n<figure class=\"wp-block-image size-large\"><img loading=\"lazy\" decoding=\"async\" width=\"1024\" height=\"1024\" src=\"https:\/\/temucotelevision.cl\/web\/wp-content\/uploads\/2023\/11\/41e1e4eb-b3cd-4f30-bc18-a5ca0d21a12f-1-1024x1024.jpg\" alt=\"\" class=\"wp-image-45904\" srcset=\"https:\/\/temucotelevision.cl\/web\/wp-content\/uploads\/2023\/11\/41e1e4eb-b3cd-4f30-bc18-a5ca0d21a12f-1-1024x1024.jpg 1024w, https:\/\/temucotelevision.cl\/web\/wp-content\/uploads\/2023\/11\/41e1e4eb-b3cd-4f30-bc18-a5ca0d21a12f-1-1000x1000.jpg 1000w, https:\/\/temucotelevision.cl\/web\/wp-content\/uploads\/2023\/11\/41e1e4eb-b3cd-4f30-bc18-a5ca0d21a12f-1-768x768.jpg 768w, https:\/\/temucotelevision.cl\/web\/wp-content\/uploads\/2023\/11\/41e1e4eb-b3cd-4f30-bc18-a5ca0d21a12f-1-150x150.jpg 150w, https:\/\/temucotelevision.cl\/web\/wp-content\/uploads\/2023\/11\/41e1e4eb-b3cd-4f30-bc18-a5ca0d21a12f-1.jpg 1280w\" sizes=\"auto, (max-width: 1024px) 100vw, 1024px\" \/><\/figure>\n","protected":false},"excerpt":{"rendered":"<div class=\"pvc_clear\"><\/div>\n<p id=\"pvc_stats_45905\" class=\"pvc_stats total_only  \" data-element-id=\"45905\" style=\"\"><i class=\"pvc-stats-icon large\" aria-hidden=\"true\"><svg aria-hidden=\"true\" focusable=\"false\" data-prefix=\"far\" data-icon=\"chart-bar\" role=\"img\" xmlns=\"http:\/\/www.w3.org\/2000\/svg\" viewBox=\"0 0 512 512\" class=\"svg-inline--fa fa-chart-bar fa-w-16 fa-2x\"><path fill=\"currentColor\" d=\"M396.8 352h22.4c6.4 0 12.8-6.4 12.8-12.8V108.8c0-6.4-6.4-12.8-12.8-12.8h-22.4c-6.4 0-12.8 6.4-12.8 12.8v230.4c0 6.4 6.4 12.8 12.8 12.8zm-192 0h22.4c6.4 0 12.8-6.4 12.8-12.8V140.8c0-6.4-6.4-12.8-12.8-12.8h-22.4c-6.4 0-12.8 6.4-12.8 12.8v198.4c0 6.4 6.4 12.8 12.8 12.8zm96 0h22.4c6.4 0 12.8-6.4 12.8-12.8V204.8c0-6.4-6.4-12.8-12.8-12.8h-22.4c-6.4 0-12.8 6.4-12.8 12.8v134.4c0 6.4 6.4 12.8 12.8 12.8zM496 400H48V80c0-8.84-7.16-16-16-16H16C7.16 64 0 71.16 0 80v336c0 17.67 14.33 32 32 32h464c8.84 0 16-7.16 16-16v-16c0-8.84-7.16-16-16-16zm-387.2-48h22.4c6.4 0 12.8-6.4 12.8-12.8v-70.4c0-6.4-6.4-12.8-12.8-12.8h-22.4c-6.4 0-12.8 6.4-12.8 12.8v70.4c0 6.4 6.4 12.8 12.8 12.8z\" class=\"\"><\/path><\/svg><\/i> <img loading=\"lazy\" decoding=\"async\" width=\"16\" height=\"16\" alt=\"Loading\" src=\"https:\/\/temucotelevision.cl\/web\/wp-content\/plugins\/page-views-count\/ajax-loader-2x.gif\" border=0 \/><\/p>\n<div class=\"pvc_clear\"><\/div>\n<p>Este s\u00e1bado 04 y domingo 05 desde las 18:30 se vivir\u00e1 en plaza Teodoro Schmidt de Temuco el Concierto de<\/p>\n","protected":false},"author":1,"featured_media":45913,"comment_status":"open","ping_status":"open","sticky":false,"template":"","format":"standard","meta":{"colormag_page_container_layout":"default_layout","colormag_page_sidebar_layout":"default_layout","footnotes":""},"categories":[86],"tags":[1010],"class_list":["post-45905","post","type-post","status-publish","format-standard","has-post-thumbnail","hentry","category-panoramas","tag-concierto"],"a3_pvc":{"activated":true,"total_views":1641,"today_views":0},"_links":{"self":[{"href":"https:\/\/temucotelevision.cl\/web\/wp-json\/wp\/v2\/posts\/45905","targetHints":{"allow":["GET"]}}],"collection":[{"href":"https:\/\/temucotelevision.cl\/web\/wp-json\/wp\/v2\/posts"}],"about":[{"href":"https:\/\/temucotelevision.cl\/web\/wp-json\/wp\/v2\/types\/post"}],"author":[{"embeddable":true,"href":"https:\/\/temucotelevision.cl\/web\/wp-json\/wp\/v2\/users\/1"}],"replies":[{"embeddable":true,"href":"https:\/\/temucotelevision.cl\/web\/wp-json\/wp\/v2\/comments?post=45905"}],"version-history":[{"count":5,"href":"https:\/\/temucotelevision.cl\/web\/wp-json\/wp\/v2\/posts\/45905\/revisions"}],"predecessor-version":[{"id":45917,"href":"https:\/\/temucotelevision.cl\/web\/wp-json\/wp\/v2\/posts\/45905\/revisions\/45917"}],"wp:featuredmedia":[{"embeddable":true,"href":"https:\/\/temucotelevision.cl\/web\/wp-json\/wp\/v2\/media\/45913"}],"wp:attachment":[{"href":"https:\/\/temucotelevision.cl\/web\/wp-json\/wp\/v2\/media?parent=45905"}],"wp:term":[{"taxonomy":"category","embeddable":true,"href":"https:\/\/temucotelevision.cl\/web\/wp-json\/wp\/v2\/categories?post=45905"},{"taxonomy":"post_tag","embeddable":true,"href":"https:\/\/temucotelevision.cl\/web\/wp-json\/wp\/v2\/tags?post=45905"}],"curies":[{"name":"wp","href":"https:\/\/api.w.org\/{rel}","templated":true}]}}