{"id":45902,"date":"2023-11-02T14:54:49","date_gmt":"2023-11-02T17:54:49","guid":{"rendered":"https:\/\/temucotelevision.cl\/web\/?p=45902"},"modified":"2023-11-02T14:54:49","modified_gmt":"2023-11-02T17:54:49","slug":"diputado-melo-ps-insta-al-gobierno-a-otorgar-prioridad-al-proyecto-de-ley-que-restringe-funerales-vinculados-al-narcotrafico","status":"publish","type":"post","link":"https:\/\/temucotelevision.cl\/web\/2023\/11\/02\/diputado-melo-ps-insta-al-gobierno-a-otorgar-prioridad-al-proyecto-de-ley-que-restringe-funerales-vinculados-al-narcotrafico\/","title":{"rendered":"Diputado Melo (PS) insta al Gobierno a otorgar prioridad al proyecto de Ley que restringe funerales vinculados al narcotr\u00e1fico"},"content":{"rendered":"<div class=\"pvc_clear\"><\/div><p id=\"pvc_stats_45902\" class=\"pvc_stats total_only  \" data-element-id=\"45902\" style=\"\"><i class=\"pvc-stats-icon large\" aria-hidden=\"true\"><svg aria-hidden=\"true\" focusable=\"false\" data-prefix=\"far\" data-icon=\"chart-bar\" role=\"img\" xmlns=\"http:\/\/www.w3.org\/2000\/svg\" viewBox=\"0 0 512 512\" class=\"svg-inline--fa fa-chart-bar fa-w-16 fa-2x\"><path fill=\"currentColor\" d=\"M396.8 352h22.4c6.4 0 12.8-6.4 12.8-12.8V108.8c0-6.4-6.4-12.8-12.8-12.8h-22.4c-6.4 0-12.8 6.4-12.8 12.8v230.4c0 6.4 6.4 12.8 12.8 12.8zm-192 0h22.4c6.4 0 12.8-6.4 12.8-12.8V140.8c0-6.4-6.4-12.8-12.8-12.8h-22.4c-6.4 0-12.8 6.4-12.8 12.8v198.4c0 6.4 6.4 12.8 12.8 12.8zm96 0h22.4c6.4 0 12.8-6.4 12.8-12.8V204.8c0-6.4-6.4-12.8-12.8-12.8h-22.4c-6.4 0-12.8 6.4-12.8 12.8v134.4c0 6.4 6.4 12.8 12.8 12.8zM496 400H48V80c0-8.84-7.16-16-16-16H16C7.16 64 0 71.16 0 80v336c0 17.67 14.33 32 32 32h464c8.84 0 16-7.16 16-16v-16c0-8.84-7.16-16-16-16zm-387.2-48h22.4c6.4 0 12.8-6.4 12.8-12.8v-70.4c0-6.4-6.4-12.8-12.8-12.8h-22.4c-6.4 0-12.8 6.4-12.8 12.8v70.4c0 6.4 6.4 12.8 12.8 12.8z\" class=\"\"><\/path><\/svg><\/i> <img loading=\"lazy\" decoding=\"async\" width=\"16\" height=\"16\" alt=\"Loading\" src=\"https:\/\/temucotelevision.cl\/web\/wp-content\/plugins\/page-views-count\/ajax-loader-2x.gif\" border=0 \/><\/p><div class=\"pvc_clear\"><\/div>\n<p><em>El Diputado Socialista del distrito 13, en una muestra de compromiso con la seguridad y la justicia social, hace un llamado al Ejecutivo para acelerar la tramitaci\u00f3n del proyecto de Ley destinado a restringir los funerales relacionados con el narcotr\u00e1fico.<\/em><\/p>\n\n\n\n<p>Recientemente, se llev\u00f3 a cabo el sepelio de Sabrina Dur\u00e1n, la &#8220;narco tiktoker&#8221; que fue asesinada a plena luz del d\u00eda en la comuna de Padre Hurtado, en la Regi\u00f3n Metropolitana. Este evento, caracterizado por su alto riesgo, oblig\u00f3 a la presencia de un amplio contingente policial para prevenir posibles actos de incivilidad. A pesar de estos esfuerzos, cinco individuos fueron detenidos en el acceso al cortejo f\u00fanebre al cementerio debido a la tenencia de marihuana y un arma de fuego, revelando la urgente necesidad de tomar medidas.<\/p>\n\n\n\n<p>El parlamentario no pasa por alto que este tipo de situaciones no son nuevas ni aisladas, particularmente en nuestras comunas de Santiago sur. Es sumamente alarmante que individuos, en medio de un cortejo f\u00fanebre, se adue\u00f1en de las calles de nuestras poblaciones y cementerios con amenazas armadas. Este escenario pone en riesgo a ciudadanos completamente inocentes, lo cual es inaceptable y peligroso desde una perspectiva de justicia social.<\/p>\n\n\n\n<p>El congresista exhorta al Gobierno a actuar con premura y afirma que &#8220;la agenda de seguridad debe ser un garante de la paz social para todas nuestras familias. No podemos permitir que la delincuencia y los narcotraficantes prevalezcan de manera constante. El uso de armas de fuego en estos eventos no debe ser tolerado&#8221;.&nbsp;<\/p>\n\n\n\n<p>Finalmente, el diputado Melo advierte que &#8220;aunque actualmente existen protocolos para abordar funerales de alto riesgo, que incluso involucran la intervenci\u00f3n de personal especializado como el departamento de Orden P\u00fablico de Carabineros, esta ley podr\u00eda brindar una mayor sensaci\u00f3n de seguridad a los residentes de las poblaciones que est\u00e1n siendo afectadas negativamente en su seguridad y calidad de vida por el narcotr\u00e1fico&#8221;.<\/p>\n","protected":false},"excerpt":{"rendered":"<div class=\"pvc_clear\"><\/div>\n<p id=\"pvc_stats_45902\" class=\"pvc_stats total_only  \" data-element-id=\"45902\" style=\"\"><i class=\"pvc-stats-icon large\" aria-hidden=\"true\"><svg aria-hidden=\"true\" focusable=\"false\" data-prefix=\"far\" data-icon=\"chart-bar\" role=\"img\" xmlns=\"http:\/\/www.w3.org\/2000\/svg\" viewBox=\"0 0 512 512\" class=\"svg-inline--fa fa-chart-bar fa-w-16 fa-2x\"><path fill=\"currentColor\" d=\"M396.8 352h22.4c6.4 0 12.8-6.4 12.8-12.8V108.8c0-6.4-6.4-12.8-12.8-12.8h-22.4c-6.4 0-12.8 6.4-12.8 12.8v230.4c0 6.4 6.4 12.8 12.8 12.8zm-192 0h22.4c6.4 0 12.8-6.4 12.8-12.8V140.8c0-6.4-6.4-12.8-12.8-12.8h-22.4c-6.4 0-12.8 6.4-12.8 12.8v198.4c0 6.4 6.4 12.8 12.8 12.8zm96 0h22.4c6.4 0 12.8-6.4 12.8-12.8V204.8c0-6.4-6.4-12.8-12.8-12.8h-22.4c-6.4 0-12.8 6.4-12.8 12.8v134.4c0 6.4 6.4 12.8 12.8 12.8zM496 400H48V80c0-8.84-7.16-16-16-16H16C7.16 64 0 71.16 0 80v336c0 17.67 14.33 32 32 32h464c8.84 0 16-7.16 16-16v-16c0-8.84-7.16-16-16-16zm-387.2-48h22.4c6.4 0 12.8-6.4 12.8-12.8v-70.4c0-6.4-6.4-12.8-12.8-12.8h-22.4c-6.4 0-12.8 6.4-12.8 12.8v70.4c0 6.4 6.4 12.8 12.8 12.8z\" class=\"\"><\/path><\/svg><\/i> <img loading=\"lazy\" decoding=\"async\" width=\"16\" height=\"16\" alt=\"Loading\" src=\"https:\/\/temucotelevision.cl\/web\/wp-content\/plugins\/page-views-count\/ajax-loader-2x.gif\" border=0 \/><\/p>\n<div class=\"pvc_clear\"><\/div>\n<p>El Diputado Socialista del distrito 13, en una muestra de compromiso con la seguridad y la justicia social, hace un<\/p>\n","protected":false},"author":1,"featured_media":45757,"comment_status":"open","ping_status":"open","sticky":false,"template":"","format":"standard","meta":{"colormag_page_container_layout":"default_layout","colormag_page_sidebar_layout":"default_layout","footnotes":""},"categories":[84],"tags":[154,6793,6591,2896],"class_list":["post-45902","post","type-post","status-publish","format-standard","has-post-thumbnail","hentry","category-politica","tag-diputado","tag-funerales","tag-melo","tag-narcotrafico"],"a3_pvc":{"activated":true,"total_views":1865,"today_views":0},"_links":{"self":[{"href":"https:\/\/temucotelevision.cl\/web\/wp-json\/wp\/v2\/posts\/45902","targetHints":{"allow":["GET"]}}],"collection":[{"href":"https:\/\/temucotelevision.cl\/web\/wp-json\/wp\/v2\/posts"}],"about":[{"href":"https:\/\/temucotelevision.cl\/web\/wp-json\/wp\/v2\/types\/post"}],"author":[{"embeddable":true,"href":"https:\/\/temucotelevision.cl\/web\/wp-json\/wp\/v2\/users\/1"}],"replies":[{"embeddable":true,"href":"https:\/\/temucotelevision.cl\/web\/wp-json\/wp\/v2\/comments?post=45902"}],"version-history":[{"count":1,"href":"https:\/\/temucotelevision.cl\/web\/wp-json\/wp\/v2\/posts\/45902\/revisions"}],"predecessor-version":[{"id":45903,"href":"https:\/\/temucotelevision.cl\/web\/wp-json\/wp\/v2\/posts\/45902\/revisions\/45903"}],"wp:featuredmedia":[{"embeddable":true,"href":"https:\/\/temucotelevision.cl\/web\/wp-json\/wp\/v2\/media\/45757"}],"wp:attachment":[{"href":"https:\/\/temucotelevision.cl\/web\/wp-json\/wp\/v2\/media?parent=45902"}],"wp:term":[{"taxonomy":"category","embeddable":true,"href":"https:\/\/temucotelevision.cl\/web\/wp-json\/wp\/v2\/categories?post=45902"},{"taxonomy":"post_tag","embeddable":true,"href":"https:\/\/temucotelevision.cl\/web\/wp-json\/wp\/v2\/tags?post=45902"}],"curies":[{"name":"wp","href":"https:\/\/api.w.org\/{rel}","templated":true}]}}