{"id":45899,"date":"2023-11-02T14:53:36","date_gmt":"2023-11-02T17:53:36","guid":{"rendered":"https:\/\/temucotelevision.cl\/web\/?p=45899"},"modified":"2023-11-02T14:53:37","modified_gmt":"2023-11-02T17:53:37","slug":"lean-management-el-enfoque-que-podria-aumentar-la-productividad-de-las-pymes","status":"publish","type":"post","link":"https:\/\/temucotelevision.cl\/web\/2023\/11\/02\/lean-management-el-enfoque-que-podria-aumentar-la-productividad-de-las-pymes\/","title":{"rendered":"Lean Management, el enfoque que podr\u00eda aumentar la productividad de las pymes"},"content":{"rendered":"<div class=\"pvc_clear\"><\/div><p id=\"pvc_stats_45899\" class=\"pvc_stats total_only  \" data-element-id=\"45899\" style=\"\"><i class=\"pvc-stats-icon large\" aria-hidden=\"true\"><svg aria-hidden=\"true\" focusable=\"false\" data-prefix=\"far\" data-icon=\"chart-bar\" role=\"img\" xmlns=\"http:\/\/www.w3.org\/2000\/svg\" viewBox=\"0 0 512 512\" class=\"svg-inline--fa fa-chart-bar fa-w-16 fa-2x\"><path fill=\"currentColor\" d=\"M396.8 352h22.4c6.4 0 12.8-6.4 12.8-12.8V108.8c0-6.4-6.4-12.8-12.8-12.8h-22.4c-6.4 0-12.8 6.4-12.8 12.8v230.4c0 6.4 6.4 12.8 12.8 12.8zm-192 0h22.4c6.4 0 12.8-6.4 12.8-12.8V140.8c0-6.4-6.4-12.8-12.8-12.8h-22.4c-6.4 0-12.8 6.4-12.8 12.8v198.4c0 6.4 6.4 12.8 12.8 12.8zm96 0h22.4c6.4 0 12.8-6.4 12.8-12.8V204.8c0-6.4-6.4-12.8-12.8-12.8h-22.4c-6.4 0-12.8 6.4-12.8 12.8v134.4c0 6.4 6.4 12.8 12.8 12.8zM496 400H48V80c0-8.84-7.16-16-16-16H16C7.16 64 0 71.16 0 80v336c0 17.67 14.33 32 32 32h464c8.84 0 16-7.16 16-16v-16c0-8.84-7.16-16-16-16zm-387.2-48h22.4c6.4 0 12.8-6.4 12.8-12.8v-70.4c0-6.4-6.4-12.8-12.8-12.8h-22.4c-6.4 0-12.8 6.4-12.8 12.8v70.4c0 6.4 6.4 12.8 12.8 12.8z\" class=\"\"><\/path><\/svg><\/i> <img loading=\"lazy\" decoding=\"async\" width=\"16\" height=\"16\" alt=\"Loading\" src=\"https:\/\/temucotelevision.cl\/web\/wp-content\/plugins\/page-views-count\/ajax-loader-2x.gif\" border=0 \/><\/p><div class=\"pvc_clear\"><\/div>\n<p>Por Claudia Vald\u00e9s Mu\u00f1oz, gerente general de&nbsp;<a href=\"http:\/\/www.bbsc.cl\/\" target=\"_blank\" rel=\"noreferrer noopener\">BBSC<\/a><\/p>\n\n\n\n<p>Sin duda, la nueva ley que obligar\u00e1 a todas las empresas a reducir la jornada laboral de 45 a 40 horas semanales representar\u00e1 un desaf\u00edo para la productividad. Y a pesar de que muchos l\u00edderes empresariales se han preparado con antelaci\u00f3n para enfrentar \u00e9ste y otros cambios normativos, para las pymes puede ser a\u00fan m\u00e1s complejo transitar por un camino que parece imponerles cada vez m\u00e1s obst\u00e1culos.<\/p>\n\n\n\n<p>El precio del d\u00f3lar, las altas tasas de inter\u00e9s, el costo de la energ\u00eda y la escasez de mano de obra, por ejemplo, han elevado las alertas invitando a peque\u00f1as, medianas y grandes empresas a planificar con tiempo el pr\u00f3ximo a\u00f1o. Y es en esta acci\u00f3n donde el&nbsp;<em>Lean Management<\/em>&nbsp;podr\u00eda ser de gran ayuda.<\/p>\n\n\n\n<p>Esta metodolog\u00eda podr\u00eda contribuir a la resoluci\u00f3n temprana de diversos problemas y, al eliminar el desperdicio, mejorar la eficiencia, reducir costos e incluso optimizar la calidad de los servicios en una empresa. En los a\u00f1os setenta grandes empresas, a nivel mundial, comenzaron a aplicar este enfoque que aterriz\u00f3 en Chile para ir despejando las ineficiencias.<\/p>\n\n\n\n<p>Sin importar el tama\u00f1o de la organizaci\u00f3n, \u201csacar la grasa\u201d, es decir, todo lo que no contribuya a alcanzar los objetivos no puede sino traer beneficios y, debido a las crisis que enfrentamos como pa\u00eds, acelerar el cambio cultural que se necesita para adoptar metodolog\u00edas modernas y nuevas herramientas tecnol\u00f3gicas se ha vuelto imperativo.<\/p>\n\n\n\n<p>Nos acostumbramos a ser lentos, a trabajar poco y a desaprovechar las oportunidades que abre la tecnolog\u00eda que muchos observan con cautela.&nbsp;Pero,&nbsp;las generaciones nuevas vienen con otra mentalidad. Mientras que para una empresa tradicional una quiebra significar el fin de la carrera empresarial, para las startups, \u00e9sta representa una oportunidad.<\/p>\n\n\n\n<p>As\u00ed lo hemos comprobado al asesorar contable y tributariamente a un mundo tan diverso, donde la mirada hol\u00edstica nos ha llevado tambi\u00e9n a entregar recomendaciones que, a veces van un poco m\u00e1s all\u00e1 de nuestro campo pero que las pymes agradecen especialmente.<\/p>\n\n\n\n<p>En este sentido, nuestro consejo para quienes sienten que los problemas&nbsp; parecen insalvables es: pensar estrat\u00e9gicamente e incorporar todas las herramientas y metodolog\u00edas que puedan ayudarles a adaptarse r\u00e1pidamente a los cambios. Ver\u00e1n que con planificaci\u00f3n y mejorando la eficiencia, resolver las dificultades se va volviendo m\u00e1s f\u00e1cil.<\/p>\n","protected":false},"excerpt":{"rendered":"<div class=\"pvc_clear\"><\/div>\n<p id=\"pvc_stats_45899\" class=\"pvc_stats total_only  \" data-element-id=\"45899\" style=\"\"><i class=\"pvc-stats-icon large\" aria-hidden=\"true\"><svg aria-hidden=\"true\" focusable=\"false\" data-prefix=\"far\" data-icon=\"chart-bar\" role=\"img\" xmlns=\"http:\/\/www.w3.org\/2000\/svg\" viewBox=\"0 0 512 512\" class=\"svg-inline--fa fa-chart-bar fa-w-16 fa-2x\"><path fill=\"currentColor\" d=\"M396.8 352h22.4c6.4 0 12.8-6.4 12.8-12.8V108.8c0-6.4-6.4-12.8-12.8-12.8h-22.4c-6.4 0-12.8 6.4-12.8 12.8v230.4c0 6.4 6.4 12.8 12.8 12.8zm-192 0h22.4c6.4 0 12.8-6.4 12.8-12.8V140.8c0-6.4-6.4-12.8-12.8-12.8h-22.4c-6.4 0-12.8 6.4-12.8 12.8v198.4c0 6.4 6.4 12.8 12.8 12.8zm96 0h22.4c6.4 0 12.8-6.4 12.8-12.8V204.8c0-6.4-6.4-12.8-12.8-12.8h-22.4c-6.4 0-12.8 6.4-12.8 12.8v134.4c0 6.4 6.4 12.8 12.8 12.8zM496 400H48V80c0-8.84-7.16-16-16-16H16C7.16 64 0 71.16 0 80v336c0 17.67 14.33 32 32 32h464c8.84 0 16-7.16 16-16v-16c0-8.84-7.16-16-16-16zm-387.2-48h22.4c6.4 0 12.8-6.4 12.8-12.8v-70.4c0-6.4-6.4-12.8-12.8-12.8h-22.4c-6.4 0-12.8 6.4-12.8 12.8v70.4c0 6.4 6.4 12.8 12.8 12.8z\" class=\"\"><\/path><\/svg><\/i> <img loading=\"lazy\" decoding=\"async\" width=\"16\" height=\"16\" alt=\"Loading\" src=\"https:\/\/temucotelevision.cl\/web\/wp-content\/plugins\/page-views-count\/ajax-loader-2x.gif\" border=0 \/><\/p>\n<div class=\"pvc_clear\"><\/div>\n<p>Por Claudia Vald\u00e9s Mu\u00f1oz, gerente general de&nbsp;BBSC Sin duda, la nueva ley que obligar\u00e1 a todas las empresas a reducir<\/p>\n","protected":false},"author":1,"featured_media":45900,"comment_status":"open","ping_status":"open","sticky":false,"template":"","format":"standard","meta":{"colormag_page_container_layout":"default_layout","colormag_page_sidebar_layout":"default_layout","footnotes":""},"categories":[14],"tags":[1276,2032,342],"class_list":["post-45899","post","type-post","status-publish","format-standard","has-post-thumbnail","hentry","category-temuco","tag-horas","tag-pymes","tag-trabajo"],"a3_pvc":{"activated":true,"total_views":1053,"today_views":0},"_links":{"self":[{"href":"https:\/\/temucotelevision.cl\/web\/wp-json\/wp\/v2\/posts\/45899","targetHints":{"allow":["GET"]}}],"collection":[{"href":"https:\/\/temucotelevision.cl\/web\/wp-json\/wp\/v2\/posts"}],"about":[{"href":"https:\/\/temucotelevision.cl\/web\/wp-json\/wp\/v2\/types\/post"}],"author":[{"embeddable":true,"href":"https:\/\/temucotelevision.cl\/web\/wp-json\/wp\/v2\/users\/1"}],"replies":[{"embeddable":true,"href":"https:\/\/temucotelevision.cl\/web\/wp-json\/wp\/v2\/comments?post=45899"}],"version-history":[{"count":1,"href":"https:\/\/temucotelevision.cl\/web\/wp-json\/wp\/v2\/posts\/45899\/revisions"}],"predecessor-version":[{"id":45901,"href":"https:\/\/temucotelevision.cl\/web\/wp-json\/wp\/v2\/posts\/45899\/revisions\/45901"}],"wp:featuredmedia":[{"embeddable":true,"href":"https:\/\/temucotelevision.cl\/web\/wp-json\/wp\/v2\/media\/45900"}],"wp:attachment":[{"href":"https:\/\/temucotelevision.cl\/web\/wp-json\/wp\/v2\/media?parent=45899"}],"wp:term":[{"taxonomy":"category","embeddable":true,"href":"https:\/\/temucotelevision.cl\/web\/wp-json\/wp\/v2\/categories?post=45899"},{"taxonomy":"post_tag","embeddable":true,"href":"https:\/\/temucotelevision.cl\/web\/wp-json\/wp\/v2\/tags?post=45899"}],"curies":[{"name":"wp","href":"https:\/\/api.w.org\/{rel}","templated":true}]}}