{"id":45896,"date":"2023-11-02T10:39:06","date_gmt":"2023-11-02T13:39:06","guid":{"rendered":"https:\/\/temucotelevision.cl\/web\/?p=45896"},"modified":"2023-11-02T10:39:08","modified_gmt":"2023-11-02T13:39:08","slug":"un-llamado-a-la-prevencion-especialistas-realizan-actividad-para-prevenir-e-informar-sobre-los-accidentes-cerebrovasculares","status":"publish","type":"post","link":"https:\/\/temucotelevision.cl\/web\/2023\/11\/02\/un-llamado-a-la-prevencion-especialistas-realizan-actividad-para-prevenir-e-informar-sobre-los-accidentes-cerebrovasculares\/","title":{"rendered":"Un llamado a la prevenci\u00f3n: Especialistas realizan actividad para prevenir e informar sobre los accidentes cerebrovasculares"},"content":{"rendered":"<div class=\"pvc_clear\"><\/div><p id=\"pvc_stats_45896\" class=\"pvc_stats total_only  \" data-element-id=\"45896\" style=\"\"><i class=\"pvc-stats-icon large\" aria-hidden=\"true\"><svg aria-hidden=\"true\" focusable=\"false\" data-prefix=\"far\" data-icon=\"chart-bar\" role=\"img\" xmlns=\"http:\/\/www.w3.org\/2000\/svg\" viewBox=\"0 0 512 512\" class=\"svg-inline--fa fa-chart-bar fa-w-16 fa-2x\"><path fill=\"currentColor\" d=\"M396.8 352h22.4c6.4 0 12.8-6.4 12.8-12.8V108.8c0-6.4-6.4-12.8-12.8-12.8h-22.4c-6.4 0-12.8 6.4-12.8 12.8v230.4c0 6.4 6.4 12.8 12.8 12.8zm-192 0h22.4c6.4 0 12.8-6.4 12.8-12.8V140.8c0-6.4-6.4-12.8-12.8-12.8h-22.4c-6.4 0-12.8 6.4-12.8 12.8v198.4c0 6.4 6.4 12.8 12.8 12.8zm96 0h22.4c6.4 0 12.8-6.4 12.8-12.8V204.8c0-6.4-6.4-12.8-12.8-12.8h-22.4c-6.4 0-12.8 6.4-12.8 12.8v134.4c0 6.4 6.4 12.8 12.8 12.8zM496 400H48V80c0-8.84-7.16-16-16-16H16C7.16 64 0 71.16 0 80v336c0 17.67 14.33 32 32 32h464c8.84 0 16-7.16 16-16v-16c0-8.84-7.16-16-16-16zm-387.2-48h22.4c6.4 0 12.8-6.4 12.8-12.8v-70.4c0-6.4-6.4-12.8-12.8-12.8h-22.4c-6.4 0-12.8 6.4-12.8 12.8v70.4c0 6.4 6.4 12.8 12.8 12.8z\" class=\"\"><\/path><\/svg><\/i> <img loading=\"lazy\" decoding=\"async\" width=\"16\" height=\"16\" alt=\"Loading\" src=\"https:\/\/temucotelevision.cl\/web\/wp-content\/plugins\/page-views-count\/ajax-loader-2x.gif\" border=0 \/><\/p><div class=\"pvc_clear\"><\/div>\n<p><em>En el marco de la conmemoraci\u00f3n del D\u00eda Nacional de la Prevenci\u00f3n del Accidente Cerebrovascular (ACV), las y los especialistas del Hospital Doctor Hern\u00e1n Henr\u00edquez (HHHA) Aravena realizaron jornada para concientizar y educar sobre los ACV.<\/em><\/p>\n\n\n\n<p>El 80 por ciento de los accidentes cerebrovasculares (ACV) son de tipo isqu\u00e9mico; un co\u00e1gulo bloquea o tapa los vasos sangu\u00edneos del cerebro, en tanto, el 20 por ciento restante son de tipo hemorr\u00e1gicos, es decir, los vasos sangu\u00edneos de un lado del cerebro se debilitan y rompen. Episodios que pueden tener impactos devastadores en la vida de las personas, siendo la tercera causa de muerte a nivel mundial y la primera en causar discapacidad y\/o invalidez. \u201cCada a\u00f1o, 40 mil personas en Chile sufren de un ACV y ocho mil de ellas fallecen\u201d, dijo el doctor \u00c1lvaro Soto, neur\u00f3logo del Hospital Doctor Hern\u00e1n Henr\u00edquez (HHHA).<\/p>\n\n\n\n<p>Dentro de este contexto se vuelve esencial educar e informar sobre los principales s\u00edntomas de un ACV. As\u00ed, durante la jornada se llev\u00f3 a cabo una sesi\u00f3n informativa, donde las y los usuarios pudieron educarse sobre c\u00f3mo identificar un ACV o c\u00f3mo prevenirlo. Esto, con la finalidad de otorgar un tratamiento temprano y oportuno a quienes se ven afectadas y afectados por estos episodios, siendo primordiales las primeras cuatro horas.<\/p>\n\n\n\n<p>\u201cCuando en forma brusca una persona pierde, por ejemplo, la capacidad de hablar, pierde fuerza de un lado de la cara, del brazo o de la pierna, tiene que venir inmediatamente al Servicio de Urgencia\u201d, mencion\u00f3 el Dr. Soto. Palabras que fueron complementadas por la doctora Marcela Grandjean, neur\u00f3loga de urgencia del HHHA, quien explic\u00f3 que los s\u00edntomas de un ACV ocurren de manera s\u00fabita. \u201cSon d\u00e9ficit neurol\u00f3gicos y estos tienen que ver con las funciones cerebrales, es decir, si tienen p\u00e9rdida de fuerza, de sensibilidad, dificultad para hablar o para caminar, visi\u00f3n doble\u2026 Todo inicio brusco es un probable s\u00edntoma de un accidente cerebrovascular\u201d, coment\u00f3 la Dra. Grandjean, haciendo un llamado a acudir a los servicios de Urgencia de manera r\u00e1pida y, por supuesto, a prevenir.<\/p>\n\n\n\n<p>De acuerdo con el Dr. Soto, el 80 por ciento de los ACV son prevenibles mientras se controlen los factores de riesgo tales como: diabetes, hipertensi\u00f3n, colesterol alto, tabaquismo y consumo de alcohol. As\u00ed, el llevar una vida sana y en movimiento se hace esencial en la prevenci\u00f3n de los ACV.<\/p>\n\n\n\n<p>En la misma l\u00ednea, la doctora Teresa Castillo, neur\u00f3loga jefa del Servicio de Neurolog\u00eda del HHHA, coment\u00f3 que los ACV \u201cson producto de factores de riesgo, que no est\u00e1n bien controlados y que son modificables\u201d, haciendo \u00e9nfasis en modificar los estilos de vida y en consultar oportunamente. \u201cUn manejo r\u00e1pido y oportuno significa una menor mortalidad y una menor cantidad de secuelas. En Urgencia tenemos neur\u00f3logos las 24 horas y los siete d\u00edas de la semana, tenemos los medios para poder intervenir a las personas, abrir las arterias que est\u00e1n con trombo, tapadas y poder restituir el flujo sangu\u00edneo hac\u00eda el cerebro\u201d, agreg\u00f3.<\/p>\n\n\n\n<p>\u201cCuidar aspectos generales como la alimentaci\u00f3n, la actividad f\u00edsica, el sue\u00f1o y la salud mental son esenciales\u201d, a\u00f1adi\u00f3 la Dra. Castillo, centr\u00e1ndose en que gran parte del porcentaje de ataques cerebrovasculares son prevenibles y \u201cuna vez que ocurren son tratables, siempre y cuando se consulte a tiempo\u201d. A\u00fan as\u00ed, se trata de episodios recuperables, es decir, que las y los pacientes pueden volver a un estado similar al que se encontraban previo a sufrir un ACV.<\/p>\n\n\n\n<p>En este sentido, el HHHA es un basti\u00f3n en la lucha contra los ACV y seg\u00fan datos aportados por el doctor Soto, el establecimiento diagn\u00f3stica cerca mil 200 casos y realiza alrededor de 60 trombolisis, un procedimiento que, de 2012 a la fecha, ha sido sometido a m\u00e1s de 500 pacientes, marcando la diferencia entre la vida y la muerte.<\/p>\n\n\n\n<p>Cabe mencionar que, desde 2013, el recinto asistencial cuenta con neur\u00f3logos en el Servicio de Urgencia las 24 horas del d\u00eda y los siete d\u00edas de la semana. Adem\u00e1s, ha incorporado la neuroradiolog\u00eda intervencional para llevar a cabo la trombectom\u00eda mec\u00e1nica de manera eficiente y segura, y con un equipo de neurorehabilitaci\u00f3n compuesto por profesionales de distintas \u00e1reas, tales como Kinesiolog\u00eda, Terapia Ocupacional, Nutrici\u00f3n y Diet\u00e9tica y Psicolog\u00eda.<\/p>\n","protected":false},"excerpt":{"rendered":"<div class=\"pvc_clear\"><\/div>\n<p id=\"pvc_stats_45896\" class=\"pvc_stats total_only  \" data-element-id=\"45896\" style=\"\"><i class=\"pvc-stats-icon large\" aria-hidden=\"true\"><svg aria-hidden=\"true\" focusable=\"false\" data-prefix=\"far\" data-icon=\"chart-bar\" role=\"img\" xmlns=\"http:\/\/www.w3.org\/2000\/svg\" viewBox=\"0 0 512 512\" class=\"svg-inline--fa fa-chart-bar fa-w-16 fa-2x\"><path fill=\"currentColor\" d=\"M396.8 352h22.4c6.4 0 12.8-6.4 12.8-12.8V108.8c0-6.4-6.4-12.8-12.8-12.8h-22.4c-6.4 0-12.8 6.4-12.8 12.8v230.4c0 6.4 6.4 12.8 12.8 12.8zm-192 0h22.4c6.4 0 12.8-6.4 12.8-12.8V140.8c0-6.4-6.4-12.8-12.8-12.8h-22.4c-6.4 0-12.8 6.4-12.8 12.8v198.4c0 6.4 6.4 12.8 12.8 12.8zm96 0h22.4c6.4 0 12.8-6.4 12.8-12.8V204.8c0-6.4-6.4-12.8-12.8-12.8h-22.4c-6.4 0-12.8 6.4-12.8 12.8v134.4c0 6.4 6.4 12.8 12.8 12.8zM496 400H48V80c0-8.84-7.16-16-16-16H16C7.16 64 0 71.16 0 80v336c0 17.67 14.33 32 32 32h464c8.84 0 16-7.16 16-16v-16c0-8.84-7.16-16-16-16zm-387.2-48h22.4c6.4 0 12.8-6.4 12.8-12.8v-70.4c0-6.4-6.4-12.8-12.8-12.8h-22.4c-6.4 0-12.8 6.4-12.8 12.8v70.4c0 6.4 6.4 12.8 12.8 12.8z\" class=\"\"><\/path><\/svg><\/i> <img loading=\"lazy\" decoding=\"async\" width=\"16\" height=\"16\" alt=\"Loading\" src=\"https:\/\/temucotelevision.cl\/web\/wp-content\/plugins\/page-views-count\/ajax-loader-2x.gif\" border=0 \/><\/p>\n<div class=\"pvc_clear\"><\/div>\n<p>En el marco de la conmemoraci\u00f3n del D\u00eda Nacional de la Prevenci\u00f3n del Accidente Cerebrovascular (ACV), las y los especialistas<\/p>\n","protected":false},"author":1,"featured_media":45897,"comment_status":"open","ping_status":"open","sticky":false,"template":"","format":"standard","meta":{"colormag_page_container_layout":"default_layout","colormag_page_sidebar_layout":"default_layout","footnotes":""},"categories":[15],"tags":[2800],"class_list":["post-45896","post","type-post","status-publish","format-standard","has-post-thumbnail","hentry","category-la-araucania","tag-especialistas"],"a3_pvc":{"activated":true,"total_views":2057,"today_views":0},"_links":{"self":[{"href":"https:\/\/temucotelevision.cl\/web\/wp-json\/wp\/v2\/posts\/45896","targetHints":{"allow":["GET"]}}],"collection":[{"href":"https:\/\/temucotelevision.cl\/web\/wp-json\/wp\/v2\/posts"}],"about":[{"href":"https:\/\/temucotelevision.cl\/web\/wp-json\/wp\/v2\/types\/post"}],"author":[{"embeddable":true,"href":"https:\/\/temucotelevision.cl\/web\/wp-json\/wp\/v2\/users\/1"}],"replies":[{"embeddable":true,"href":"https:\/\/temucotelevision.cl\/web\/wp-json\/wp\/v2\/comments?post=45896"}],"version-history":[{"count":1,"href":"https:\/\/temucotelevision.cl\/web\/wp-json\/wp\/v2\/posts\/45896\/revisions"}],"predecessor-version":[{"id":45898,"href":"https:\/\/temucotelevision.cl\/web\/wp-json\/wp\/v2\/posts\/45896\/revisions\/45898"}],"wp:featuredmedia":[{"embeddable":true,"href":"https:\/\/temucotelevision.cl\/web\/wp-json\/wp\/v2\/media\/45897"}],"wp:attachment":[{"href":"https:\/\/temucotelevision.cl\/web\/wp-json\/wp\/v2\/media?parent=45896"}],"wp:term":[{"taxonomy":"category","embeddable":true,"href":"https:\/\/temucotelevision.cl\/web\/wp-json\/wp\/v2\/categories?post=45896"},{"taxonomy":"post_tag","embeddable":true,"href":"https:\/\/temucotelevision.cl\/web\/wp-json\/wp\/v2\/tags?post=45896"}],"curies":[{"name":"wp","href":"https:\/\/api.w.org\/{rel}","templated":true}]}}