{"id":45889,"date":"2023-11-02T10:23:41","date_gmt":"2023-11-02T13:23:41","guid":{"rendered":"https:\/\/temucotelevision.cl\/web\/?p=45889"},"modified":"2023-11-02T10:23:43","modified_gmt":"2023-11-02T13:23:43","slug":"por-primera-vez-en-chile-el-musical-mamma-mia-llegara-a-regiones-2","status":"publish","type":"post","link":"https:\/\/temucotelevision.cl\/web\/2023\/11\/02\/por-primera-vez-en-chile-el-musical-mamma-mia-llegara-a-regiones-2\/","title":{"rendered":"Por primera vez en Chile el musical Mamma Mia!\u00a0llegar\u00e1 a regiones"},"content":{"rendered":"<div class=\"pvc_clear\"><\/div><p id=\"pvc_stats_45889\" class=\"pvc_stats total_only  \" data-element-id=\"45889\" style=\"\"><i class=\"pvc-stats-icon large\" aria-hidden=\"true\"><svg aria-hidden=\"true\" focusable=\"false\" data-prefix=\"far\" data-icon=\"chart-bar\" role=\"img\" xmlns=\"http:\/\/www.w3.org\/2000\/svg\" viewBox=\"0 0 512 512\" class=\"svg-inline--fa fa-chart-bar fa-w-16 fa-2x\"><path fill=\"currentColor\" d=\"M396.8 352h22.4c6.4 0 12.8-6.4 12.8-12.8V108.8c0-6.4-6.4-12.8-12.8-12.8h-22.4c-6.4 0-12.8 6.4-12.8 12.8v230.4c0 6.4 6.4 12.8 12.8 12.8zm-192 0h22.4c6.4 0 12.8-6.4 12.8-12.8V140.8c0-6.4-6.4-12.8-12.8-12.8h-22.4c-6.4 0-12.8 6.4-12.8 12.8v198.4c0 6.4 6.4 12.8 12.8 12.8zm96 0h22.4c6.4 0 12.8-6.4 12.8-12.8V204.8c0-6.4-6.4-12.8-12.8-12.8h-22.4c-6.4 0-12.8 6.4-12.8 12.8v134.4c0 6.4 6.4 12.8 12.8 12.8zM496 400H48V80c0-8.84-7.16-16-16-16H16C7.16 64 0 71.16 0 80v336c0 17.67 14.33 32 32 32h464c8.84 0 16-7.16 16-16v-16c0-8.84-7.16-16-16-16zm-387.2-48h22.4c6.4 0 12.8-6.4 12.8-12.8v-70.4c0-6.4-6.4-12.8-12.8-12.8h-22.4c-6.4 0-12.8 6.4-12.8 12.8v70.4c0 6.4 6.4 12.8 12.8 12.8z\" class=\"\"><\/path><\/svg><\/i> <img loading=\"lazy\" decoding=\"async\" width=\"16\" height=\"16\" alt=\"Loading\" src=\"https:\/\/temucotelevision.cl\/web\/wp-content\/plugins\/page-views-count\/ajax-loader-2x.gif\" border=0 \/><\/p><div class=\"pvc_clear\"><\/div>\n<p><strong>La producci\u00f3n nacional se presentar\u00e1 en Chill\u00e1n, La Serena, Temuco, Rancagua, Talca y Concepci\u00f3n, con un elenco de lujo y todas las canciones que llevaron al estrellato al grupo sueco ABBA. &nbsp;<\/strong><\/p>\n\n\n\n<p><strong>Entradas a la venta a trav\u00e9s del sistema&nbsp;<a href=\"https:\/\/www.ticketpro.cl\/searchRes?search=MAMMA+MIA\" target=\"_blank\" rel=\"noreferrer noopener\">Ticketpro<\/a>&nbsp;y&nbsp;<a href=\"https:\/\/altoparlante.cl\/evento\/2427\" target=\"_blank\" rel=\"noreferrer noopener\">Alto Parlante<\/a><\/strong><\/p>\n\n\n\n<p>A 24 a\u00f1os de su estreno en Londres, y con m\u00e1s de 65 millones de espectadores alrededor del mundo, Mamma Mia vuelve a los escenarios chilenos para presentarse por primera vez en regiones. Este c\u00e9lebre musical, que adem\u00e1s es uno de los m\u00e1s queridos por el p\u00fablico, cuenta con&nbsp;<strong>un elenco liderado por Annie Murath, Lorene Prieto, Ang\u00e9lica Le\u00f3n, Jos\u00e9 Mart\u00ednez, Daniel Donoso, Andr\u00e9s Zara, Patricio Garc\u00e9s, P\u00edamar\u00eda Silva y Raimundo alcalde,<\/strong><strong>&nbsp;adem\u00e1s de una orquesta en vivo<\/strong>&nbsp;y todas aquellas canciones de ABBA que han traspasado generaciones.<\/p>\n\n\n\n<p>La direcci\u00f3n art\u00edstica de este montaje la realiza\u00a0<strong>Eduardo Yedro<\/strong>, responsable de los existosos musicales como\u00a0<strong>&#8220;La Novicia Rebelde&#8221;, &#8220;Annie la Huerfanita&#8221; y &#8220;Billy Elliot&#8221;,\u00a0<\/strong>entre otros. Por su parte, la direcci\u00f3n musical est\u00e1 a cargo de Javier Herrera, mientras que la producci\u00f3n ejecutiva la realiza Luis Fierro Producciones, quien cuenta con la licencia internacional MTI (Music Theatre International) para la realizaci\u00f3n de estas piezas del pa\u00eds.<\/p>\n\n\n\n<figure class=\"wp-block-image size-large\"><img loading=\"lazy\" decoding=\"async\" width=\"1024\" height=\"683\" src=\"https:\/\/temucotelevision.cl\/web\/wp-content\/uploads\/2023\/11\/Mamma-2-1024x683.jpeg\" alt=\"\" class=\"wp-image-45892\" srcset=\"https:\/\/temucotelevision.cl\/web\/wp-content\/uploads\/2023\/11\/Mamma-2-1024x683.jpeg 1024w, https:\/\/temucotelevision.cl\/web\/wp-content\/uploads\/2023\/11\/Mamma-2-768x512.jpeg 768w, https:\/\/temucotelevision.cl\/web\/wp-content\/uploads\/2023\/11\/Mamma-2-1536x1024.jpeg 1536w, https:\/\/temucotelevision.cl\/web\/wp-content\/uploads\/2023\/11\/Mamma-2-2048x1365.jpeg 2048w\" sizes=\"auto, (max-width: 1024px) 100vw, 1024px\" \/><\/figure>\n\n\n\n<p><strong>En Mamma Mia son 23 los artistas en escena<\/strong>, y junto con los ya nombrados, participan: Bernardita Nassar, Florencia Arenas, David S\u00e1ez, Jos\u00e9 Callejas, Francisca Olivares, B\u00e1rbara Millar, Antonia Ascui, Francisca P\u00e9rez, Diego Espinoza, Benjam\u00edn Salinas, Iv\u00e1n Labra, Alexis Quiroz y Carolina Soto.<\/p>\n\n\n\n<p>El premiado musical Mamma Mia, est\u00e1 basado en las canciones de ABBA, y toma su nombre precisamente del hit de 1975, \u201cMamma Mia\u201d. El libreto lo realiz\u00f3 la dramaturga brit\u00e1nica Catherine Johnson, con la colaboraci\u00f3n de Bj\u00f6rn Ulvaeus\u00a0y\u00a0Benny Andersson, integrantes y autores de las canciones de ABBA, quienes se involucraron en el proyecto desde sus inicios. Fue gracias al rotundo \u00e9xito que tuvo en los teatros de Europa y Broadway, que luego se realiz\u00f3 la pel\u00edcula protagonizada por Meryl Streep, en 2008. \u00a0<\/p>\n\n\n\n<figure class=\"wp-block-image size-large\"><img loading=\"lazy\" decoding=\"async\" width=\"1024\" height=\"683\" src=\"https:\/\/temucotelevision.cl\/web\/wp-content\/uploads\/2023\/11\/Mamma-3-1024x683.jpeg\" alt=\"\" class=\"wp-image-45893\" srcset=\"https:\/\/temucotelevision.cl\/web\/wp-content\/uploads\/2023\/11\/Mamma-3-1024x683.jpeg 1024w, https:\/\/temucotelevision.cl\/web\/wp-content\/uploads\/2023\/11\/Mamma-3-768x512.jpeg 768w, https:\/\/temucotelevision.cl\/web\/wp-content\/uploads\/2023\/11\/Mamma-3-1536x1024.jpeg 1536w, https:\/\/temucotelevision.cl\/web\/wp-content\/uploads\/2023\/11\/Mamma-3-2048x1365.jpeg 2048w\" sizes=\"auto, (max-width: 1024px) 100vw, 1024px\" \/><\/figure>\n\n\n\n<p>En su anterior paso por la cartelera nacional, la producci\u00f3n bati\u00f3 todos los r\u00e9cords hist\u00f3ricos de venta de entradas en el Teatro Municipal de Las Condes, mismo recibimiento que espera tener en\u00a0<strong>las funciones que realizar\u00e1 en Chill\u00e1n, La Serena Temuco, Rancagua, Talca y Concepci\u00f3n.<\/strong><\/p>\n\n\n\n<figure class=\"wp-block-image size-large\"><img loading=\"lazy\" decoding=\"async\" width=\"1024\" height=\"683\" src=\"https:\/\/temucotelevision.cl\/web\/wp-content\/uploads\/2023\/11\/Mamma-4-1024x683.jpeg\" alt=\"\" class=\"wp-image-45894\" srcset=\"https:\/\/temucotelevision.cl\/web\/wp-content\/uploads\/2023\/11\/Mamma-4-1024x683.jpeg 1024w, https:\/\/temucotelevision.cl\/web\/wp-content\/uploads\/2023\/11\/Mamma-4-768x512.jpeg 768w, https:\/\/temucotelevision.cl\/web\/wp-content\/uploads\/2023\/11\/Mamma-4-1536x1024.jpeg 1536w, https:\/\/temucotelevision.cl\/web\/wp-content\/uploads\/2023\/11\/Mamma-4-2048x1365.jpeg 2048w\" sizes=\"auto, (max-width: 1024px) 100vw, 1024px\" \/><\/figure>\n\n\n\n<p><strong><u>Fechas de la gira nacional de Mamma Mia:<\/u><\/strong><\/p>\n\n\n\n<p>&#8211; 17 de noviembre \/&nbsp;&nbsp;<strong><a href=\"https:\/\/www.ticketpro.cl\/evento\/2423\/mamma-mia--chillan-17-nov\" target=\"_blank\" rel=\"noreferrer noopener\">TEATRO MUNICIPAL DE CHILL\u00c1N<\/a><\/strong><\/p>\n\n\n\n<p>&#8211; 22 de noviembre<strong>&nbsp;\/&nbsp;<a href=\"https:\/\/www.ticketpro.cl\/evento\/2477\/mamma-mia--la-serena\" target=\"_blank\" rel=\"noreferrer noopener\">COLISEO MONUMENTAL DE LA SERENA<\/a><\/strong><\/p>\n\n\n\n<p>&#8211; 30 de noviembre \/&nbsp;<strong><a href=\"https:\/\/www.ticketpro.cl\/evento\/2430\/mamma-mia--temuco-30-nov?gclid=CjwKCAjwp8OpBhAFEiwAG7NaEmYb9LkH5JOK849TH11pynnrSkGmN-50ElSAlJB-MzQFPzn12kU0mBoCggoQAvD_BwE\" target=\"_blank\" rel=\"noreferrer noopener\">TEATRO MUNICIPAL DE TEMUCO<\/a><\/strong><\/p>\n\n\n\n<p>&#8211; 3 de diciembre&nbsp;\/&nbsp;<strong><a href=\"https:\/\/www.ticketpro.cl\/evento\/2421\/mamma-mia--rancagua-03-dic?gclid=CjwKCAjwp8OpBhAFEiwAG7NaEtifktL6MLXnf3IGFL9XW4YKdA1rZUjO-CUO6AOw3ZimgAww1Dh_pBoCsqUQAvD_BwE\" target=\"_blank\" rel=\"noreferrer noopener\">TEATRO REGIONAL LUCHO GATICA DE RANCAGUA<\/a><\/strong><\/p>\n\n\n\n<p>&#8211; 6 de diciembre&nbsp;\/&nbsp;<strong><a href=\"https:\/\/www.ticketpro.cl\/evento\/2419\/mamma-mia--talca-06-dic\" target=\"_blank\" rel=\"noreferrer noopener\">TEATRO REGIONAL DE TALCA<\/a><\/strong><\/p>\n\n\n\n<p>&#8211; 20 de diciembre \/<strong><a href=\"https:\/\/www.ticketpro.cl\/evento\/2425\/mamma-mia--concepcion-20-dic?gclid=CjwKCAjwp8OpBhAFEiwAG7NaEq_7afAtuAQRlYPXX2qh6\">&nbsp;TEATRO UNIVERSIDAD DE CONCEPCI\u00d3N<\/a><\/strong><\/p>\n","protected":false},"excerpt":{"rendered":"<div class=\"pvc_clear\"><\/div>\n<p id=\"pvc_stats_45889\" class=\"pvc_stats total_only  \" data-element-id=\"45889\" style=\"\"><i class=\"pvc-stats-icon large\" aria-hidden=\"true\"><svg aria-hidden=\"true\" focusable=\"false\" data-prefix=\"far\" data-icon=\"chart-bar\" role=\"img\" xmlns=\"http:\/\/www.w3.org\/2000\/svg\" viewBox=\"0 0 512 512\" class=\"svg-inline--fa fa-chart-bar fa-w-16 fa-2x\"><path fill=\"currentColor\" d=\"M396.8 352h22.4c6.4 0 12.8-6.4 12.8-12.8V108.8c0-6.4-6.4-12.8-12.8-12.8h-22.4c-6.4 0-12.8 6.4-12.8 12.8v230.4c0 6.4 6.4 12.8 12.8 12.8zm-192 0h22.4c6.4 0 12.8-6.4 12.8-12.8V140.8c0-6.4-6.4-12.8-12.8-12.8h-22.4c-6.4 0-12.8 6.4-12.8 12.8v198.4c0 6.4 6.4 12.8 12.8 12.8zm96 0h22.4c6.4 0 12.8-6.4 12.8-12.8V204.8c0-6.4-6.4-12.8-12.8-12.8h-22.4c-6.4 0-12.8 6.4-12.8 12.8v134.4c0 6.4 6.4 12.8 12.8 12.8zM496 400H48V80c0-8.84-7.16-16-16-16H16C7.16 64 0 71.16 0 80v336c0 17.67 14.33 32 32 32h464c8.84 0 16-7.16 16-16v-16c0-8.84-7.16-16-16-16zm-387.2-48h22.4c6.4 0 12.8-6.4 12.8-12.8v-70.4c0-6.4-6.4-12.8-12.8-12.8h-22.4c-6.4 0-12.8 6.4-12.8 12.8v70.4c0 6.4 6.4 12.8 12.8 12.8z\" class=\"\"><\/path><\/svg><\/i> <img loading=\"lazy\" decoding=\"async\" width=\"16\" height=\"16\" alt=\"Loading\" src=\"https:\/\/temucotelevision.cl\/web\/wp-content\/plugins\/page-views-count\/ajax-loader-2x.gif\" border=0 \/><\/p>\n<div class=\"pvc_clear\"><\/div>\n<p>La producci\u00f3n nacional se presentar\u00e1 en Chill\u00e1n, La Serena, Temuco, Rancagua, Talca y Concepci\u00f3n, con un elenco de lujo y<\/p>\n","protected":false},"author":1,"featured_media":45891,"comment_status":"open","ping_status":"open","sticky":false,"template":"","format":"standard","meta":{"colormag_page_container_layout":"default_layout","colormag_page_sidebar_layout":"default_layout","footnotes":""},"categories":[86],"tags":[1810,6792,6791,820],"class_list":["post-45889","post","type-post","status-publish","format-standard","has-post-thumbnail","hentry","category-panoramas","tag-abba","tag-mamma-mia","tag-musical","tag-regiones"],"a3_pvc":{"activated":true,"total_views":2476,"today_views":0},"_links":{"self":[{"href":"https:\/\/temucotelevision.cl\/web\/wp-json\/wp\/v2\/posts\/45889","targetHints":{"allow":["GET"]}}],"collection":[{"href":"https:\/\/temucotelevision.cl\/web\/wp-json\/wp\/v2\/posts"}],"about":[{"href":"https:\/\/temucotelevision.cl\/web\/wp-json\/wp\/v2\/types\/post"}],"author":[{"embeddable":true,"href":"https:\/\/temucotelevision.cl\/web\/wp-json\/wp\/v2\/users\/1"}],"replies":[{"embeddable":true,"href":"https:\/\/temucotelevision.cl\/web\/wp-json\/wp\/v2\/comments?post=45889"}],"version-history":[{"count":2,"href":"https:\/\/temucotelevision.cl\/web\/wp-json\/wp\/v2\/posts\/45889\/revisions"}],"predecessor-version":[{"id":45895,"href":"https:\/\/temucotelevision.cl\/web\/wp-json\/wp\/v2\/posts\/45889\/revisions\/45895"}],"wp:featuredmedia":[{"embeddable":true,"href":"https:\/\/temucotelevision.cl\/web\/wp-json\/wp\/v2\/media\/45891"}],"wp:attachment":[{"href":"https:\/\/temucotelevision.cl\/web\/wp-json\/wp\/v2\/media?parent=45889"}],"wp:term":[{"taxonomy":"category","embeddable":true,"href":"https:\/\/temucotelevision.cl\/web\/wp-json\/wp\/v2\/categories?post=45889"},{"taxonomy":"post_tag","embeddable":true,"href":"https:\/\/temucotelevision.cl\/web\/wp-json\/wp\/v2\/tags?post=45889"}],"curies":[{"name":"wp","href":"https:\/\/api.w.org\/{rel}","templated":true}]}}