{"id":45880,"date":"2023-10-31T18:55:17","date_gmt":"2023-10-31T21:55:17","guid":{"rendered":"https:\/\/temucotelevision.cl\/web\/?p=45880"},"modified":"2023-10-31T18:55:19","modified_gmt":"2023-10-31T21:55:19","slug":"mas-de-500-corredores-participaron-del-frontera-trail-en-parque-cmpc-pumalal","status":"publish","type":"post","link":"https:\/\/temucotelevision.cl\/web\/2023\/10\/31\/mas-de-500-corredores-participaron-del-frontera-trail-en-parque-cmpc-pumalal\/","title":{"rendered":"M\u00e1s de 500 corredores participaron del Frontera Trail en Parque CMPC Pumalal"},"content":{"rendered":"<div class=\"pvc_clear\"><\/div><p id=\"pvc_stats_45880\" class=\"pvc_stats total_only  \" data-element-id=\"45880\" style=\"\"><i class=\"pvc-stats-icon large\" aria-hidden=\"true\"><svg aria-hidden=\"true\" focusable=\"false\" data-prefix=\"far\" data-icon=\"chart-bar\" role=\"img\" xmlns=\"http:\/\/www.w3.org\/2000\/svg\" viewBox=\"0 0 512 512\" class=\"svg-inline--fa fa-chart-bar fa-w-16 fa-2x\"><path fill=\"currentColor\" d=\"M396.8 352h22.4c6.4 0 12.8-6.4 12.8-12.8V108.8c0-6.4-6.4-12.8-12.8-12.8h-22.4c-6.4 0-12.8 6.4-12.8 12.8v230.4c0 6.4 6.4 12.8 12.8 12.8zm-192 0h22.4c6.4 0 12.8-6.4 12.8-12.8V140.8c0-6.4-6.4-12.8-12.8-12.8h-22.4c-6.4 0-12.8 6.4-12.8 12.8v198.4c0 6.4 6.4 12.8 12.8 12.8zm96 0h22.4c6.4 0 12.8-6.4 12.8-12.8V204.8c0-6.4-6.4-12.8-12.8-12.8h-22.4c-6.4 0-12.8 6.4-12.8 12.8v134.4c0 6.4 6.4 12.8 12.8 12.8zM496 400H48V80c0-8.84-7.16-16-16-16H16C7.16 64 0 71.16 0 80v336c0 17.67 14.33 32 32 32h464c8.84 0 16-7.16 16-16v-16c0-8.84-7.16-16-16-16zm-387.2-48h22.4c6.4 0 12.8-6.4 12.8-12.8v-70.4c0-6.4-6.4-12.8-12.8-12.8h-22.4c-6.4 0-12.8 6.4-12.8 12.8v70.4c0 6.4 6.4 12.8 12.8 12.8z\" class=\"\"><\/path><\/svg><\/i> <img loading=\"lazy\" decoding=\"async\" width=\"16\" height=\"16\" alt=\"Loading\" src=\"https:\/\/temucotelevision.cl\/web\/wp-content\/plugins\/page-views-count\/ajax-loader-2x.gif\" border=0 \/><\/p><div class=\"pvc_clear\"><\/div>\n<ul class=\"wp-block-list\">\n<li><em>El evento, que se realiz\u00f3 el pasado s\u00e1bado, reuni\u00f3 a grandes y tambi\u00e9n a peque\u00f1os deportistas, quienes corrieron dos distancias por primera vez en el Frontera Kids.<\/em><\/li>\n<\/ul>\n\n\n\n<p>M\u00e1s de quinientos corredores dijeron presente el s\u00e1bado pasado en el Parque CMPC Pumalal de Temuco, en la versi\u00f3n 2023 del Frontera Trail. Los \u2018traileros\u2019, pese a las fuertes lluvias y condiciones clim\u00e1ticas, transitaron entusiastas por parte del primer parque de la Red Bosque Vivo de CMPC.<\/p>\n\n\n\n<p>Durante la jornada, que comenz\u00f3 a las 09:00 y finaliz\u00f3 a las 17:00 horas, los deportistas recorrieron distancias entre los 30 y los 1.5 kil\u00f3metros, est\u00e1 \u00faltima enfocada en los m\u00e1s peque\u00f1os. Precisamente, en ese marco se realiz\u00f3 por primera vez Frontera Kids, el primer trail escolar enfocado en las ni\u00f1as y ni\u00f1os de los establecimientos educacionales de Temuco y La Araucan\u00eda.<\/p>\n\n\n\n<p>En esta versi\u00f3n participaron la Escuela Llaima, el Colegio Bautista, la Escuela Bajo Pocoy\u00e1n de Tolt\u00e9n y el Liceo Agr\u00edcola Puquereo de Freire, quienes vivieron una nueva experiencia y disfrutaron del evento deportivo. Al respecto, Ignacio Lira, gerente de Asuntos Corporativos de CMPC, precis\u00f3 que \u201clos corredores pudieron disfrutar las distintas pistas para correr alrededor del parque. De verdad que ha sido una fiesta que invita a vivir lo natural, encontrarse con la naturaleza, con el deporte, con la vida sana, a trav\u00e9s de este parque. Este a\u00f1o tambi\u00e9n tuvimos las carreras Frontera Kids con dos distancias para ni\u00f1os de distintas edades, cosa que tambi\u00e9n desde chicos empiezan a entrar en este mundo del deporte, que tiene contacto con la naturaleza y con la vida sana. Y esperamos seguir potenci\u00e1ndolo en este Parque CMPC Pumalal\u201d.<\/p>\n\n\n\n<p>Jonathan Jim\u00e9nez, de la comuna de Tolt\u00e9n y profesor representante del Colegio Bajo Pocoy\u00e1n, valor\u00f3 la instancia como enriquecedora y una oportunidad para que los peque\u00f1os de La Araucan\u00eda puedan conocer nuevos lugares e interiorizarse m\u00e1s a fondo el deporte. \u201cLos ni\u00f1os la disfrutaron a concho, llegaron felices con sus caras llenas de risa y eso es lo que m\u00e1s me gust\u00f3. Los chicos entrenaron duro para este momento y hoy d\u00eda en su cara ve\u00eda reflejado el \u00e9xito. Como colegio trajimos un grupo de 17 alumnos y que lo hayan pasado bien y que sean felices, es lo principal. Vamos a seguir prepar\u00e1ndonos, vienen m\u00e1s competencias, vienen m\u00e1s trails y esperamos el otro a\u00f1o estar ac\u00e1. Los ni\u00f1os hoy en d\u00eda necesitan liberar el estr\u00e9s y necesitan esto con la conexi\u00f3n con la naturaleza que es tan importante y no estar dentro de la casa todo el rato\u201d, explic\u00f3.<\/p>\n\n\n\n<p>Por su parte, C\u00e9sar Montoya, uno de los cofundadores de Puelche Producciones, sostuvo que \u201ctuvimos condiciones clim\u00e1ticas que no las ten\u00edamos desde muchos a\u00f1os, pero cont\u00e1bamos con instalaciones para poder recibir a la gente, con una carpa de m\u00e1s de 500 metros cuadrados y en general, muy buenas condiciones en cuanto a staff, salud, a equipo de rescate. Vivimos, adem\u00e1s, una gran experiencia en nuestro primer Frontera Kids, ojal\u00e1 en el 2024 podamos tener a m\u00e1s ni\u00f1os &nbsp;corriendo. Agradecemos a CMPC, porque gracias a ellos podemos tener todo esto, le podemos brindar &nbsp;a los corredores y tambi\u00e9n muy agradecido de la Municipalidad de Temuco y de todos nuestros auspiciadores y colaboradores. Estamos muy agradecidos, as\u00ed que vamos por Frontera 2024\u201d, finaliz\u00f3.<\/p>\n\n\n\n<p><strong>A todo terreno<\/strong><\/p>\n\n\n\n<p>Las distancias este a\u00f1o para Frontera Trail CMPC fueron de 30, 14.5 y 7.5 kil\u00f3metros, mientras que para Frontera Kids las distancias fueron de 3.5 y 1.5 kil\u00f3metros.<\/p>\n\n\n\n<p>Omar Soto y Camila Gonz\u00e1lez fueron los ganadores generales de la distancia 14.5 kil\u00f3metros con un tiempo de 01:17:52 y 01:42:28 respectivamente, mientras que Diego Torres y Daniela Reyes resultaron ganadores generales de la distancia 7.5 con tiempos respectivos de 00:53:17 y 01:00:38.<\/p>\n\n\n\n<p>Una de las distancias m\u00e1s extensas del evento fue de 30 kil\u00f3metros, la cual tuvo 1.350 metros de altimetr\u00eda, donde m\u00e1s de 50 corredores se dieron batalla para recorrer las grandes subidas y t\u00e9cnicas bajadas del circuito que fue preparado por la organizaci\u00f3n.<\/p>\n\n\n\n<p>Francisco M\u00e9ndez, de la comuna de Los \u00c1ngeles, fue el ganador de los 30 kil\u00f3metros en categor\u00eda general hombres con un tiempo de 02:44:35. Francisco remarc\u00f3 que la carrera fue \u201cbastante t\u00e9cnica y subidas con mucha greda, as\u00ed que la hacen muy resbalosa. Lo mismo en las bajadas, por lo que hab\u00eda que utilizar bastones. Es un circuito muy divertido con toques de adrenalina. Soy corredor de calle, maratonista, dej\u00e9 el trail hace dos a\u00f1os, y retornar de esta manera es lindo, volver a la carrera que inici\u00f3 todo y volver a ser un ganador\u201d.<\/p>\n\n\n\n<p>Por su parte, Clara Vilchez, de la comuna de Melipilla, se coron\u00f3 como la ganadora de los 30 kil\u00f3metros categor\u00eda general mujeres, con un tiempo de 03:44:23. \u201cSal\u00ed completamente de mi zona de confort porque no estoy acostumbrada a todo el terreno. La carrera fue muy dura, hab\u00eda mucho barro, pozas de agua, estuvo rud\u00edsima, pero estoy muy feliz. Esta es mi primera vez de Frontera, no la conoc\u00eda y no pens\u00e9 que fuera a ser tan heavy, con tanto barro, con tanta agua, as\u00ed que s\u00ed, volver\u00eda nuevamente\u201d, apunt\u00f3 Clara. Para conocer todos los resultados de la competencia en sus distintas categor\u00edas se puede visitar la p\u00e1gina web <a href=\"http:\/\/www.puelcheproducciones.com\">www.puelcheproducciones.com<\/a>.<\/p>\n\n\n\n<p><\/p>\n\n\n\n<figure class=\"wp-block-image size-large\"><img loading=\"lazy\" decoding=\"async\" width=\"1024\" height=\"768\" src=\"https:\/\/temucotelevision.cl\/web\/wp-content\/uploads\/2023\/10\/MRB_EK_SL_0670-1024x768.jpg\" alt=\"\" class=\"wp-image-45882\" srcset=\"https:\/\/temucotelevision.cl\/web\/wp-content\/uploads\/2023\/10\/MRB_EK_SL_0670-1024x768.jpg 1024w, https:\/\/temucotelevision.cl\/web\/wp-content\/uploads\/2023\/10\/MRB_EK_SL_0670-768x576.jpg 768w, https:\/\/temucotelevision.cl\/web\/wp-content\/uploads\/2023\/10\/MRB_EK_SL_0670-1536x1152.jpg 1536w, https:\/\/temucotelevision.cl\/web\/wp-content\/uploads\/2023\/10\/MRB_EK_SL_0670.jpg 2000w\" sizes=\"auto, (max-width: 1024px) 100vw, 1024px\" \/><\/figure>\n","protected":false},"excerpt":{"rendered":"<div class=\"pvc_clear\"><\/div>\n<p id=\"pvc_stats_45880\" class=\"pvc_stats total_only  \" data-element-id=\"45880\" style=\"\"><i class=\"pvc-stats-icon large\" aria-hidden=\"true\"><svg aria-hidden=\"true\" focusable=\"false\" data-prefix=\"far\" data-icon=\"chart-bar\" role=\"img\" xmlns=\"http:\/\/www.w3.org\/2000\/svg\" viewBox=\"0 0 512 512\" class=\"svg-inline--fa fa-chart-bar fa-w-16 fa-2x\"><path fill=\"currentColor\" d=\"M396.8 352h22.4c6.4 0 12.8-6.4 12.8-12.8V108.8c0-6.4-6.4-12.8-12.8-12.8h-22.4c-6.4 0-12.8 6.4-12.8 12.8v230.4c0 6.4 6.4 12.8 12.8 12.8zm-192 0h22.4c6.4 0 12.8-6.4 12.8-12.8V140.8c0-6.4-6.4-12.8-12.8-12.8h-22.4c-6.4 0-12.8 6.4-12.8 12.8v198.4c0 6.4 6.4 12.8 12.8 12.8zm96 0h22.4c6.4 0 12.8-6.4 12.8-12.8V204.8c0-6.4-6.4-12.8-12.8-12.8h-22.4c-6.4 0-12.8 6.4-12.8 12.8v134.4c0 6.4 6.4 12.8 12.8 12.8zM496 400H48V80c0-8.84-7.16-16-16-16H16C7.16 64 0 71.16 0 80v336c0 17.67 14.33 32 32 32h464c8.84 0 16-7.16 16-16v-16c0-8.84-7.16-16-16-16zm-387.2-48h22.4c6.4 0 12.8-6.4 12.8-12.8v-70.4c0-6.4-6.4-12.8-12.8-12.8h-22.4c-6.4 0-12.8 6.4-12.8 12.8v70.4c0 6.4 6.4 12.8 12.8 12.8z\" class=\"\"><\/path><\/svg><\/i> <img loading=\"lazy\" decoding=\"async\" width=\"16\" height=\"16\" alt=\"Loading\" src=\"https:\/\/temucotelevision.cl\/web\/wp-content\/plugins\/page-views-count\/ajax-loader-2x.gif\" border=0 \/><\/p>\n<div class=\"pvc_clear\"><\/div>\n<p>M\u00e1s de quinientos corredores dijeron presente el s\u00e1bado pasado en el Parque CMPC Pumalal de Temuco, en la versi\u00f3n 2023<\/p>\n","protected":false},"author":1,"featured_media":45881,"comment_status":"open","ping_status":"open","sticky":false,"template":"","format":"standard","meta":{"colormag_page_container_layout":"default_layout","colormag_page_sidebar_layout":"default_layout","footnotes":""},"categories":[86],"tags":[2365,5669,3699,247],"class_list":["post-45880","post","type-post","status-publish","format-standard","has-post-thumbnail","hentry","category-panoramas","tag-cmpc","tag-competidores","tag-pumalal","tag-trail"],"a3_pvc":{"activated":true,"total_views":1572,"today_views":0},"_links":{"self":[{"href":"https:\/\/temucotelevision.cl\/web\/wp-json\/wp\/v2\/posts\/45880","targetHints":{"allow":["GET"]}}],"collection":[{"href":"https:\/\/temucotelevision.cl\/web\/wp-json\/wp\/v2\/posts"}],"about":[{"href":"https:\/\/temucotelevision.cl\/web\/wp-json\/wp\/v2\/types\/post"}],"author":[{"embeddable":true,"href":"https:\/\/temucotelevision.cl\/web\/wp-json\/wp\/v2\/users\/1"}],"replies":[{"embeddable":true,"href":"https:\/\/temucotelevision.cl\/web\/wp-json\/wp\/v2\/comments?post=45880"}],"version-history":[{"count":1,"href":"https:\/\/temucotelevision.cl\/web\/wp-json\/wp\/v2\/posts\/45880\/revisions"}],"predecessor-version":[{"id":45883,"href":"https:\/\/temucotelevision.cl\/web\/wp-json\/wp\/v2\/posts\/45880\/revisions\/45883"}],"wp:featuredmedia":[{"embeddable":true,"href":"https:\/\/temucotelevision.cl\/web\/wp-json\/wp\/v2\/media\/45881"}],"wp:attachment":[{"href":"https:\/\/temucotelevision.cl\/web\/wp-json\/wp\/v2\/media?parent=45880"}],"wp:term":[{"taxonomy":"category","embeddable":true,"href":"https:\/\/temucotelevision.cl\/web\/wp-json\/wp\/v2\/categories?post=45880"},{"taxonomy":"post_tag","embeddable":true,"href":"https:\/\/temucotelevision.cl\/web\/wp-json\/wp\/v2\/tags?post=45880"}],"curies":[{"name":"wp","href":"https:\/\/api.w.org\/{rel}","templated":true}]}}