{"id":45873,"date":"2023-10-31T18:37:34","date_gmt":"2023-10-31T21:37:34","guid":{"rendered":"https:\/\/temucotelevision.cl\/web\/?p=45873"},"modified":"2023-10-31T18:37:35","modified_gmt":"2023-10-31T21:37:35","slug":"a-46-dias-del-plebiscito-un-53-se-inclina-por-votar-en-contra-y-un-31-a-favor","status":"publish","type":"post","link":"https:\/\/temucotelevision.cl\/web\/2023\/10\/31\/a-46-dias-del-plebiscito-un-53-se-inclina-por-votar-en-contra-y-un-31-a-favor\/","title":{"rendered":"A 46 d\u00edas del plebiscito: Un 53% se inclina por votar \u201cen contra\u201d y un 31% \u201ca favor\u201d\u00a0\u00a0"},"content":{"rendered":"<div class=\"pvc_clear\"><\/div><p id=\"pvc_stats_45873\" class=\"pvc_stats total_only  \" data-element-id=\"45873\" style=\"\"><i class=\"pvc-stats-icon large\" aria-hidden=\"true\"><svg aria-hidden=\"true\" focusable=\"false\" data-prefix=\"far\" data-icon=\"chart-bar\" role=\"img\" xmlns=\"http:\/\/www.w3.org\/2000\/svg\" viewBox=\"0 0 512 512\" class=\"svg-inline--fa fa-chart-bar fa-w-16 fa-2x\"><path fill=\"currentColor\" d=\"M396.8 352h22.4c6.4 0 12.8-6.4 12.8-12.8V108.8c0-6.4-6.4-12.8-12.8-12.8h-22.4c-6.4 0-12.8 6.4-12.8 12.8v230.4c0 6.4 6.4 12.8 12.8 12.8zm-192 0h22.4c6.4 0 12.8-6.4 12.8-12.8V140.8c0-6.4-6.4-12.8-12.8-12.8h-22.4c-6.4 0-12.8 6.4-12.8 12.8v198.4c0 6.4 6.4 12.8 12.8 12.8zm96 0h22.4c6.4 0 12.8-6.4 12.8-12.8V204.8c0-6.4-6.4-12.8-12.8-12.8h-22.4c-6.4 0-12.8 6.4-12.8 12.8v134.4c0 6.4 6.4 12.8 12.8 12.8zM496 400H48V80c0-8.84-7.16-16-16-16H16C7.16 64 0 71.16 0 80v336c0 17.67 14.33 32 32 32h464c8.84 0 16-7.16 16-16v-16c0-8.84-7.16-16-16-16zm-387.2-48h22.4c6.4 0 12.8-6.4 12.8-12.8v-70.4c0-6.4-6.4-12.8-12.8-12.8h-22.4c-6.4 0-12.8 6.4-12.8 12.8v70.4c0 6.4 6.4 12.8 12.8 12.8z\" class=\"\"><\/path><\/svg><\/i> <img loading=\"lazy\" decoding=\"async\" width=\"16\" height=\"16\" alt=\"Loading\" src=\"https:\/\/temucotelevision.cl\/web\/wp-content\/plugins\/page-views-count\/ajax-loader-2x.gif\" border=0 \/><\/p><div class=\"pvc_clear\"><\/div>\n<p><strong>Un 54% estima que el pa\u00eds no ser\u00e1 \u201cm\u00e1s inestable de lo que es en la actualidad\u201d si se impone la opci\u00f3n \u201cen contra\u201d, en tanto, un 28%<\/strong>&nbsp;<strong>considera que este resultado \u201cinfluir\u00e1 en la estabilidad del pa\u00eds\u201d. El 50% se\u00f1ala que la gente tomar\u00e1 en cuenta las \u201cideas contenidas en el texto\u201d para decidir el voto, mientras el 12% piensa que lo har\u00e1 en virtud de \u201cla situaci\u00f3n de seguridad del pa\u00eds\u201d y un 9,2%<\/strong>&nbsp;<strong>por la \u201cevaluaci\u00f3n del gobierno\u201d.<\/strong>&nbsp;<strong>S\u00f3lo un 28% de las mujeres encuestadas dice que votar\u00e1 \u201ca favor\u201d de la actual propuesta constitucional. En tanto, un 51% se manifiesta por la opci\u00f3n \u201cen contra\u201d.<\/strong>&nbsp;<\/p>\n\n\n\n<p>A 46 d\u00edas del plebiscito de salida del pr\u00f3ximo 17 de diciembre, un 67% de las personas encuestadas muestra su preferencia porque \u201ccambie la Constituci\u00f3n vigente\u201d y un 69% expresa su acuerdo con que se elabore un nuevo texto constitucional para Chile. &nbsp;<\/p>\n\n\n\n<p>Sin embargo, un 53% manifiesta su intenci\u00f3n de votar \u201cen contra\u201d de la propuesta aprobada en el Consejo Constitucional, mientras que un 31% expresa su intenci\u00f3n de apoyar la opci\u00f3n \u201ca favor\u201d en el plebiscito. Respecto de la encuesta UDP&amp;FEEDBACK, de septiembre, la alternativa \u201cen contra\u201d (63%) tuvo una ca\u00edda de 10 puntos, en tanto, el voto \u201ca favor\u201d (25%) evidenci\u00f3 un aumento de 6 puntos. &nbsp;<\/p>\n\n\n\n<p>En relaci\u00f3n con el nivel de conocimiento del texto aprobado, un 61% de los consultados afirma que tiene \u201csuficiente o mucha informaci\u00f3n\u201d, mientras que un 39% dice que \u201cno tiene nada de informaci\u00f3n\u201d o \u201ctiene poca informaci\u00f3n\u201d al respecto.&nbsp;&nbsp; &nbsp;<\/p>\n\n\n\n<p><strong>Las razones del voto del 17D&nbsp;<\/strong><\/p>\n\n\n\n<p>Entre las personas que expresan su decisi\u00f3n de rechazar el actual proyecto, un 35% se\u00f1ala como principal causa que \u201cno le gusta como est\u00e1 quedando el texto, seguido de un 21% de menciones que apuntan a que \u201cno resuelve los problemas del pa\u00eds\u201d. En tanto, un 20% lo atribuye a que no se siente representado \u201cpor los pactos pol\u00edticos presentes en el proceso\u201d y un 17% considera que \u201cel proceso actual no es leg\u00edtimo\u201d. &nbsp;<\/p>\n\n\n\n<p>Por otra parte, entre las personas que expresan su intenci\u00f3n de aprobar la propuesta del Consejo Constitucional, un 35% dice que lo har\u00e1, debido a su acuerdo con la forma en que \u201cest\u00e1 quedando el texto\u201d, mientras un 24% votar\u00e1 \u201ca favor\u201d, porque considera necesario cambiar la Constituci\u00f3n vigente.&nbsp; Lo siguen un 16% de menciones que apoyan \u201cla legitimidad del proceso\u201d y un 11% que considera que \u201cresuelve los problemas del pa\u00eds\u201d.&nbsp;<\/p>\n\n\n\n<p>Ante la pregunta sobre los factores m\u00e1s relevantes que incidir\u00e1n en el voto de diciembre, un 50% de los consultados se\u00f1ala que el factor m\u00e1s importante \u201cson las ideas contenidas\u201d en el texto, mientras el 12% lo har\u00e1 en virtud de \u201cla situaci\u00f3n de seguridad del pa\u00eds\u201d y un 9,2% \u201cpor la evaluaci\u00f3n hacia el gobierno\u201d.&nbsp;<\/p>\n\n\n\n<p><strong>Preferencias definidas&nbsp;<\/strong><\/p>\n\n\n\n<p>S\u00f3lo un 28% de las mujeres encuestadas dice que votar\u00e1 \u201ca favor\u201d del proyecto elaborado en el actual proceso constituyente, mientras que un 51% expresa su decisi\u00f3n de hacerlo por la opci\u00f3n \u201cen contra\u201d. En tanto, un 34% de los hombres se inclina por aprobar el texto y un 54% por rechazar el proyecto<strong>.&nbsp;<\/strong><\/p>\n\n\n\n<p>Un 92% de quienes se definen de izquierda se pronuncia por votar \u201cen contra\u201d del texto, en tanto, un 73% de quienes se identifican de centro-izquierda y un 43% de centro manifiestan su voluntad de marcar esta alternativa en la papeleta de diciembre.&nbsp;<\/p>\n\n\n\n<p>Por otra parte, un 65% de quienes se definen de derecha y un 43% de centroderecha se\u00f1alan como su preferencia la opci\u00f3n \u201ca favor\u201d en el plebiscito del 17D. &nbsp;<\/p>\n\n\n\n<p>Entre quienes votan \u201ca favor\u201d, un 39% pertenece al estrato socioecon\u00f3mico alto y un 37% son mayores de 60 a\u00f1os. Respecto del voto \u201cen contra\u201d, un 39% se ubica entre los 18 y 39 a\u00f1os y es transversal su adhesi\u00f3n en los estratos socioecon\u00f3micos alto (52%) medio (55%) y bajo (51%).<\/p>\n\n\n\n<p><strong>Metodolog\u00eda:&nbsp;<\/strong>El estudio de campo fue realizado por Feedback Research, entre&nbsp;los d\u00edas 24 y 26 de octubre&nbsp;de 2023, mediante encuestas online en una plataforma digital propia, a trav\u00e9s de la cual se consult\u00f3 a 5086&nbsp;personas. La muestra es de car\u00e1cter no probabil\u00edstica, seg\u00fan cuotas por macrozonas (que abarc\u00f3 un total de 16 regiones del pa\u00eds), g\u00e9nero y grupos de edad. Incluy\u00f3 a hombres y mujeres mayores de 18 a\u00f1os, pertenecientes a niveles socioecon\u00f3micos medio-alto, medio y medio-bajo.<\/p>\n\n\n\n<div data-wp-interactive=\"core\/file\" class=\"wp-block-file\"><object data-wp-bind--hidden=\"!state.hasPdfPreview\" hidden class=\"wp-block-file__embed\" data=\"https:\/\/temucotelevision.cl\/web\/wp-content\/uploads\/2023\/10\/Informe-Encuesta-LabCon-UDP-Feedback-31-de-octubre-2023.pdf\" type=\"application\/pdf\" style=\"width:100%;height:600px\" aria-label=\"Incrustado de Informe-Encuesta-LabCon-UDP-Feedback-31-de-octubre-2023.\"><\/object><a id=\"wp-block-file--media-022a0b72-59a5-4f92-b3b0-052161c133b3\" href=\"https:\/\/temucotelevision.cl\/web\/wp-content\/uploads\/2023\/10\/Informe-Encuesta-LabCon-UDP-Feedback-31-de-octubre-2023.pdf\">Informe-Encuesta-LabCon-UDP-Feedback-31-de-octubre-2023<\/a><a href=\"https:\/\/temucotelevision.cl\/web\/wp-content\/uploads\/2023\/10\/Informe-Encuesta-LabCon-UDP-Feedback-31-de-octubre-2023.pdf\" class=\"wp-block-file__button wp-element-button\" download aria-describedby=\"wp-block-file--media-022a0b72-59a5-4f92-b3b0-052161c133b3\">Descargar<\/a><\/div>\n","protected":false},"excerpt":{"rendered":"<div class=\"pvc_clear\"><\/div>\n<p id=\"pvc_stats_45873\" class=\"pvc_stats total_only  \" data-element-id=\"45873\" style=\"\"><i class=\"pvc-stats-icon large\" aria-hidden=\"true\"><svg aria-hidden=\"true\" focusable=\"false\" data-prefix=\"far\" data-icon=\"chart-bar\" role=\"img\" xmlns=\"http:\/\/www.w3.org\/2000\/svg\" viewBox=\"0 0 512 512\" class=\"svg-inline--fa fa-chart-bar fa-w-16 fa-2x\"><path fill=\"currentColor\" d=\"M396.8 352h22.4c6.4 0 12.8-6.4 12.8-12.8V108.8c0-6.4-6.4-12.8-12.8-12.8h-22.4c-6.4 0-12.8 6.4-12.8 12.8v230.4c0 6.4 6.4 12.8 12.8 12.8zm-192 0h22.4c6.4 0 12.8-6.4 12.8-12.8V140.8c0-6.4-6.4-12.8-12.8-12.8h-22.4c-6.4 0-12.8 6.4-12.8 12.8v198.4c0 6.4 6.4 12.8 12.8 12.8zm96 0h22.4c6.4 0 12.8-6.4 12.8-12.8V204.8c0-6.4-6.4-12.8-12.8-12.8h-22.4c-6.4 0-12.8 6.4-12.8 12.8v134.4c0 6.4 6.4 12.8 12.8 12.8zM496 400H48V80c0-8.84-7.16-16-16-16H16C7.16 64 0 71.16 0 80v336c0 17.67 14.33 32 32 32h464c8.84 0 16-7.16 16-16v-16c0-8.84-7.16-16-16-16zm-387.2-48h22.4c6.4 0 12.8-6.4 12.8-12.8v-70.4c0-6.4-6.4-12.8-12.8-12.8h-22.4c-6.4 0-12.8 6.4-12.8 12.8v70.4c0 6.4 6.4 12.8 12.8 12.8z\" class=\"\"><\/path><\/svg><\/i> <img loading=\"lazy\" decoding=\"async\" width=\"16\" height=\"16\" alt=\"Loading\" src=\"https:\/\/temucotelevision.cl\/web\/wp-content\/plugins\/page-views-count\/ajax-loader-2x.gif\" border=0 \/><\/p>\n<div class=\"pvc_clear\"><\/div>\n<p>Un 54% estima que el pa\u00eds no ser\u00e1 \u201cm\u00e1s inestable de lo que es en la actualidad\u201d si se impone<\/p>\n","protected":false},"author":1,"featured_media":45874,"comment_status":"open","ping_status":"open","sticky":false,"template":"","format":"standard","meta":{"colormag_page_container_layout":"default_layout","colormag_page_sidebar_layout":"default_layout","footnotes":""},"categories":[84],"tags":[206,2117,156],"class_list":["post-45873","post","type-post","status-publish","format-standard","has-post-thumbnail","hentry","category-politica","tag-gobierno","tag-plebiscito","tag-votos"],"a3_pvc":{"activated":true,"total_views":3527,"today_views":0},"_links":{"self":[{"href":"https:\/\/temucotelevision.cl\/web\/wp-json\/wp\/v2\/posts\/45873","targetHints":{"allow":["GET"]}}],"collection":[{"href":"https:\/\/temucotelevision.cl\/web\/wp-json\/wp\/v2\/posts"}],"about":[{"href":"https:\/\/temucotelevision.cl\/web\/wp-json\/wp\/v2\/types\/post"}],"author":[{"embeddable":true,"href":"https:\/\/temucotelevision.cl\/web\/wp-json\/wp\/v2\/users\/1"}],"replies":[{"embeddable":true,"href":"https:\/\/temucotelevision.cl\/web\/wp-json\/wp\/v2\/comments?post=45873"}],"version-history":[{"count":1,"href":"https:\/\/temucotelevision.cl\/web\/wp-json\/wp\/v2\/posts\/45873\/revisions"}],"predecessor-version":[{"id":45876,"href":"https:\/\/temucotelevision.cl\/web\/wp-json\/wp\/v2\/posts\/45873\/revisions\/45876"}],"wp:featuredmedia":[{"embeddable":true,"href":"https:\/\/temucotelevision.cl\/web\/wp-json\/wp\/v2\/media\/45874"}],"wp:attachment":[{"href":"https:\/\/temucotelevision.cl\/web\/wp-json\/wp\/v2\/media?parent=45873"}],"wp:term":[{"taxonomy":"category","embeddable":true,"href":"https:\/\/temucotelevision.cl\/web\/wp-json\/wp\/v2\/categories?post=45873"},{"taxonomy":"post_tag","embeddable":true,"href":"https:\/\/temucotelevision.cl\/web\/wp-json\/wp\/v2\/tags?post=45873"}],"curies":[{"name":"wp","href":"https:\/\/api.w.org\/{rel}","templated":true}]}}