{"id":4587,"date":"2019-07-02T17:32:58","date_gmt":"2019-07-02T20:32:58","guid":{"rendered":"https:\/\/temucotelevision.cl\/web\/?p=4587"},"modified":"2019-07-03T09:34:38","modified_gmt":"2019-07-03T12:34:38","slug":"diputado-saffirio-da-a-conocer-demoledor-informe-de-la-pdi-y-caso-sename-ministro-de-justicia-y-fiscal-jorge-abbot-habrian-ocultado-esa-documento","status":"publish","type":"post","link":"https:\/\/temucotelevision.cl\/web\/2019\/07\/02\/diputado-saffirio-da-a-conocer-demoledor-informe-de-la-pdi-y-caso-sename-ministro-de-justicia-y-fiscal-jorge-abbot-habrian-ocultado-esa-documento\/","title":{"rendered":"Diputado Saffirio da a conocer demoledor informe de la PDI y caso Sename, Ministro de Justicia y Fiscal Jorge Abbot habr\u00edan ocultado ese documento"},"content":{"rendered":"<div class=\"pvc_clear\"><\/div>\n<p id=\"pvc_stats_4587\" class=\"pvc_stats total_only  \" data-element-id=\"4587\" style=\"\"><i class=\"pvc-stats-icon large\" aria-hidden=\"true\"><svg aria-hidden=\"true\" focusable=\"false\" data-prefix=\"far\" data-icon=\"chart-bar\" role=\"img\" xmlns=\"http:\/\/www.w3.org\/2000\/svg\" viewBox=\"0 0 512 512\" class=\"svg-inline--fa fa-chart-bar fa-w-16 fa-2x\"><path fill=\"currentColor\" d=\"M396.8 352h22.4c6.4 0 12.8-6.4 12.8-12.8V108.8c0-6.4-6.4-12.8-12.8-12.8h-22.4c-6.4 0-12.8 6.4-12.8 12.8v230.4c0 6.4 6.4 12.8 12.8 12.8zm-192 0h22.4c6.4 0 12.8-6.4 12.8-12.8V140.8c0-6.4-6.4-12.8-12.8-12.8h-22.4c-6.4 0-12.8 6.4-12.8 12.8v198.4c0 6.4 6.4 12.8 12.8 12.8zm96 0h22.4c6.4 0 12.8-6.4 12.8-12.8V204.8c0-6.4-6.4-12.8-12.8-12.8h-22.4c-6.4 0-12.8 6.4-12.8 12.8v134.4c0 6.4 6.4 12.8 12.8 12.8zM496 400H48V80c0-8.84-7.16-16-16-16H16C7.16 64 0 71.16 0 80v336c0 17.67 14.33 32 32 32h464c8.84 0 16-7.16 16-16v-16c0-8.84-7.16-16-16-16zm-387.2-48h22.4c6.4 0 12.8-6.4 12.8-12.8v-70.4c0-6.4-6.4-12.8-12.8-12.8h-22.4c-6.4 0-12.8 6.4-12.8 12.8v70.4c0 6.4 6.4 12.8 12.8 12.8z\" class=\"\"><\/path><\/svg><\/i> <img loading=\"lazy\" decoding=\"async\" width=\"16\" height=\"16\" alt=\"Loading\" src=\"https:\/\/temucotelevision.cl\/web\/wp-content\/plugins\/page-views-count\/ajax-loader-2x.gif\" border=0 \/><\/p>\n<div class=\"pvc_clear\"><\/div>\n<p style=\"text-align: justify;\">El diputado independiente Ren\u00e9 Saffirio, dio a conocer hoy un demoledor informe\u00a0elaborado por la PDI, sobre la situaci\u00f3n del SENAME, con\u00a0impactantes detalles respecto al funcionamiento de los centros\u00a0financiados con aportes estatales y muertes de ni\u00f1os, ni\u00f1as y\u00a0adolescentes, el cual fue entregado en junio de 2018 a las autoridades\u00a0competentes y que hasta ahora se desconoc\u00eda.<\/p>\n<p style=\"text-align: justify;\">Por esto, el legislador de La Araucan\u00eda pidi\u00f3 la renuncia del Fiscal\u00a0Nacional y del Ministro de Justicia, Hern\u00e1n Larra\u00edn.<\/p>\n<p style=\"text-align: justify;\">El informe corresponde al a\u00f1o 2017 y al primer trimestre de 2018, en\u00a0donde se incluyen 32 fallecimientos de ni\u00f1os y adultos.<\/p>\n<p style=\"text-align: justify;\">&#8220;Contiene faltas y delitos cometidos, en recintos p\u00fablicos y privados\u00a0del Servicio Nacional de Menores a lo largo del pa\u00eds; se investig\u00f3 240\u00a0de 241 centros, en uno de ellos, no se dej\u00f3 entrar a la polic\u00eda&#8221;,\u00a0explic\u00f3 Saffirio.<\/p>\n<p style=\"text-align: justify;\">El legislador se\u00f1al\u00f3 que el informe de 28 tomos y que &#8220;los hallazgos\u00a0de la Polic\u00eda de Investigaciones son de tal gravedad, que la PDI\u00a0resuelve entregar este informe al Fiscal Nacional y al Ministro de\u00a0Justicia, defini\u00e9ndolas como autoridades competentes, en junio de\u00a02018, hace exactamente 1 a\u00f1o atr\u00e1s. El Fiscal Nacional y el Ministro\u00a0de Justicia reciben este informe, lo guardan durante 1 a\u00f1o,\u00a0precisamente en el per\u00edodo en que el Congreso discute los recursos<br \/>\nadicionales de 10 mil millones de pesos para ser otorgados a las OCAS.<\/p>\n<p style=\"text-align: justify;\">Si este informe hubiese estado sobre la mesa de la comisi\u00f3n de\u00a0Constituci\u00f3n, Legislaci\u00f3n y Justicia de la C\u00e1mara y del Senado y en la\u00a0Sala en el debate, probablemente, ese proyecto no se habr\u00eda aprobado&#8221;.<\/p>\n<p style=\"text-align: justify;\">Entre los hallazgos m\u00e1s importantes dados a conocer por el informe, es\u00a0que el 88% de los centros son privados; el 45% de los centros no\u00a0cumple con los requisitos y est\u00e1ndares m\u00ednimos establecidos por el\u00a0SENAME para su funcionamiento; el 73% no tiene protocolos y prevenci\u00f3n\u00a0para enfrentar los intentos y los suicidios; el 77% no tiene protocolo\u00a0ante desajustes conductuales, que es este mecanismo de contenci\u00f3n que\u00a0es lo que en definitiva caus\u00f3 la muerte de Lissette Villa; el 72% de\u00a0los centros no tiene protocolo frente a la muerte de ni\u00f1os; el 88% de\u00a0los centros registra abuso f\u00edsico, maltrato y abuso sexual; el 83% del\u00a0personal que presta servicios en los centros no cumple con el perfil\u00a0necesario exigido por el SENAME; el 35% de los centros no tiene\u00a0educadores de trato directo en cantidades m\u00ednima fijada por el SENAME;\u00a0durante el d\u00eda, el 66% del personal que suministra medicamentos a los\u00a0ni\u00f1os, no tiene formaci\u00f3n necesaria para hacerlo y esto se agrava en\u00a0la jornada nocturna, a un 84%; del total de los maltratos denunciados,\u00a0sean f\u00edsicos, sicol\u00f3gicos o sexuales, el 59% fueron cometidos por los\u00a0mismos trabajadores que tienen bajo su cuidado a los ni\u00f1os.<\/p>\n<p><iframe loading=\"lazy\" style=\"border: none; overflow: hidden;\" src=\"https:\/\/www.facebook.com\/plugins\/video.php?href=https%3A%2F%2Fwww.facebook.com%2FTemucoTelevision%2Fvideos%2F338787853717718%2F&amp;show_text=0&amp;width=560\" width=\"560\" height=\"317\" frameborder=\"0\" scrolling=\"no\" allowfullscreen=\"allowfullscreen\"><\/iframe><\/p>\n","protected":false},"excerpt":{"rendered":"<div class=\"pvc_clear\"><\/div>\n<p id=\"pvc_stats_4587\" class=\"pvc_stats total_only  \" data-element-id=\"4587\" style=\"\"><i class=\"pvc-stats-icon large\" aria-hidden=\"true\"><svg aria-hidden=\"true\" focusable=\"false\" data-prefix=\"far\" data-icon=\"chart-bar\" role=\"img\" xmlns=\"http:\/\/www.w3.org\/2000\/svg\" viewBox=\"0 0 512 512\" class=\"svg-inline--fa fa-chart-bar fa-w-16 fa-2x\"><path fill=\"currentColor\" d=\"M396.8 352h22.4c6.4 0 12.8-6.4 12.8-12.8V108.8c0-6.4-6.4-12.8-12.8-12.8h-22.4c-6.4 0-12.8 6.4-12.8 12.8v230.4c0 6.4 6.4 12.8 12.8 12.8zm-192 0h22.4c6.4 0 12.8-6.4 12.8-12.8V140.8c0-6.4-6.4-12.8-12.8-12.8h-22.4c-6.4 0-12.8 6.4-12.8 12.8v198.4c0 6.4 6.4 12.8 12.8 12.8zm96 0h22.4c6.4 0 12.8-6.4 12.8-12.8V204.8c0-6.4-6.4-12.8-12.8-12.8h-22.4c-6.4 0-12.8 6.4-12.8 12.8v134.4c0 6.4 6.4 12.8 12.8 12.8zM496 400H48V80c0-8.84-7.16-16-16-16H16C7.16 64 0 71.16 0 80v336c0 17.67 14.33 32 32 32h464c8.84 0 16-7.16 16-16v-16c0-8.84-7.16-16-16-16zm-387.2-48h22.4c6.4 0 12.8-6.4 12.8-12.8v-70.4c0-6.4-6.4-12.8-12.8-12.8h-22.4c-6.4 0-12.8 6.4-12.8 12.8v70.4c0 6.4 6.4 12.8 12.8 12.8z\" class=\"\"><\/path><\/svg><\/i> <img loading=\"lazy\" decoding=\"async\" width=\"16\" height=\"16\" alt=\"Loading\" src=\"https:\/\/temucotelevision.cl\/web\/wp-content\/plugins\/page-views-count\/ajax-loader-2x.gif\" border=0 \/><\/p>\n<div class=\"pvc_clear\"><\/div>\n<p>El diputado independiente Ren\u00e9 Saffirio, dio a conocer hoy un demoledor informe\u00a0elaborado por la PDI, sobre la situaci\u00f3n del SENAME,<\/p>\n","protected":false},"author":1,"featured_media":4588,"comment_status":"open","ping_status":"open","sticky":false,"template":"","format":"standard","meta":{"colormag_page_container_layout":"default_layout","colormag_page_sidebar_layout":"default_layout","footnotes":""},"categories":[84],"tags":[154,386,1328,1389],"class_list":["post-4587","post","type-post","status-publish","format-standard","has-post-thumbnail","hentry","category-politica","tag-diputado","tag-ninos","tag-saffirio","tag-sename"],"a3_pvc":{"activated":true,"total_views":37,"today_views":0},"_links":{"self":[{"href":"https:\/\/temucotelevision.cl\/web\/wp-json\/wp\/v2\/posts\/4587","targetHints":{"allow":["GET"]}}],"collection":[{"href":"https:\/\/temucotelevision.cl\/web\/wp-json\/wp\/v2\/posts"}],"about":[{"href":"https:\/\/temucotelevision.cl\/web\/wp-json\/wp\/v2\/types\/post"}],"author":[{"embeddable":true,"href":"https:\/\/temucotelevision.cl\/web\/wp-json\/wp\/v2\/users\/1"}],"replies":[{"embeddable":true,"href":"https:\/\/temucotelevision.cl\/web\/wp-json\/wp\/v2\/comments?post=4587"}],"version-history":[{"count":7,"href":"https:\/\/temucotelevision.cl\/web\/wp-json\/wp\/v2\/posts\/4587\/revisions"}],"predecessor-version":[{"id":4599,"href":"https:\/\/temucotelevision.cl\/web\/wp-json\/wp\/v2\/posts\/4587\/revisions\/4599"}],"wp:featuredmedia":[{"embeddable":true,"href":"https:\/\/temucotelevision.cl\/web\/wp-json\/wp\/v2\/media\/4588"}],"wp:attachment":[{"href":"https:\/\/temucotelevision.cl\/web\/wp-json\/wp\/v2\/media?parent=4587"}],"wp:term":[{"taxonomy":"category","embeddable":true,"href":"https:\/\/temucotelevision.cl\/web\/wp-json\/wp\/v2\/categories?post=4587"},{"taxonomy":"post_tag","embeddable":true,"href":"https:\/\/temucotelevision.cl\/web\/wp-json\/wp\/v2\/tags?post=4587"}],"curies":[{"name":"wp","href":"https:\/\/api.w.org\/{rel}","templated":true}]}}