{"id":45867,"date":"2023-10-31T18:13:18","date_gmt":"2023-10-31T21:13:18","guid":{"rendered":"https:\/\/temucotelevision.cl\/web\/?p=45867"},"modified":"2023-10-31T19:56:44","modified_gmt":"2023-10-31T22:56:44","slug":"con-3-mil-botellas-recicladas-confeccionaron-dos-bancas-para-playa-grande-de-pucon","status":"publish","type":"post","link":"https:\/\/temucotelevision.cl\/web\/2023\/10\/31\/con-3-mil-botellas-recicladas-confeccionaron-dos-bancas-para-playa-grande-de-pucon\/","title":{"rendered":"Con 3 mil botellas recicladas confeccionaron dos bancas para Playa Grande de Puc\u00f3n"},"content":{"rendered":"<div class=\"pvc_clear\"><\/div><p id=\"pvc_stats_45867\" class=\"pvc_stats total_only  \" data-element-id=\"45867\" style=\"\"><i class=\"pvc-stats-icon large\" aria-hidden=\"true\"><svg aria-hidden=\"true\" focusable=\"false\" data-prefix=\"far\" data-icon=\"chart-bar\" role=\"img\" xmlns=\"http:\/\/www.w3.org\/2000\/svg\" viewBox=\"0 0 512 512\" class=\"svg-inline--fa fa-chart-bar fa-w-16 fa-2x\"><path fill=\"currentColor\" d=\"M396.8 352h22.4c6.4 0 12.8-6.4 12.8-12.8V108.8c0-6.4-6.4-12.8-12.8-12.8h-22.4c-6.4 0-12.8 6.4-12.8 12.8v230.4c0 6.4 6.4 12.8 12.8 12.8zm-192 0h22.4c6.4 0 12.8-6.4 12.8-12.8V140.8c0-6.4-6.4-12.8-12.8-12.8h-22.4c-6.4 0-12.8 6.4-12.8 12.8v198.4c0 6.4 6.4 12.8 12.8 12.8zm96 0h22.4c6.4 0 12.8-6.4 12.8-12.8V204.8c0-6.4-6.4-12.8-12.8-12.8h-22.4c-6.4 0-12.8 6.4-12.8 12.8v134.4c0 6.4 6.4 12.8 12.8 12.8zM496 400H48V80c0-8.84-7.16-16-16-16H16C7.16 64 0 71.16 0 80v336c0 17.67 14.33 32 32 32h464c8.84 0 16-7.16 16-16v-16c0-8.84-7.16-16-16-16zm-387.2-48h22.4c6.4 0 12.8-6.4 12.8-12.8v-70.4c0-6.4-6.4-12.8-12.8-12.8h-22.4c-6.4 0-12.8 6.4-12.8 12.8v70.4c0 6.4 6.4 12.8 12.8 12.8z\" class=\"\"><\/path><\/svg><\/i> <img loading=\"lazy\" decoding=\"async\" width=\"16\" height=\"16\" alt=\"Loading\" src=\"https:\/\/temucotelevision.cl\/web\/wp-content\/plugins\/page-views-count\/ajax-loader-2x.gif\" border=0 \/><\/p><div class=\"pvc_clear\"><\/div>\n<p>La Direcci\u00f3n de Aseo, Ornato y Medioambiente de la Municipalidad de Puc\u00f3n instal\u00f3 en la costanera de la Playa Grande dos \u00e1reas de descanso construidas con material reciclado. Se trata de dos bancas, de la empresa de reciclaje Pock, fabricadas con m\u00e1s de 1.500 botellas recicladas, 75 kilos de pl\u00e1stico por unidad; no descartando seguir implementando esta novedosa soluci\u00f3n que crea nuevo mobiliario para la comuna.<\/p>\n\n\n\n<p>En tanto, Diego Rebolledo, ingeniero civil de la Direcci\u00f3n de Aseo, Ornato y Medioambiente de la Municipalidad de Puc\u00f3n, dijo que esta iniciativa, \u201cha funcionado de forma excepcional, son bancas recicladas con material recolectado en el punto limpio Los Arrayanes, en este caso se proyectaron dos zonas de descanso y no se descarta instalar m\u00e1s de estas a futuro\u201d, finaliz\u00f3.<\/p>\n\n\n\n<p>Por su parte, Karen Araneda, vecina del sector, asegur\u00f3 que es positivo la materializaci\u00f3n de estas soluciones medioambientales. \u201cEncuentro fabuloso ya que pensaba que los puntos de reciclaje no funcionaban y esto me demuestra lo contrario, es positivo empezar a reciclar, son super c\u00f3modas estas bancas\u201d, dijo.<\/p>\n\n\n\n<p>Finalmente, desde la Municipalidad de Puc\u00f3n hacen la invitaci\u00f3n a vecinos a reciclar en el Punto Limpio Los Arrayanes, en el sector urbano de la comuna del lago y el volc\u00e1n.<\/p>\n\n\n\n<figure class=\"wp-block-image size-full\"><img loading=\"lazy\" decoding=\"async\" width=\"800\" height=\"455\" src=\"https:\/\/temucotelevision.cl\/web\/wp-content\/uploads\/2023\/10\/Bancas-Pucon2.jpg\" alt=\"\" class=\"wp-image-45869\" srcset=\"https:\/\/temucotelevision.cl\/web\/wp-content\/uploads\/2023\/10\/Bancas-Pucon2.jpg 800w, https:\/\/temucotelevision.cl\/web\/wp-content\/uploads\/2023\/10\/Bancas-Pucon2-768x437.jpg 768w\" sizes=\"auto, (max-width: 800px) 100vw, 800px\" \/><\/figure>\n","protected":false},"excerpt":{"rendered":"<div class=\"pvc_clear\"><\/div>\n<p id=\"pvc_stats_45867\" class=\"pvc_stats total_only  \" data-element-id=\"45867\" style=\"\"><i class=\"pvc-stats-icon large\" aria-hidden=\"true\"><svg aria-hidden=\"true\" focusable=\"false\" data-prefix=\"far\" data-icon=\"chart-bar\" role=\"img\" xmlns=\"http:\/\/www.w3.org\/2000\/svg\" viewBox=\"0 0 512 512\" class=\"svg-inline--fa fa-chart-bar fa-w-16 fa-2x\"><path fill=\"currentColor\" d=\"M396.8 352h22.4c6.4 0 12.8-6.4 12.8-12.8V108.8c0-6.4-6.4-12.8-12.8-12.8h-22.4c-6.4 0-12.8 6.4-12.8 12.8v230.4c0 6.4 6.4 12.8 12.8 12.8zm-192 0h22.4c6.4 0 12.8-6.4 12.8-12.8V140.8c0-6.4-6.4-12.8-12.8-12.8h-22.4c-6.4 0-12.8 6.4-12.8 12.8v198.4c0 6.4 6.4 12.8 12.8 12.8zm96 0h22.4c6.4 0 12.8-6.4 12.8-12.8V204.8c0-6.4-6.4-12.8-12.8-12.8h-22.4c-6.4 0-12.8 6.4-12.8 12.8v134.4c0 6.4 6.4 12.8 12.8 12.8zM496 400H48V80c0-8.84-7.16-16-16-16H16C7.16 64 0 71.16 0 80v336c0 17.67 14.33 32 32 32h464c8.84 0 16-7.16 16-16v-16c0-8.84-7.16-16-16-16zm-387.2-48h22.4c6.4 0 12.8-6.4 12.8-12.8v-70.4c0-6.4-6.4-12.8-12.8-12.8h-22.4c-6.4 0-12.8 6.4-12.8 12.8v70.4c0 6.4 6.4 12.8 12.8 12.8z\" class=\"\"><\/path><\/svg><\/i> <img loading=\"lazy\" decoding=\"async\" width=\"16\" height=\"16\" alt=\"Loading\" src=\"https:\/\/temucotelevision.cl\/web\/wp-content\/plugins\/page-views-count\/ajax-loader-2x.gif\" border=0 \/><\/p>\n<div class=\"pvc_clear\"><\/div>\n<p>La Direcci\u00f3n de Aseo, Ornato y Medioambiente de la Municipalidad de Puc\u00f3n instal\u00f3 en la costanera de la Playa Grande<\/p>\n","protected":false},"author":1,"featured_media":45868,"comment_status":"open","ping_status":"open","sticky":false,"template":"","format":"standard","meta":{"colormag_page_container_layout":"default_layout","colormag_page_sidebar_layout":"default_layout","footnotes":""},"categories":[14],"tags":[6790,3627,161,1417],"class_list":["post-45867","post","type-post","status-publish","format-standard","has-post-thumbnail","hentry","category-temuco","tag-bancas","tag-botellas","tag-pucon","tag-reciclaje"],"a3_pvc":{"activated":true,"total_views":1479,"today_views":0},"_links":{"self":[{"href":"https:\/\/temucotelevision.cl\/web\/wp-json\/wp\/v2\/posts\/45867","targetHints":{"allow":["GET"]}}],"collection":[{"href":"https:\/\/temucotelevision.cl\/web\/wp-json\/wp\/v2\/posts"}],"about":[{"href":"https:\/\/temucotelevision.cl\/web\/wp-json\/wp\/v2\/types\/post"}],"author":[{"embeddable":true,"href":"https:\/\/temucotelevision.cl\/web\/wp-json\/wp\/v2\/users\/1"}],"replies":[{"embeddable":true,"href":"https:\/\/temucotelevision.cl\/web\/wp-json\/wp\/v2\/comments?post=45867"}],"version-history":[{"count":2,"href":"https:\/\/temucotelevision.cl\/web\/wp-json\/wp\/v2\/posts\/45867\/revisions"}],"predecessor-version":[{"id":45888,"href":"https:\/\/temucotelevision.cl\/web\/wp-json\/wp\/v2\/posts\/45867\/revisions\/45888"}],"wp:featuredmedia":[{"embeddable":true,"href":"https:\/\/temucotelevision.cl\/web\/wp-json\/wp\/v2\/media\/45868"}],"wp:attachment":[{"href":"https:\/\/temucotelevision.cl\/web\/wp-json\/wp\/v2\/media?parent=45867"}],"wp:term":[{"taxonomy":"category","embeddable":true,"href":"https:\/\/temucotelevision.cl\/web\/wp-json\/wp\/v2\/categories?post=45867"},{"taxonomy":"post_tag","embeddable":true,"href":"https:\/\/temucotelevision.cl\/web\/wp-json\/wp\/v2\/tags?post=45867"}],"curies":[{"name":"wp","href":"https:\/\/api.w.org\/{rel}","templated":true}]}}