{"id":45859,"date":"2023-10-31T17:59:40","date_gmt":"2023-10-31T20:59:40","guid":{"rendered":"https:\/\/temucotelevision.cl\/web\/?p=45859"},"modified":"2023-10-31T17:59:56","modified_gmt":"2023-10-31T20:59:56","slug":"pdi-logra-detiener-a-adolescente-que-integraba-banda-criminal-asaltaban-locales-comerciales-en-temuco","status":"publish","type":"post","link":"https:\/\/temucotelevision.cl\/web\/2023\/10\/31\/pdi-logra-detiener-a-adolescente-que-integraba-banda-criminal-asaltaban-locales-comerciales-en-temuco\/","title":{"rendered":"PDI logra detener a adolescente que integraba banda criminal: Asaltaban locales comerciales en Temuco"},"content":{"rendered":"<div class=\"pvc_clear\"><\/div><p id=\"pvc_stats_45859\" class=\"pvc_stats total_only  \" data-element-id=\"45859\" style=\"\"><i class=\"pvc-stats-icon large\" aria-hidden=\"true\"><svg aria-hidden=\"true\" focusable=\"false\" data-prefix=\"far\" data-icon=\"chart-bar\" role=\"img\" xmlns=\"http:\/\/www.w3.org\/2000\/svg\" viewBox=\"0 0 512 512\" class=\"svg-inline--fa fa-chart-bar fa-w-16 fa-2x\"><path fill=\"currentColor\" d=\"M396.8 352h22.4c6.4 0 12.8-6.4 12.8-12.8V108.8c0-6.4-6.4-12.8-12.8-12.8h-22.4c-6.4 0-12.8 6.4-12.8 12.8v230.4c0 6.4 6.4 12.8 12.8 12.8zm-192 0h22.4c6.4 0 12.8-6.4 12.8-12.8V140.8c0-6.4-6.4-12.8-12.8-12.8h-22.4c-6.4 0-12.8 6.4-12.8 12.8v198.4c0 6.4 6.4 12.8 12.8 12.8zm96 0h22.4c6.4 0 12.8-6.4 12.8-12.8V204.8c0-6.4-6.4-12.8-12.8-12.8h-22.4c-6.4 0-12.8 6.4-12.8 12.8v134.4c0 6.4 6.4 12.8 12.8 12.8zM496 400H48V80c0-8.84-7.16-16-16-16H16C7.16 64 0 71.16 0 80v336c0 17.67 14.33 32 32 32h464c8.84 0 16-7.16 16-16v-16c0-8.84-7.16-16-16-16zm-387.2-48h22.4c6.4 0 12.8-6.4 12.8-12.8v-70.4c0-6.4-6.4-12.8-12.8-12.8h-22.4c-6.4 0-12.8 6.4-12.8 12.8v70.4c0 6.4 6.4 12.8 12.8 12.8z\" class=\"\"><\/path><\/svg><\/i> <img loading=\"lazy\" decoding=\"async\" width=\"16\" height=\"16\" alt=\"Loading\" src=\"https:\/\/temucotelevision.cl\/web\/wp-content\/plugins\/page-views-count\/ajax-loader-2x.gif\" border=0 \/><\/p><div class=\"pvc_clear\"><\/div>\n<p>Tras una minuciosa investigaci\u00f3n, detectives de la Brigada Investigadora de Robos (BIRO) Temuco, capturaron a un adolescente, de 17 a\u00f1os, que ser\u00eda integrante de una banda criminal dedicada a cometer delitos de robo con intimidaci\u00f3n y violencia en locales comerciales de distintos sectores de Temuco.<\/p>\n\n\n\n<p>El subprefecto Pablo Lagos, jefe de la Biro Temuco, indic\u00f3 que uno de estos asaltos ocurri\u00f3 en el mes de julio de este a\u00f1o en el sector de Pueblo Nuevo y afect\u00f3 a un negocio vecinal, donde \u201ctres delincuentes, intimidaron con armas de fuego a su propietario, para posteriormente, sustraer diversas especies de alto valor comercial, como tambi\u00e9n el dinero producto de la recaudaci\u00f3n\u201d.<\/p>\n\n\n\n<p>En la din\u00e1mica de la comisi\u00f3n del delito, el propietario del local, hiri\u00f3 con un arma de fuego -debidamente inscrita-, a dos de los asaltantes, los que fueron detenidos y puestos a disposici\u00f3n de la justicia. Sin embargo, el tercer integrante de la banda, logr\u00f3 escapar.<\/p>\n\n\n\n<p>Tras esto, la Brigada Investigadora de Robos Temuco de la PDI, junto a la Unidad de An\u00e1lisis Criminal y Focos de la Fiscal\u00eda Regional, realizaron un trabajo conjunto donde \u201ca trav\u00e9s del an\u00e1lisis e inteligencia policial, adem\u00e1s del levantamiento de informaci\u00f3n residual, como la declaraci\u00f3n de la propia v\u00edctima, testigos, an\u00e1lisis de c\u00e1maras de seguridad, se logr\u00f3 individualizar a este tercer imputado\u201d, se\u00f1al\u00f3 el subprefecto Lagos.<\/p>\n\n\n\n<p>Es as\u00ed, que el fiscal Patricio Montecinos, a cargo de la causa, solicit\u00f3 al tribunal una orden de detenci\u00f3n en contra del acusado, logrando su detenci\u00f3n y puesto a disposici\u00f3n del Juzgado de Garant\u00eda de Temuco donde se efectu\u00f3 el control de detenci\u00f3n y formalizaci\u00f3n, \u201ccorresponde a un imputado menor de edad, que ten\u00eda 16 a\u00f1os al momento de la comisi\u00f3n del delito, se formaliz\u00f3 la investigaci\u00f3n por robo con intimidaci\u00f3n decret\u00e1ndose la medida cautelar de internaci\u00f3n provisoria, y se establecieron cuatro meses como plazo de investigaci\u00f3n\u201d, agreg\u00f3 el fiscal Montecinos.<\/p>\n\n\n\n<p>Cabe se\u00f1alar que, en la vivienda del detenido, se encontraron diversas evidencias, que lo posicionan en el hecho delictual, y que fueron incautadas y puestas a disposici\u00f3n del Ministerio P\u00fablico para incorporarlas en los procesos judiciales.<\/p>\n\n\n\n<p>Foto PDI<\/p>\n","protected":false},"excerpt":{"rendered":"<div class=\"pvc_clear\"><\/div>\n<p id=\"pvc_stats_45859\" class=\"pvc_stats total_only  \" data-element-id=\"45859\" style=\"\"><i class=\"pvc-stats-icon large\" aria-hidden=\"true\"><svg aria-hidden=\"true\" focusable=\"false\" data-prefix=\"far\" data-icon=\"chart-bar\" role=\"img\" xmlns=\"http:\/\/www.w3.org\/2000\/svg\" viewBox=\"0 0 512 512\" class=\"svg-inline--fa fa-chart-bar fa-w-16 fa-2x\"><path fill=\"currentColor\" d=\"M396.8 352h22.4c6.4 0 12.8-6.4 12.8-12.8V108.8c0-6.4-6.4-12.8-12.8-12.8h-22.4c-6.4 0-12.8 6.4-12.8 12.8v230.4c0 6.4 6.4 12.8 12.8 12.8zm-192 0h22.4c6.4 0 12.8-6.4 12.8-12.8V140.8c0-6.4-6.4-12.8-12.8-12.8h-22.4c-6.4 0-12.8 6.4-12.8 12.8v198.4c0 6.4 6.4 12.8 12.8 12.8zm96 0h22.4c6.4 0 12.8-6.4 12.8-12.8V204.8c0-6.4-6.4-12.8-12.8-12.8h-22.4c-6.4 0-12.8 6.4-12.8 12.8v134.4c0 6.4 6.4 12.8 12.8 12.8zM496 400H48V80c0-8.84-7.16-16-16-16H16C7.16 64 0 71.16 0 80v336c0 17.67 14.33 32 32 32h464c8.84 0 16-7.16 16-16v-16c0-8.84-7.16-16-16-16zm-387.2-48h22.4c6.4 0 12.8-6.4 12.8-12.8v-70.4c0-6.4-6.4-12.8-12.8-12.8h-22.4c-6.4 0-12.8 6.4-12.8 12.8v70.4c0 6.4 6.4 12.8 12.8 12.8z\" class=\"\"><\/path><\/svg><\/i> <img loading=\"lazy\" decoding=\"async\" width=\"16\" height=\"16\" alt=\"Loading\" src=\"https:\/\/temucotelevision.cl\/web\/wp-content\/plugins\/page-views-count\/ajax-loader-2x.gif\" border=0 \/><\/p>\n<div class=\"pvc_clear\"><\/div>\n<p>Tras una minuciosa investigaci\u00f3n, detectives de la Brigada Investigadora de Robos (BIRO) Temuco, capturaron a un adolescente, de 17 a\u00f1os,<\/p>\n","protected":false},"author":1,"featured_media":45864,"comment_status":"open","ping_status":"open","sticky":false,"template":"","format":"standard","meta":{"colormag_page_container_layout":"default_layout","colormag_page_sidebar_layout":"default_layout","footnotes":""},"categories":[15,16],"tags":[635,5949,1158,76],"class_list":["post-45859","post","type-post","status-publish","format-standard","has-post-thumbnail","hentry","category-la-araucania","category-policial","tag-banda","tag-comerciales","tag-locales","tag-pdi"],"a3_pvc":{"activated":true,"total_views":3252,"today_views":0},"_links":{"self":[{"href":"https:\/\/temucotelevision.cl\/web\/wp-json\/wp\/v2\/posts\/45859","targetHints":{"allow":["GET"]}}],"collection":[{"href":"https:\/\/temucotelevision.cl\/web\/wp-json\/wp\/v2\/posts"}],"about":[{"href":"https:\/\/temucotelevision.cl\/web\/wp-json\/wp\/v2\/types\/post"}],"author":[{"embeddable":true,"href":"https:\/\/temucotelevision.cl\/web\/wp-json\/wp\/v2\/users\/1"}],"replies":[{"embeddable":true,"href":"https:\/\/temucotelevision.cl\/web\/wp-json\/wp\/v2\/comments?post=45859"}],"version-history":[{"count":2,"href":"https:\/\/temucotelevision.cl\/web\/wp-json\/wp\/v2\/posts\/45859\/revisions"}],"predecessor-version":[{"id":45866,"href":"https:\/\/temucotelevision.cl\/web\/wp-json\/wp\/v2\/posts\/45859\/revisions\/45866"}],"wp:featuredmedia":[{"embeddable":true,"href":"https:\/\/temucotelevision.cl\/web\/wp-json\/wp\/v2\/media\/45864"}],"wp:attachment":[{"href":"https:\/\/temucotelevision.cl\/web\/wp-json\/wp\/v2\/media?parent=45859"}],"wp:term":[{"taxonomy":"category","embeddable":true,"href":"https:\/\/temucotelevision.cl\/web\/wp-json\/wp\/v2\/categories?post=45859"},{"taxonomy":"post_tag","embeddable":true,"href":"https:\/\/temucotelevision.cl\/web\/wp-json\/wp\/v2\/tags?post=45859"}],"curies":[{"name":"wp","href":"https:\/\/api.w.org\/{rel}","templated":true}]}}