{"id":45850,"date":"2023-10-31T16:07:47","date_gmt":"2023-10-31T19:07:47","guid":{"rendered":"https:\/\/temucotelevision.cl\/web\/?p=45850"},"modified":"2023-10-31T17:29:46","modified_gmt":"2023-10-31T20:29:46","slug":"festival-made-in-chile-anuncia-su-primera-version-en-la-quinta-vergara","status":"publish","type":"post","link":"https:\/\/temucotelevision.cl\/web\/2023\/10\/31\/festival-made-in-chile-anuncia-su-primera-version-en-la-quinta-vergara\/","title":{"rendered":"Festival Made In Chile\u00a0anuncia su primera \u00a0versi\u00f3n en la Quinta Vergara"},"content":{"rendered":"<div class=\"pvc_clear\"><\/div><p id=\"pvc_stats_45850\" class=\"pvc_stats total_only  \" data-element-id=\"45850\" style=\"\"><i class=\"pvc-stats-icon large\" aria-hidden=\"true\"><svg aria-hidden=\"true\" focusable=\"false\" data-prefix=\"far\" data-icon=\"chart-bar\" role=\"img\" xmlns=\"http:\/\/www.w3.org\/2000\/svg\" viewBox=\"0 0 512 512\" class=\"svg-inline--fa fa-chart-bar fa-w-16 fa-2x\"><path fill=\"currentColor\" d=\"M396.8 352h22.4c6.4 0 12.8-6.4 12.8-12.8V108.8c0-6.4-6.4-12.8-12.8-12.8h-22.4c-6.4 0-12.8 6.4-12.8 12.8v230.4c0 6.4 6.4 12.8 12.8 12.8zm-192 0h22.4c6.4 0 12.8-6.4 12.8-12.8V140.8c0-6.4-6.4-12.8-12.8-12.8h-22.4c-6.4 0-12.8 6.4-12.8 12.8v198.4c0 6.4 6.4 12.8 12.8 12.8zm96 0h22.4c6.4 0 12.8-6.4 12.8-12.8V204.8c0-6.4-6.4-12.8-12.8-12.8h-22.4c-6.4 0-12.8 6.4-12.8 12.8v134.4c0 6.4 6.4 12.8 12.8 12.8zM496 400H48V80c0-8.84-7.16-16-16-16H16C7.16 64 0 71.16 0 80v336c0 17.67 14.33 32 32 32h464c8.84 0 16-7.16 16-16v-16c0-8.84-7.16-16-16-16zm-387.2-48h22.4c6.4 0 12.8-6.4 12.8-12.8v-70.4c0-6.4-6.4-12.8-12.8-12.8h-22.4c-6.4 0-12.8 6.4-12.8 12.8v70.4c0 6.4 6.4 12.8 12.8 12.8z\" class=\"\"><\/path><\/svg><\/i> <img loading=\"lazy\" decoding=\"async\" width=\"16\" height=\"16\" alt=\"Loading\" src=\"https:\/\/temucotelevision.cl\/web\/wp-content\/plugins\/page-views-count\/ajax-loader-2x.gif\" border=0 \/><\/p><div class=\"pvc_clear\"><\/div>\n<p class=\"has-medium-font-size\"><strong>En un futuro,<a rel=\"noreferrer noopener\" href=\"https:\/\/instagram.com\/hitmakersproduce?igshid=MzRlODBiNWFlZA==\" target=\"_blank\">\u00a0HitMakers<\/a>\u00a0aspira que\u00a0<a rel=\"noreferrer noopener\" href=\"https:\/\/instagram.com\/madeinchilefest?igshid=MzRlODBiNWFlZA==\" target=\"_blank\">Made In Chile<\/a>\u00a0llegue a todas las regiones del pa\u00eds, siguiendo en la lista, despu\u00e9s de la maravillosa ciudad de\u00a0Vi\u00f1a del Mar, en donde se pretende repetir la locaci\u00f3n para una segunda versi\u00f3n, yaque se prefiere desarrollar el festival en regiones en una primera instancia.<\/strong><\/p>\n\n\n\n<p>Los festivalesmusicales son una realidad que aflora con rapidez y enamora a todos los que tienen la oportunidad de pisar uno. Para el pr\u00f3ximo\u00a0<strong>03 de diciembre,<\/strong>\u00a0la reconocida productora nacional\u00a0<strong><a rel=\"noreferrer noopener\" href=\"https:\/\/instagram.com\/hitmakersproduce?igshid=MzRlODBiNWFlZA==\" target=\"_blank\">HitMakers<\/a>,<\/strong>\u00a0prepar\u00f3 un encuentro con grandes artistas de nuestro pa\u00eds.\u00a0<\/p>\n\n\n\n<p><strong>\u201cLa idea naci\u00f3 en un momento de introspecci\u00f3n, buscando un nuevo concepto de festival\u201d<\/strong>,\u00a0de esta forma explica\u00a0<strong>Juan Pablo Ruiz<\/strong>, productor general de\u00a0<strong><a rel=\"noreferrer noopener\" href=\"https:\/\/instagram.com\/madeinchilefest?igshid=MzRlODBiNWFlZA==\" target=\"_blank\">Made\u00a0<\/a><\/strong><a rel=\"noreferrer noopener\" href=\"https:\/\/instagram.com\/madeinchilefest?igshid=MzRlODBiNWFlZA==\" target=\"_blank\">in Chile<\/a>, la idea con la que buscan remecer a la industria nacional y convertirse en uno de los espacios musicales m\u00e1s importantes de Chile y el mundo.\u00a0<\/p>\n\n\n\n<p>Cabe destacar, que tal como dice el nombre en su traducci\u00f3n al ingl\u00e9s \u2013<strong><a rel=\"noreferrer noopener\" href=\"https:\/\/instagram.com\/madeinchilefest?igshid=MzRlODBiNWFlZA==\" target=\"_blank\">Made In Chile<\/a>\u00a0<\/strong>\u2013 los exponentes de este encuentro musical deben ser\u00a0<strong>\u201chechos en Chile\u201d<\/strong>, es decir,\u00a0<strong>100% producto nacional<\/strong>, y estar\u00e1n\u00a0<strong>dirigidos a todo p\u00fablico, de todas las edades.<\/strong>\u00a0<\/p>\n\n\n\n<p class=\"has-text-align-center\"><strong>Tickets\u00a0disponibles por sistema<a rel=\"noreferrer noopener\" href=\"https:\/\/www.tolivmarket.com\/eventos\/chile\/vina-del-mar\/made-in-chile-fest-10622\" target=\"_blank\"> Toliv .<\/a><\/strong><\/p>\n\n\n\n<figure class=\"wp-block-image alignleft size-large is-resized\"><img loading=\"lazy\" decoding=\"async\" width=\"819\" height=\"1024\" src=\"https:\/\/temucotelevision.cl\/web\/wp-content\/uploads\/2023\/10\/image-4-819x1024.png\" alt=\"\" class=\"wp-image-45854\" style=\"aspect-ratio:0.7998046875;width:440px;height:auto\" srcset=\"https:\/\/temucotelevision.cl\/web\/wp-content\/uploads\/2023\/10\/image-4-819x1024.png 819w, https:\/\/temucotelevision.cl\/web\/wp-content\/uploads\/2023\/10\/image-4-768x960.png 768w, https:\/\/temucotelevision.cl\/web\/wp-content\/uploads\/2023\/10\/image-4.png 1080w\" sizes=\"auto, (max-width: 819px) 100vw, 819px\" \/><\/figure>\n\n\n\n<p><br>En esta primera versi\u00f3n est\u00e1 prevista para el d\u00eda&nbsp;<strong>domingo 03 de diciembre,<\/strong>&nbsp;con la actuaci\u00f3n de grandes int\u00e9rpretes nacionales, como&nbsp;<strong>Cami, Flor de Rap, Drefquila, Sayko, Quique Neira, Alex Anwandter, Princesa Alba, Petinellis, Movimiento Original y La Combo Tortuga.<\/strong>&nbsp;Adem\u00e1s, desde&nbsp;<strong>HitMakers<\/strong>, se se\u00f1ala que existir\u00e1 un espacio reservado para que un artista\/banda emergente se puedan presentar.<\/p>\n\n\n\n<p>Al respecto, la producci\u00f3n explica que elegir\u00e1n a la\u00a0<strong>banda\/artista emergente<\/strong>\u00a0o al\u00a0<strong>artista n\u00famero 11 del Line up\u00a0<\/strong>a trav\u00e9s de un concurso por redes sociales.\u00a0<strong>\u201cLas bandas o solista tendr\u00e1n que subir un video cantando una canci\u00f3n de su autor\u00eda\u201d,<\/strong>\u00a0enfatizan, para luego agregar que con parte del line up del Festival har\u00e1n una preselecci\u00f3n, que despu\u00e9s se someter\u00e1 a sufragio en las plataformas digitales.\u00a0<strong>\u201cGanar\u00e1 el artista que tenga mayor votaci\u00f3n popular\u201d,<\/strong>\u00a0se\u00f1alan desde\u00a0<strong>HitMarkers.<\/strong>\u00a0<\/p>\n\n\n\n<p>El espacio elegido para la novedosa cita es la\u00a0<strong>Quinta Vergara<\/strong>, reconocida por ser el paisaje del\u00a0<strong>Festival Internacional de la Canci\u00f3n de Vi\u00f1a del Mar. \u201cQuisimos partir con el pie derecho de una y darlo todo\u201d<\/strong>, afirman desde la producci\u00f3n del evento, puesto que para ellos (y el mundo) es<strong>\u00a0\u201cuno de los escenarios m\u00e1s ic\u00f3nicos de Latinoam\u00e9rica\u201d.<\/strong>\u00a0Casi como un amuleto, seleccionaron el lugar\u00a0<strong>\u201cpara tener un renombre y para entregar un show de primer nivel\u201d<\/strong>, expresaron.<\/p>\n\n\n\n<p><strong><a href=\"https:\/\/instagram.com\/madeinchilefest?igshid=MzRlODBiNWFlZA==\" target=\"_blank\" rel=\"noreferrer noopener\">Made in Chile<\/a><\/strong>, es un festival familiar que contar\u00e1 con intervenciones culturales chilenas que recibir\u00e1n a los visitantes con&nbsp;<strong>batucadas, organilleros, chinchineros y payasos,<\/strong>&nbsp;entre otrasnovedades. Tambi\u00e9n el evento musical tendr\u00e1 una feria de emprendedores de la zona, en donde se mostrar\u00e1n distintos tipos de productos para apoyar el comercio local.<\/p>\n\n\n\n<p>Los\u00a0organizadores del festival\u00a0<strong><a rel=\"noreferrer noopener\" href=\"https:\/\/instagram.com\/madeinchilefest?igshid=MzRlODBiNWFlZA==\" target=\"_blank\">Made in Chile<\/a><\/strong>\u00a0destacaron que al ser los productores ge<strong>n<\/strong>erales de regi\u00f3n, se decidieron por seleccionar un lugar ic\u00f3nico a nivel\u00a0<strong>Latinoamericano<\/strong>, pero fuera del\u00a0<strong>Gran Santiago.<\/strong>\u00a0<strong>\u201cApuntando a ese p\u00fablico de regiones, que en la mayor\u00eda de los casos, tiene que viajar para ver este tipo de eventos\u201d,<\/strong>\u00a0puntualiza la producci\u00f3n.<\/p>\n\n\n\n<p>\u00a0<\/p>\n\n\n\n<p><\/p>\n","protected":false},"excerpt":{"rendered":"<div class=\"pvc_clear\"><\/div>\n<p id=\"pvc_stats_45850\" class=\"pvc_stats total_only  \" data-element-id=\"45850\" style=\"\"><i class=\"pvc-stats-icon large\" aria-hidden=\"true\"><svg aria-hidden=\"true\" focusable=\"false\" data-prefix=\"far\" data-icon=\"chart-bar\" role=\"img\" xmlns=\"http:\/\/www.w3.org\/2000\/svg\" viewBox=\"0 0 512 512\" class=\"svg-inline--fa fa-chart-bar fa-w-16 fa-2x\"><path fill=\"currentColor\" d=\"M396.8 352h22.4c6.4 0 12.8-6.4 12.8-12.8V108.8c0-6.4-6.4-12.8-12.8-12.8h-22.4c-6.4 0-12.8 6.4-12.8 12.8v230.4c0 6.4 6.4 12.8 12.8 12.8zm-192 0h22.4c6.4 0 12.8-6.4 12.8-12.8V140.8c0-6.4-6.4-12.8-12.8-12.8h-22.4c-6.4 0-12.8 6.4-12.8 12.8v198.4c0 6.4 6.4 12.8 12.8 12.8zm96 0h22.4c6.4 0 12.8-6.4 12.8-12.8V204.8c0-6.4-6.4-12.8-12.8-12.8h-22.4c-6.4 0-12.8 6.4-12.8 12.8v134.4c0 6.4 6.4 12.8 12.8 12.8zM496 400H48V80c0-8.84-7.16-16-16-16H16C7.16 64 0 71.16 0 80v336c0 17.67 14.33 32 32 32h464c8.84 0 16-7.16 16-16v-16c0-8.84-7.16-16-16-16zm-387.2-48h22.4c6.4 0 12.8-6.4 12.8-12.8v-70.4c0-6.4-6.4-12.8-12.8-12.8h-22.4c-6.4 0-12.8 6.4-12.8 12.8v70.4c0 6.4 6.4 12.8 12.8 12.8z\" class=\"\"><\/path><\/svg><\/i> <img loading=\"lazy\" decoding=\"async\" width=\"16\" height=\"16\" alt=\"Loading\" src=\"https:\/\/temucotelevision.cl\/web\/wp-content\/plugins\/page-views-count\/ajax-loader-2x.gif\" border=0 \/><\/p>\n<div class=\"pvc_clear\"><\/div>\n<p>En un futuro,\u00a0HitMakers\u00a0aspira que\u00a0Made In Chile\u00a0llegue a todas las regiones del pa\u00eds, siguiendo en la lista, despu\u00e9s de la maravillosa<\/p>\n","protected":false},"author":143,"featured_media":45851,"comment_status":"open","ping_status":"open","sticky":false,"template":"","format":"standard","meta":{"colormag_page_container_layout":"default_layout","colormag_page_sidebar_layout":"default_layout","footnotes":""},"categories":[369],"tags":[],"class_list":["post-45850","post","type-post","status-publish","format-standard","has-post-thumbnail","hentry","category-musica"],"a3_pvc":{"activated":true,"total_views":160,"today_views":0},"_links":{"self":[{"href":"https:\/\/temucotelevision.cl\/web\/wp-json\/wp\/v2\/posts\/45850","targetHints":{"allow":["GET"]}}],"collection":[{"href":"https:\/\/temucotelevision.cl\/web\/wp-json\/wp\/v2\/posts"}],"about":[{"href":"https:\/\/temucotelevision.cl\/web\/wp-json\/wp\/v2\/types\/post"}],"author":[{"embeddable":true,"href":"https:\/\/temucotelevision.cl\/web\/wp-json\/wp\/v2\/users\/143"}],"replies":[{"embeddable":true,"href":"https:\/\/temucotelevision.cl\/web\/wp-json\/wp\/v2\/comments?post=45850"}],"version-history":[{"count":5,"href":"https:\/\/temucotelevision.cl\/web\/wp-json\/wp\/v2\/posts\/45850\/revisions"}],"predecessor-version":[{"id":45858,"href":"https:\/\/temucotelevision.cl\/web\/wp-json\/wp\/v2\/posts\/45850\/revisions\/45858"}],"wp:featuredmedia":[{"embeddable":true,"href":"https:\/\/temucotelevision.cl\/web\/wp-json\/wp\/v2\/media\/45851"}],"wp:attachment":[{"href":"https:\/\/temucotelevision.cl\/web\/wp-json\/wp\/v2\/media?parent=45850"}],"wp:term":[{"taxonomy":"category","embeddable":true,"href":"https:\/\/temucotelevision.cl\/web\/wp-json\/wp\/v2\/categories?post=45850"},{"taxonomy":"post_tag","embeddable":true,"href":"https:\/\/temucotelevision.cl\/web\/wp-json\/wp\/v2\/tags?post=45850"}],"curies":[{"name":"wp","href":"https:\/\/api.w.org\/{rel}","templated":true}]}}