{"id":4584,"date":"2019-07-02T09:59:05","date_gmt":"2019-07-02T12:59:05","guid":{"rendered":"https:\/\/temucotelevision.cl\/web\/?p=4584"},"modified":"2019-07-02T09:59:05","modified_gmt":"2019-07-02T12:59:05","slug":"pdi-implementara-nueva-estrategia-de-investigacion-integral-de-robos-iir-360","status":"publish","type":"post","link":"https:\/\/temucotelevision.cl\/web\/2019\/07\/02\/pdi-implementara-nueva-estrategia-de-investigacion-integral-de-robos-iir-360\/","title":{"rendered":"PDI implementar\u00e1 nueva estrategia de Investigaci\u00f3n Integral de Robos \u201cIIR 360\u201d"},"content":{"rendered":"<div class=\"pvc_clear\"><\/div>\n<p id=\"pvc_stats_4584\" class=\"pvc_stats total_only  \" data-element-id=\"4584\" style=\"\"><i class=\"pvc-stats-icon large\" aria-hidden=\"true\"><svg aria-hidden=\"true\" focusable=\"false\" data-prefix=\"far\" data-icon=\"chart-bar\" role=\"img\" xmlns=\"http:\/\/www.w3.org\/2000\/svg\" viewBox=\"0 0 512 512\" class=\"svg-inline--fa fa-chart-bar fa-w-16 fa-2x\"><path fill=\"currentColor\" d=\"M396.8 352h22.4c6.4 0 12.8-6.4 12.8-12.8V108.8c0-6.4-6.4-12.8-12.8-12.8h-22.4c-6.4 0-12.8 6.4-12.8 12.8v230.4c0 6.4 6.4 12.8 12.8 12.8zm-192 0h22.4c6.4 0 12.8-6.4 12.8-12.8V140.8c0-6.4-6.4-12.8-12.8-12.8h-22.4c-6.4 0-12.8 6.4-12.8 12.8v198.4c0 6.4 6.4 12.8 12.8 12.8zm96 0h22.4c6.4 0 12.8-6.4 12.8-12.8V204.8c0-6.4-6.4-12.8-12.8-12.8h-22.4c-6.4 0-12.8 6.4-12.8 12.8v134.4c0 6.4 6.4 12.8 12.8 12.8zM496 400H48V80c0-8.84-7.16-16-16-16H16C7.16 64 0 71.16 0 80v336c0 17.67 14.33 32 32 32h464c8.84 0 16-7.16 16-16v-16c0-8.84-7.16-16-16-16zm-387.2-48h22.4c6.4 0 12.8-6.4 12.8-12.8v-70.4c0-6.4-6.4-12.8-12.8-12.8h-22.4c-6.4 0-12.8 6.4-12.8 12.8v70.4c0 6.4 6.4 12.8 12.8 12.8z\" class=\"\"><\/path><\/svg><\/i> <img loading=\"lazy\" decoding=\"async\" width=\"16\" height=\"16\" alt=\"Loading\" src=\"https:\/\/temucotelevision.cl\/web\/wp-content\/plugins\/page-views-count\/ajax-loader-2x.gif\" border=0 \/><\/p>\n<div class=\"pvc_clear\"><\/div>\n<p style=\"text-align: justify;\">Con la finalidad de investigar los delitos de robos de cualquier eslab\u00f3n de cadena delictual y dar una respuesta eficaz a la comunidad ante estos il\u00edcitos, la Polic\u00eda de Investigaciones implementar\u00e1 una nueva estrategia de Investigaci\u00f3n Integral de Robos \u201cIIR-360\u201d.<\/p>\n<p style=\"text-align: justify;\">La \u201cIIR 360&#8243;, tendr\u00e1 su foco en hacer un an\u00e1lisis del ciclo del robo: qui\u00e9nes los cometen, sus perfiles, y qui\u00e9nes lucran con los bienes robados (receptaci\u00f3n), hasta entender las estructuras criminales y desbaratar bandas, evitando el solo arresto de los escalafones m\u00e1s bajos.<\/p>\n<p style=\"text-align: justify;\">De acuerdo a las necesidades de la comunidad, la PDI cre\u00f3 la Jefatura Nacional Contra Robos y Focos Criminales, que asume, a trav\u00e9s de las Brigadas Investigadoras de Robos a nivel nacional, el trabajo de la investigaci\u00f3n de los delitos contra la propiedad, adem\u00e1s de desaf\u00edos como es el caso de los focos criminales, con base en el an\u00e1lisis criminal y con especial \u00e9nfasis en delitos que concentran la mayor frecuencia y nivel de victimizaci\u00f3n del pa\u00eds.<\/p>\n<p style=\"text-align: justify;\">\u201cLa idea de esta estrategia es entregar una respuesta innovadora a la problem\u00e1tica delictual de robos, considerando que la mayor\u00eda de estas investigaciones tienen imputados desconocidos o que no tienen relaci\u00f3n con la v\u00edctima, logrando de esta forma facilitar la aplicaci\u00f3n de penas establecidas y mejorar la persecuci\u00f3n penal\u201d, indic\u00f3 el jefe de la Brigada Investigadora de Robos (BIRO) de Temuco, comisario Pablo Maechel.<\/p>\n<p style=\"text-align: justify;\">Entre los componentes de esta nueva metodolog\u00eda investigativa est\u00e1 fortalecer el trabajo del proceso investigativo y del sitio de suceso, fomentar la retroalimentaci\u00f3n en t\u00e9rminos de resultados y avances, la coordinaci\u00f3n para mayor fluidez de informaci\u00f3n y la cooperaci\u00f3n con otras entidades, adem\u00e1s de proporcionar capacitaciones y reentrenamientos a los detectives.<\/p>\n<p style=\"text-align: justify;\">Asimismo, las tareas van apoyadas por las Oficinas de An\u00e1lisis Criminal (Ofan), cuya importancia radica en el trabajo anal\u00edtico y el cruce de informaci\u00f3n. En este contexto, agreg\u00f3 el comisario Maechel, \u201cse debe enfatizar en las labores investigativas coordinadas con el Centro Nacional de An\u00e1lisis Criminal (Cenacrim) y las Ofan, lo que permite sistematizar, centralizar y disponibilizar la informaci\u00f3n criminal que se generan en las brigadas operativas\u201d.<\/p>\n<p style=\"text-align: justify;\">Finalmente, esta nueva estrategia de la PDI tambi\u00e9n busca desincentivar el mercado de bienes robados, donde se comercializan especies adquiridas en mercados formales e informales, vinculando delitos contra la propiedad y la venta de especies.<\/p>\n","protected":false},"excerpt":{"rendered":"<div class=\"pvc_clear\"><\/div>\n<p id=\"pvc_stats_4584\" class=\"pvc_stats total_only  \" data-element-id=\"4584\" style=\"\"><i class=\"pvc-stats-icon large\" aria-hidden=\"true\"><svg aria-hidden=\"true\" focusable=\"false\" data-prefix=\"far\" data-icon=\"chart-bar\" role=\"img\" xmlns=\"http:\/\/www.w3.org\/2000\/svg\" viewBox=\"0 0 512 512\" class=\"svg-inline--fa fa-chart-bar fa-w-16 fa-2x\"><path fill=\"currentColor\" d=\"M396.8 352h22.4c6.4 0 12.8-6.4 12.8-12.8V108.8c0-6.4-6.4-12.8-12.8-12.8h-22.4c-6.4 0-12.8 6.4-12.8 12.8v230.4c0 6.4 6.4 12.8 12.8 12.8zm-192 0h22.4c6.4 0 12.8-6.4 12.8-12.8V140.8c0-6.4-6.4-12.8-12.8-12.8h-22.4c-6.4 0-12.8 6.4-12.8 12.8v198.4c0 6.4 6.4 12.8 12.8 12.8zm96 0h22.4c6.4 0 12.8-6.4 12.8-12.8V204.8c0-6.4-6.4-12.8-12.8-12.8h-22.4c-6.4 0-12.8 6.4-12.8 12.8v134.4c0 6.4 6.4 12.8 12.8 12.8zM496 400H48V80c0-8.84-7.16-16-16-16H16C7.16 64 0 71.16 0 80v336c0 17.67 14.33 32 32 32h464c8.84 0 16-7.16 16-16v-16c0-8.84-7.16-16-16-16zm-387.2-48h22.4c6.4 0 12.8-6.4 12.8-12.8v-70.4c0-6.4-6.4-12.8-12.8-12.8h-22.4c-6.4 0-12.8 6.4-12.8 12.8v70.4c0 6.4 6.4 12.8 12.8 12.8z\" class=\"\"><\/path><\/svg><\/i> <img loading=\"lazy\" decoding=\"async\" width=\"16\" height=\"16\" alt=\"Loading\" src=\"https:\/\/temucotelevision.cl\/web\/wp-content\/plugins\/page-views-count\/ajax-loader-2x.gif\" border=0 \/><\/p>\n<div class=\"pvc_clear\"><\/div>\n<p>Con la finalidad de investigar los delitos de robos de cualquier eslab\u00f3n de cadena delictual y dar una respuesta eficaz<\/p>\n","protected":false},"author":1,"featured_media":4585,"comment_status":"open","ping_status":"open","sticky":false,"template":"","format":"standard","meta":{"colormag_page_container_layout":"default_layout","colormag_page_sidebar_layout":"default_layout","footnotes":""},"categories":[16],"tags":[772,76,400],"class_list":["post-4584","post","type-post","status-publish","format-standard","has-post-thumbnail","hentry","category-policial","tag-delitos","tag-pdi","tag-robos"],"a3_pvc":{"activated":true,"total_views":24,"today_views":0},"_links":{"self":[{"href":"https:\/\/temucotelevision.cl\/web\/wp-json\/wp\/v2\/posts\/4584","targetHints":{"allow":["GET"]}}],"collection":[{"href":"https:\/\/temucotelevision.cl\/web\/wp-json\/wp\/v2\/posts"}],"about":[{"href":"https:\/\/temucotelevision.cl\/web\/wp-json\/wp\/v2\/types\/post"}],"author":[{"embeddable":true,"href":"https:\/\/temucotelevision.cl\/web\/wp-json\/wp\/v2\/users\/1"}],"replies":[{"embeddable":true,"href":"https:\/\/temucotelevision.cl\/web\/wp-json\/wp\/v2\/comments?post=4584"}],"version-history":[{"count":1,"href":"https:\/\/temucotelevision.cl\/web\/wp-json\/wp\/v2\/posts\/4584\/revisions"}],"predecessor-version":[{"id":4586,"href":"https:\/\/temucotelevision.cl\/web\/wp-json\/wp\/v2\/posts\/4584\/revisions\/4586"}],"wp:featuredmedia":[{"embeddable":true,"href":"https:\/\/temucotelevision.cl\/web\/wp-json\/wp\/v2\/media\/4585"}],"wp:attachment":[{"href":"https:\/\/temucotelevision.cl\/web\/wp-json\/wp\/v2\/media?parent=4584"}],"wp:term":[{"taxonomy":"category","embeddable":true,"href":"https:\/\/temucotelevision.cl\/web\/wp-json\/wp\/v2\/categories?post=4584"},{"taxonomy":"post_tag","embeddable":true,"href":"https:\/\/temucotelevision.cl\/web\/wp-json\/wp\/v2\/tags?post=4584"}],"curies":[{"name":"wp","href":"https:\/\/api.w.org\/{rel}","templated":true}]}}