{"id":45800,"date":"2023-10-28T15:25:52","date_gmt":"2023-10-28T18:25:52","guid":{"rendered":"https:\/\/temucotelevision.cl\/web\/?p=45800"},"modified":"2023-10-28T15:25:53","modified_gmt":"2023-10-28T18:25:53","slug":"complejo-asistencial-padre-las-casas-lidera-la-innovacion-en-salud-publica-con-la-implementacion-de-la-terapia-con-estimulador-magnetico-transcraneal","status":"publish","type":"post","link":"https:\/\/temucotelevision.cl\/web\/2023\/10\/28\/complejo-asistencial-padre-las-casas-lidera-la-innovacion-en-salud-publica-con-la-implementacion-de-la-terapia-con-estimulador-magnetico-transcraneal\/","title":{"rendered":"Complejo Asistencial Padre Las Casas lidera la innovaci\u00f3n en salud p\u00fablica con la implementaci\u00f3n de la terapia con estimulador magn\u00e9tico transcraneal"},"content":{"rendered":"<div class=\"pvc_clear\"><\/div><p id=\"pvc_stats_45800\" class=\"pvc_stats total_only  \" data-element-id=\"45800\" style=\"\"><i class=\"pvc-stats-icon large\" aria-hidden=\"true\"><svg aria-hidden=\"true\" focusable=\"false\" data-prefix=\"far\" data-icon=\"chart-bar\" role=\"img\" xmlns=\"http:\/\/www.w3.org\/2000\/svg\" viewBox=\"0 0 512 512\" class=\"svg-inline--fa fa-chart-bar fa-w-16 fa-2x\"><path fill=\"currentColor\" d=\"M396.8 352h22.4c6.4 0 12.8-6.4 12.8-12.8V108.8c0-6.4-6.4-12.8-12.8-12.8h-22.4c-6.4 0-12.8 6.4-12.8 12.8v230.4c0 6.4 6.4 12.8 12.8 12.8zm-192 0h22.4c6.4 0 12.8-6.4 12.8-12.8V140.8c0-6.4-6.4-12.8-12.8-12.8h-22.4c-6.4 0-12.8 6.4-12.8 12.8v198.4c0 6.4 6.4 12.8 12.8 12.8zm96 0h22.4c6.4 0 12.8-6.4 12.8-12.8V204.8c0-6.4-6.4-12.8-12.8-12.8h-22.4c-6.4 0-12.8 6.4-12.8 12.8v134.4c0 6.4 6.4 12.8 12.8 12.8zM496 400H48V80c0-8.84-7.16-16-16-16H16C7.16 64 0 71.16 0 80v336c0 17.67 14.33 32 32 32h464c8.84 0 16-7.16 16-16v-16c0-8.84-7.16-16-16-16zm-387.2-48h22.4c6.4 0 12.8-6.4 12.8-12.8v-70.4c0-6.4-6.4-12.8-12.8-12.8h-22.4c-6.4 0-12.8 6.4-12.8 12.8v70.4c0 6.4 6.4 12.8 12.8 12.8z\" class=\"\"><\/path><\/svg><\/i> <img loading=\"lazy\" decoding=\"async\" width=\"16\" height=\"16\" alt=\"Loading\" src=\"https:\/\/temucotelevision.cl\/web\/wp-content\/plugins\/page-views-count\/ajax-loader-2x.gif\" border=0 \/><\/p><div class=\"pvc_clear\"><\/div>\n<p><em>En un hito para la salud p\u00fablica en Chile, el Complejo Asistencial Padre Las Casas (CAPLC) se destaca por ser el primer establecimiento cl\u00ednico en implementar la estrategia de rehabilitaci\u00f3n f\u00edsica con la terapia de estimulaci\u00f3n magn\u00e9tica transcraneal (TEMT).&nbsp;<\/em><\/p>\n\n\n\n<p>La terapia de estimulaci\u00f3n magn\u00e9tica transcraneal (TEMT), que utiliza campos magn\u00e9ticos para modificar la actividad cerebral, ha sido reconocida por su eficacia en el diagn\u00f3stico y tratamiento de diversas patolog\u00edas. La estimulaci\u00f3n cerebral no invasiva que tenemos por medio del estimulador magn\u00e9tico est\u00e1 orientada a pacientes con alguna alteraci\u00f3n neurol\u00f3gica que genera alg\u00fan desbalance a nivel de neurotransmisores o a nivel cerebral y lo cual repercute finalmente en la percepci\u00f3n del dolor, en el desarrollo de las actividades diarias o en la calidad de vida.<\/p>\n\n\n\n<p>La introducci\u00f3n de esta tecnolog\u00eda no invasiva e indolora promete transformar la atenci\u00f3n m\u00e9dica en el CAPLC, ofreciendo tratamiento para condiciones como fibromialgia, rehabilitaci\u00f3n de miembro superior post accidente cerebrovascular, alteraciones de la comunicaci\u00f3n y trastornos cognitivos.<\/p>\n\n\n\n<p>La implementaci\u00f3n de la TEMT en el CAPLC refuerza la posici\u00f3n del hospital como l\u00edder en la adopci\u00f3n de tecnolog\u00edas emergentes y la atenci\u00f3n centrada en el paciente. La terapia, respaldada por una gran cantidad de evidencia cient\u00edfica, se integrar\u00e1 en el enfoque multidisciplinario y transdisciplinario del hospital, trabajando en conjunto con kinesi\u00f3logos, terapeutas ocupacionales y fonoaudi\u00f3logos.<\/p>\n\n\n\n<p>Patricia Valdebenito, quien tuvo un Accidente Cardiovascular en el a\u00f1o 2015, es la primera paciente en recibir esta terapia y quien relat\u00f3 su experiencia con emoci\u00f3n: \u201cTodo el sistema nervioso central me afect\u00f3 con el ACV, pero bueno, una vez que la fisiatra me ofreci\u00f3 esta posibilidad de este tratamiento, yo estuve llana e inmediatamente a decirle que s\u00ed, y de verdad que hoy doy gracias a Dios por haber conseguido esto, porque hasta el momento s\u00ed est\u00e1 dando muy buenos frutos\u201d.<\/p>\n\n\n\n<p>La Dra. Erika Becerra, jefa del Servicio de Medicina F\u00edsica y Rehabilitaci\u00f3n, expres\u00f3 con orgullo: \u201cestamos muy contentos ya que durante estas semanas hemos puesto en marcha una terapia innovadora dirigida a toda nuestra poblaci\u00f3n y que no se encuentra en otros hospitales p\u00fablicos disponibles a nivel pa\u00eds. Es as\u00ed que hemos enfocado nuestros esfuerzos como equipo en poder brindar esta prestaci\u00f3n a nuestros usuarios como una herramienta nueva, innovadora, no dolorosa y que ha mostrado buenos resultados en otros pa\u00edses.\u201d<\/p>\n\n\n\n<p>Por su parte, Steffan Schultheiss, kinesi\u00f3logo del Servicio, subray\u00f3 la relevancia para la poblaci\u00f3n local: \u201cnosotros ac\u00e1 en el hospital tenemos una poblaci\u00f3n que es altamente rural, de un 55% aproximado de ruralidad, 66% de etnia ind\u00edgena, y donde existen niveles de derivaci\u00f3n que son altos en la poblaci\u00f3n y estamos muy contentos de tener la posibilidad de poder entregar un servicio \u00fanico en salud p\u00fablica actualmente\u201d. &nbsp;<\/p>\n\n\n\n<p>De igual forma, Ignacio Pezoa, Terapeuta Ocupacional, destac\u00f3 la preparaci\u00f3n que han tenido que realizar para la puesta en marcha, se\u00f1alando que \u201ccomo profesionales del Servicio de Medicina F\u00edsica, nos hemos capacitado en estimulaci\u00f3n cerebral no invasiva y en t\u00e9cnicas de neuro modulaci\u00f3n, que han permitido generar protocolos seguros y confiables, en base a la evidencia publicada y que son los que han permitido utilizar el estimulador magn\u00e9tico en distintas patolog\u00edas.\u201d<\/p>\n\n\n\n<p>Este logro representa un gran orgullo para el Complejo Asistencial Padre Las Casas y un compromiso firme con la innovaci\u00f3n y la mejora continua en la atenci\u00f3n m\u00e9dica. La adopci\u00f3n de la TEMT es un testimonio de la dedicaci\u00f3n del establecimiento a servir a su comunidad con tecnolog\u00edas de vanguardia y un enfoque centrado en el paciente.<\/p>\n","protected":false},"excerpt":{"rendered":"<div class=\"pvc_clear\"><\/div>\n<p id=\"pvc_stats_45800\" class=\"pvc_stats total_only  \" data-element-id=\"45800\" style=\"\"><i class=\"pvc-stats-icon large\" aria-hidden=\"true\"><svg aria-hidden=\"true\" focusable=\"false\" data-prefix=\"far\" data-icon=\"chart-bar\" role=\"img\" xmlns=\"http:\/\/www.w3.org\/2000\/svg\" viewBox=\"0 0 512 512\" class=\"svg-inline--fa fa-chart-bar fa-w-16 fa-2x\"><path fill=\"currentColor\" d=\"M396.8 352h22.4c6.4 0 12.8-6.4 12.8-12.8V108.8c0-6.4-6.4-12.8-12.8-12.8h-22.4c-6.4 0-12.8 6.4-12.8 12.8v230.4c0 6.4 6.4 12.8 12.8 12.8zm-192 0h22.4c6.4 0 12.8-6.4 12.8-12.8V140.8c0-6.4-6.4-12.8-12.8-12.8h-22.4c-6.4 0-12.8 6.4-12.8 12.8v198.4c0 6.4 6.4 12.8 12.8 12.8zm96 0h22.4c6.4 0 12.8-6.4 12.8-12.8V204.8c0-6.4-6.4-12.8-12.8-12.8h-22.4c-6.4 0-12.8 6.4-12.8 12.8v134.4c0 6.4 6.4 12.8 12.8 12.8zM496 400H48V80c0-8.84-7.16-16-16-16H16C7.16 64 0 71.16 0 80v336c0 17.67 14.33 32 32 32h464c8.84 0 16-7.16 16-16v-16c0-8.84-7.16-16-16-16zm-387.2-48h22.4c6.4 0 12.8-6.4 12.8-12.8v-70.4c0-6.4-6.4-12.8-12.8-12.8h-22.4c-6.4 0-12.8 6.4-12.8 12.8v70.4c0 6.4 6.4 12.8 12.8 12.8z\" class=\"\"><\/path><\/svg><\/i> <img loading=\"lazy\" decoding=\"async\" width=\"16\" height=\"16\" alt=\"Loading\" src=\"https:\/\/temucotelevision.cl\/web\/wp-content\/plugins\/page-views-count\/ajax-loader-2x.gif\" border=0 \/><\/p>\n<div class=\"pvc_clear\"><\/div>\n<p>En un hito para la salud p\u00fablica en Chile, el Complejo Asistencial Padre Las Casas (CAPLC) se destaca por ser<\/p>\n","protected":false},"author":1,"featured_media":45801,"comment_status":"open","ping_status":"open","sticky":false,"template":"","format":"standard","meta":{"colormag_page_container_layout":"default_layout","colormag_page_sidebar_layout":"default_layout","footnotes":""},"categories":[101],"tags":[6785,128,3406,6786],"class_list":["post-45800","post","type-post","status-publish","format-standard","has-post-thumbnail","hentry","category-actualidad","tag-estimulador","tag-hospital","tag-terapia","tag-transcraneal"],"a3_pvc":{"activated":true,"total_views":1106,"today_views":0},"_links":{"self":[{"href":"https:\/\/temucotelevision.cl\/web\/wp-json\/wp\/v2\/posts\/45800","targetHints":{"allow":["GET"]}}],"collection":[{"href":"https:\/\/temucotelevision.cl\/web\/wp-json\/wp\/v2\/posts"}],"about":[{"href":"https:\/\/temucotelevision.cl\/web\/wp-json\/wp\/v2\/types\/post"}],"author":[{"embeddable":true,"href":"https:\/\/temucotelevision.cl\/web\/wp-json\/wp\/v2\/users\/1"}],"replies":[{"embeddable":true,"href":"https:\/\/temucotelevision.cl\/web\/wp-json\/wp\/v2\/comments?post=45800"}],"version-history":[{"count":1,"href":"https:\/\/temucotelevision.cl\/web\/wp-json\/wp\/v2\/posts\/45800\/revisions"}],"predecessor-version":[{"id":45802,"href":"https:\/\/temucotelevision.cl\/web\/wp-json\/wp\/v2\/posts\/45800\/revisions\/45802"}],"wp:featuredmedia":[{"embeddable":true,"href":"https:\/\/temucotelevision.cl\/web\/wp-json\/wp\/v2\/media\/45801"}],"wp:attachment":[{"href":"https:\/\/temucotelevision.cl\/web\/wp-json\/wp\/v2\/media?parent=45800"}],"wp:term":[{"taxonomy":"category","embeddable":true,"href":"https:\/\/temucotelevision.cl\/web\/wp-json\/wp\/v2\/categories?post=45800"},{"taxonomy":"post_tag","embeddable":true,"href":"https:\/\/temucotelevision.cl\/web\/wp-json\/wp\/v2\/tags?post=45800"}],"curies":[{"name":"wp","href":"https:\/\/api.w.org\/{rel}","templated":true}]}}