{"id":45797,"date":"2023-10-28T15:22:18","date_gmt":"2023-10-28T18:22:18","guid":{"rendered":"https:\/\/temucotelevision.cl\/web\/?p=45797"},"modified":"2023-10-28T15:22:19","modified_gmt":"2023-10-28T18:22:19","slug":"desafio-agua-para-chile-mas-de-2-000-familias-rurales-en-biobio-y-la-araucania-cumplieron-su-sueno-de-acceso-al-agua","status":"publish","type":"post","link":"https:\/\/temucotelevision.cl\/web\/2023\/10\/28\/desafio-agua-para-chile-mas-de-2-000-familias-rurales-en-biobio-y-la-araucania-cumplieron-su-sueno-de-acceso-al-agua\/","title":{"rendered":"Desaf\u00edo Agua para Chile: M\u00e1s de 2.000 familias rurales en Biob\u00edo y La Araucan\u00eda cumplieron su sue\u00f1o de acceso al agua"},"content":{"rendered":"<div class=\"pvc_clear\"><\/div><p id=\"pvc_stats_45797\" class=\"pvc_stats total_only  \" data-element-id=\"45797\" style=\"\"><i class=\"pvc-stats-icon large\" aria-hidden=\"true\"><svg aria-hidden=\"true\" focusable=\"false\" data-prefix=\"far\" data-icon=\"chart-bar\" role=\"img\" xmlns=\"http:\/\/www.w3.org\/2000\/svg\" viewBox=\"0 0 512 512\" class=\"svg-inline--fa fa-chart-bar fa-w-16 fa-2x\"><path fill=\"currentColor\" d=\"M396.8 352h22.4c6.4 0 12.8-6.4 12.8-12.8V108.8c0-6.4-6.4-12.8-12.8-12.8h-22.4c-6.4 0-12.8 6.4-12.8 12.8v230.4c0 6.4 6.4 12.8 12.8 12.8zm-192 0h22.4c6.4 0 12.8-6.4 12.8-12.8V140.8c0-6.4-6.4-12.8-12.8-12.8h-22.4c-6.4 0-12.8 6.4-12.8 12.8v198.4c0 6.4 6.4 12.8 12.8 12.8zm96 0h22.4c6.4 0 12.8-6.4 12.8-12.8V204.8c0-6.4-6.4-12.8-12.8-12.8h-22.4c-6.4 0-12.8 6.4-12.8 12.8v134.4c0 6.4 6.4 12.8 12.8 12.8zM496 400H48V80c0-8.84-7.16-16-16-16H16C7.16 64 0 71.16 0 80v336c0 17.67 14.33 32 32 32h464c8.84 0 16-7.16 16-16v-16c0-8.84-7.16-16-16-16zm-387.2-48h22.4c6.4 0 12.8-6.4 12.8-12.8v-70.4c0-6.4-6.4-12.8-12.8-12.8h-22.4c-6.4 0-12.8 6.4-12.8 12.8v70.4c0 6.4 6.4 12.8 12.8 12.8z\" class=\"\"><\/path><\/svg><\/i> <img loading=\"lazy\" decoding=\"async\" width=\"16\" height=\"16\" alt=\"Loading\" src=\"https:\/\/temucotelevision.cl\/web\/wp-content\/plugins\/page-views-count\/ajax-loader-2x.gif\" border=0 \/><\/p><div class=\"pvc_clear\"><\/div>\n<ul class=\"wp-block-list\">\n<li><em>El proyecto impulsado por Desaf\u00edo Levantemos Chile y CMPC ha facilitado, desde 2020, su disponibilidad para consumo humano y actividades de desarrollo productivo.<\/em><\/li>\n<\/ul>\n\n\n\n<p>A cuatro a\u00f1os del inicio del \u201cDesaf\u00edo Agua para Chile\u201d, proyecto desarrollado por Desaf\u00edo Levantemos Chile y CMPC, m\u00e1s de 8.000 personas de zonas rurales de La Araucan\u00eda y el Biob\u00edo cuentan hoy con acceso a agua.<\/p>\n\n\n\n<p>Datos del \u00faltimo censo nacional de 2017 se\u00f1alan que el 47% de la poblaci\u00f3n rural en Chile (aproximadamente 300.000 familias) no tienen abastecimiento formal de este recurso, donde la \u00fanica soluci\u00f3n es abastecerse de pozos, r\u00edos, vertientes, esteros o camiones aljibes. Ante este escenario, \u201cDesaf\u00edo agua para Chile\u201d se concentr\u00f3 en entregar agua para diferentes usos, entre ellos el consumo humano, para riego, mejoramiento y reparaci\u00f3n de pozos y de APR (Sistemas de Agua Potable Rural).<\/p>\n\n\n\n<p>CMPC y Desaf\u00edo Levantemos Chile se reunieron este martes, con el objetivo de inaugurar un nuevo proyecto de agua para consumo humano, beneficiando a 15 familias de la comunidad de Pedro Colip\u00ed de la comuna de Collipulli, y de esta manera seguir combatiendo la crisis h\u00eddrica y terminar con la brecha del acceso al agua en comunidades rurales del pa\u00eds.<\/p>\n\n\n\n<p>\u201cEste proyecto es uno de los mejores ejemplos de c\u00f3mo el trabajo mancomunado puede lograr metas ambiciosas de manera exitosa. Pudimos dar acceso a este servicio tan esencial a miles de familias, mostrando el gran compromiso que tienen CMPC y Desaf\u00edo Levantemos Chile. Estamos felices con el resultado y reiteramos nuestro compromiso para seguir acortando la brecha de acceso al agua y enfoc\u00e1ndonos en las comunidades que m\u00e1s lo necesitan\u201d, declar\u00f3 <strong>Ignacio Serrano, director ejecutivo de Desaf\u00edo Levantemos Chile.<\/strong><\/p>\n\n\n\n<p>\u201cLamentablemente, el d\u00e9ficit h\u00eddrico que tenemos ac\u00e1 en la comuna de Collipulli es muy grave. Por eso, hoy d\u00eda para nuestros vecinos de los sectores rurales de la ruta 35, ruta 49, ruta 23, el cami\u00f3n aljibe municipal no da abasto para poderle entregarles el agua que necesitan. Por eso, el trabajo que han hecho con estas familias, en apoyarles con este proyecto de agua, con pozos profundos, ha sido una gran tarea, un gran desaf\u00edo que han hecho con la comuna. Una vez m\u00e1s agradecer profundamente la gesti\u00f3n y el compromiso de todo el personal de CMPC con la comunidad de Collipulli\u201d, se\u00f1al\u00f3 <strong>Manuel Macaya, alcalde de Collipulli.<\/strong><\/p>\n\n\n\n<p>\u201cPara la comunidad, obviamente que esta es una ocasi\u00f3n muy importante, es una alegr\u00eda muy significativa, pero para nosotros tambi\u00e9n, pues tener la oportunidad de cambiarle la vida a una comunidad que est\u00e1 en los territorios donde nosotros operamos es una oportunidad \u00fanica de demostrar que compa\u00f1\u00edas como CMPC podemos contribuir m\u00e1s all\u00e1 de nuestra labor habitual que es solo dar trabajo. Tambi\u00e9n podemos ser factores de desarrollo para las comunidades que son vecinas a nuestras operaciones\u201d, destac\u00f3 <strong>Luis Felipe Gazit\u00faa, presidente de Empresas CMPC.<\/strong><\/p>\n\n\n\n<p><strong>Pedro Colip\u00ed con agua en sus casas<\/strong><\/p>\n\n\n\n<p>Las 15 familias beneficiadas de la comunidad Pedro Colip\u00ed se mostraron agradecidas de la nueva etapa que van a comenzar a vivir, gracias al proyecto que permiti\u00f3 romper con la rutina de depender de camiones aljibes, y que a partir de ahora podr\u00e1n contar con este recurso en sus casas.<\/p>\n\n\n\n<p><strong>Carolina Leiva, representante de la comunidad Pedro Colip\u00ed<\/strong>, manifest\u00f3 su alegr\u00eda por esta iniciativa, que contribuye en cambiar la calidad de vida de las familias residentes de la comunidad: \u201cEstoy muy contenta, muy emocionada, porque pasamos muchos a\u00f1os sin el recurso.&nbsp; Hab\u00eda que traer agua -cuando no hab\u00eda- en botella y ahora, tener este logro ac\u00e1 en la casa, me emociona mucho. Aqu\u00ed, casi la mayor\u00eda son personas que tienen ni\u00f1os chicos y por lo tanto un ni\u00f1o siempre requiere limpieza y tambi\u00e9n para el adulto mayor, porque el adulto mayor, sobre todo cuando ya est\u00e1 m\u00e1s en edad, necesita el recurso m\u00e1s cerca, m\u00e1s a mano, para para poder hacerse todas sus cosas\u201d.<\/p>\n\n\n\n<p>En tanto, <strong>Luis Luna<\/strong>, <strong>presidente de la Agrupaci\u00f3n Araucan\u00eda Norte<\/strong>, que congrega a seis comunidades del sector, valor\u00f3 esta iniciativa que cumple el sue\u00f1o de las familias de la comunidad: \u201cEs una emoci\u00f3n muy grande que esta tarde hemos tenido ac\u00e1. Esto ha sido un sue\u00f1o para nosotros, el lograr tener nuestra ag\u00fcita ac\u00e1, en la parte alta donde nunca pensamos que pod\u00eda llegar. El impacto m\u00e1s importante es que ac\u00e1 ya no van a tener que andar acarreando en veh\u00edculos, en botellas, as\u00ed que ahora van a abrir sus llaves y van a tener su ag\u00fcita. Es una bendici\u00f3n para nosotros\u201d.<\/p>\n\n\n\n<p><strong>Balance y desaf\u00edos<\/strong><\/p>\n\n\n\n<p>CMPC y Desaf\u00edo Levantemos Chile reiteraron su compromiso con el proyecto para lo que queda de este 2023 y para 2024, con el objetivo de seguir combatiendo la crisis h\u00eddrica y terminar con la brecha del acceso al agua en comunidades rurales del pa\u00eds.<\/p>\n\n\n\n<p>Durante el 2023, <strong>se han considerado 59 proyectos y acciones en 17 comunas de las regiones de Biob\u00edo y La Araucan\u00eda<\/strong>, <strong>impactando positivamente a 2013 familias, que unidas suman 8.052 personas<\/strong> beneficiadas con <strong>una <\/strong><strong>inversi\u00f3n total de $2.826.929.869<\/strong>. Para el 2024 existe un presupuesto de unos $2.100 millones destinados a proyectos de consumo y riego que se espera beneficie a alrededor de 2 mil personas m\u00e1s. El desaf\u00edo es incorporar proyectos de innovaci\u00f3n y tecnolog\u00eda para generar iniciativas acordes con los tiempos actuales y dar autonom\u00eda a las comunidades en la obtenci\u00f3n de este vital recurso.<\/p>\n\n\n\n<p><br><br><\/p>\n","protected":false},"excerpt":{"rendered":"<div class=\"pvc_clear\"><\/div>\n<p id=\"pvc_stats_45797\" class=\"pvc_stats total_only  \" data-element-id=\"45797\" style=\"\"><i class=\"pvc-stats-icon large\" aria-hidden=\"true\"><svg aria-hidden=\"true\" focusable=\"false\" data-prefix=\"far\" data-icon=\"chart-bar\" role=\"img\" xmlns=\"http:\/\/www.w3.org\/2000\/svg\" viewBox=\"0 0 512 512\" class=\"svg-inline--fa fa-chart-bar fa-w-16 fa-2x\"><path fill=\"currentColor\" d=\"M396.8 352h22.4c6.4 0 12.8-6.4 12.8-12.8V108.8c0-6.4-6.4-12.8-12.8-12.8h-22.4c-6.4 0-12.8 6.4-12.8 12.8v230.4c0 6.4 6.4 12.8 12.8 12.8zm-192 0h22.4c6.4 0 12.8-6.4 12.8-12.8V140.8c0-6.4-6.4-12.8-12.8-12.8h-22.4c-6.4 0-12.8 6.4-12.8 12.8v198.4c0 6.4 6.4 12.8 12.8 12.8zm96 0h22.4c6.4 0 12.8-6.4 12.8-12.8V204.8c0-6.4-6.4-12.8-12.8-12.8h-22.4c-6.4 0-12.8 6.4-12.8 12.8v134.4c0 6.4 6.4 12.8 12.8 12.8zM496 400H48V80c0-8.84-7.16-16-16-16H16C7.16 64 0 71.16 0 80v336c0 17.67 14.33 32 32 32h464c8.84 0 16-7.16 16-16v-16c0-8.84-7.16-16-16-16zm-387.2-48h22.4c6.4 0 12.8-6.4 12.8-12.8v-70.4c0-6.4-6.4-12.8-12.8-12.8h-22.4c-6.4 0-12.8 6.4-12.8 12.8v70.4c0 6.4 6.4 12.8 12.8 12.8z\" class=\"\"><\/path><\/svg><\/i> <img loading=\"lazy\" decoding=\"async\" width=\"16\" height=\"16\" alt=\"Loading\" src=\"https:\/\/temucotelevision.cl\/web\/wp-content\/plugins\/page-views-count\/ajax-loader-2x.gif\" border=0 \/><\/p>\n<div class=\"pvc_clear\"><\/div>\n<p>A cuatro a\u00f1os del inicio del \u201cDesaf\u00edo Agua para Chile\u201d, proyecto desarrollado por Desaf\u00edo Levantemos Chile y CMPC, m\u00e1s de<\/p>\n","protected":false},"author":1,"featured_media":45798,"comment_status":"open","ping_status":"open","sticky":false,"template":"","format":"standard","meta":{"colormag_page_container_layout":"default_layout","colormag_page_sidebar_layout":"default_layout","footnotes":""},"categories":[101],"tags":[6784,1652,147],"class_list":["post-45797","post","type-post","status-publish","format-standard","has-post-thumbnail","hentry","category-actualidad","tag-agua-para-chile","tag-desafio","tag-familias"],"a3_pvc":{"activated":true,"total_views":1735,"today_views":0},"_links":{"self":[{"href":"https:\/\/temucotelevision.cl\/web\/wp-json\/wp\/v2\/posts\/45797","targetHints":{"allow":["GET"]}}],"collection":[{"href":"https:\/\/temucotelevision.cl\/web\/wp-json\/wp\/v2\/posts"}],"about":[{"href":"https:\/\/temucotelevision.cl\/web\/wp-json\/wp\/v2\/types\/post"}],"author":[{"embeddable":true,"href":"https:\/\/temucotelevision.cl\/web\/wp-json\/wp\/v2\/users\/1"}],"replies":[{"embeddable":true,"href":"https:\/\/temucotelevision.cl\/web\/wp-json\/wp\/v2\/comments?post=45797"}],"version-history":[{"count":1,"href":"https:\/\/temucotelevision.cl\/web\/wp-json\/wp\/v2\/posts\/45797\/revisions"}],"predecessor-version":[{"id":45799,"href":"https:\/\/temucotelevision.cl\/web\/wp-json\/wp\/v2\/posts\/45797\/revisions\/45799"}],"wp:featuredmedia":[{"embeddable":true,"href":"https:\/\/temucotelevision.cl\/web\/wp-json\/wp\/v2\/media\/45798"}],"wp:attachment":[{"href":"https:\/\/temucotelevision.cl\/web\/wp-json\/wp\/v2\/media?parent=45797"}],"wp:term":[{"taxonomy":"category","embeddable":true,"href":"https:\/\/temucotelevision.cl\/web\/wp-json\/wp\/v2\/categories?post=45797"},{"taxonomy":"post_tag","embeddable":true,"href":"https:\/\/temucotelevision.cl\/web\/wp-json\/wp\/v2\/tags?post=45797"}],"curies":[{"name":"wp","href":"https:\/\/api.w.org\/{rel}","templated":true}]}}