{"id":45794,"date":"2023-10-28T15:10:26","date_gmt":"2023-10-28T18:10:26","guid":{"rendered":"https:\/\/temucotelevision.cl\/web\/?p=45794"},"modified":"2023-10-28T15:10:27","modified_gmt":"2023-10-28T18:10:27","slug":"apoyo-economico-a-bomberos-y-la-no-rebaja-al-presupuesto-2024-diputado-mauro-gonzalez-hace-llamado-al-gobierno-ad-porta-de-temporada-de-incendios","status":"publish","type":"post","link":"https:\/\/temucotelevision.cl\/web\/2023\/10\/28\/apoyo-economico-a-bomberos-y-la-no-rebaja-al-presupuesto-2024-diputado-mauro-gonzalez-hace-llamado-al-gobierno-ad-porta-de-temporada-de-incendios\/","title":{"rendered":"Apoyo econ\u00f3mico a Bomberos y la no rebaja al Presupuesto 2024:\u00a0 Diputado Mauro Gonz\u00e1lez\u00a0 hace llamado al Gobierno ad porta de temporada de incendios"},"content":{"rendered":"<div class=\"pvc_clear\"><\/div><p id=\"pvc_stats_45794\" class=\"pvc_stats total_only  \" data-element-id=\"45794\" style=\"\"><i class=\"pvc-stats-icon large\" aria-hidden=\"true\"><svg aria-hidden=\"true\" focusable=\"false\" data-prefix=\"far\" data-icon=\"chart-bar\" role=\"img\" xmlns=\"http:\/\/www.w3.org\/2000\/svg\" viewBox=\"0 0 512 512\" class=\"svg-inline--fa fa-chart-bar fa-w-16 fa-2x\"><path fill=\"currentColor\" d=\"M396.8 352h22.4c6.4 0 12.8-6.4 12.8-12.8V108.8c0-6.4-6.4-12.8-12.8-12.8h-22.4c-6.4 0-12.8 6.4-12.8 12.8v230.4c0 6.4 6.4 12.8 12.8 12.8zm-192 0h22.4c6.4 0 12.8-6.4 12.8-12.8V140.8c0-6.4-6.4-12.8-12.8-12.8h-22.4c-6.4 0-12.8 6.4-12.8 12.8v198.4c0 6.4 6.4 12.8 12.8 12.8zm96 0h22.4c6.4 0 12.8-6.4 12.8-12.8V204.8c0-6.4-6.4-12.8-12.8-12.8h-22.4c-6.4 0-12.8 6.4-12.8 12.8v134.4c0 6.4 6.4 12.8 12.8 12.8zM496 400H48V80c0-8.84-7.16-16-16-16H16C7.16 64 0 71.16 0 80v336c0 17.67 14.33 32 32 32h464c8.84 0 16-7.16 16-16v-16c0-8.84-7.16-16-16-16zm-387.2-48h22.4c6.4 0 12.8-6.4 12.8-12.8v-70.4c0-6.4-6.4-12.8-12.8-12.8h-22.4c-6.4 0-12.8 6.4-12.8 12.8v70.4c0 6.4 6.4 12.8 12.8 12.8z\" class=\"\"><\/path><\/svg><\/i> <img loading=\"lazy\" decoding=\"async\" width=\"16\" height=\"16\" alt=\"Loading\" src=\"https:\/\/temucotelevision.cl\/web\/wp-content\/plugins\/page-views-count\/ajax-loader-2x.gif\" border=0 \/><\/p><div class=\"pvc_clear\"><\/div>\n<ul class=\"wp-block-list\">\n<li><em>El legislador, adem\u00e1s, pidi\u00f3 informaci\u00f3n sobre cu\u00e1les son las medidas adquiridas para subsanar a la brevedad la deuda de Senapred a proveedores.<\/em><\/li>\n<\/ul>\n\n\n\n<p>&nbsp;&nbsp;&nbsp;&nbsp; A 40 mil millones de pesos asciende la deuda que mantiene el Servicio Nacional de Prevenci\u00f3n y Respuesta de Desastres (Senapred), situaci\u00f3n que preocupa al parlamentario de la regi\u00f3n de Los Lagos, debido a que seg\u00fan expres\u00f3, \u201cesto puede poner en riesgo el contar con el apoyo t\u00e9cnico y profesional de quienes entregaron sus servicios durante los terribles y gigantescos incendios forestales que azotaron al pa\u00eds\u201d.<\/p>\n\n\n\n<p>&nbsp;&nbsp; Debido a dicha deuda que no se ha pagado hasta la fecha, y la reducci\u00f3n en el presupuesto de Bomberos de Chile en el Presupuesto 2024 que se sigue discutiendo en el Congreso Nacional, rebaja que se da en medio de la crisis financiera que atraviesa la instituci\u00f3n, es que el diputado Gonz\u00e1lez ofici\u00f3 a la Subsecretar\u00eda del Interior, Senapred, Ministerio de Hacienda y la Direcci\u00f3n de Presupuesto, justamente para que esta \u00faltima mantenga el presupuesto de Bomberos del a\u00f1o 2023 o lo suba, pero que en ning\u00fan caso le quiten recursos.<\/p>\n\n\n\n<p>&nbsp; Seg\u00fan consta en el documento enviado, \u201cun antecedente importante respecto de esta materia, es que la Corporaci\u00f3n Nacional Forestal, CONAF, \u201csocio estrat\u00e9gico\u201d de Bomberos, ver\u00e1 aumentado su presupuesto en un 47%, en circunstancias que Bomberos, que extingui\u00f3 m\u00e1s del 60% de los incendios forestales de la temporada 2022-2023, ver\u00e1 mermado sus ingresos por parte del Estado en 3 mil millones de pesos. No estamos diciendo que se le disminuya el presupuesto a Conaf, sino que se incremente los recursos a Bomberos de Chile\u201d.<\/p>\n\n\n\n<p>&nbsp;&nbsp; \u201cSer\u00eda una completa falta de desconexi\u00f3n con las emergencias y con la impresionante labor de nuestros voluntarios el quitarles recursos que usan para sus implementos, para salvar vidas humanas y a nuestro pa\u00eds. El Estado de Chile debe $1.300 millones a Bomberos, montos que fueron rendidos en el Plan de Reconstrucci\u00f3n y que a\u00fan no les son pagados, que a\u00fan sobre eso les quieran quitar recursos es una burla para una instituci\u00f3n tan honorable como ellos\u201d, concluy\u00f3 el parlamentario.<\/p>\n","protected":false},"excerpt":{"rendered":"<div class=\"pvc_clear\"><\/div>\n<p id=\"pvc_stats_45794\" class=\"pvc_stats total_only  \" data-element-id=\"45794\" style=\"\"><i class=\"pvc-stats-icon large\" aria-hidden=\"true\"><svg aria-hidden=\"true\" focusable=\"false\" data-prefix=\"far\" data-icon=\"chart-bar\" role=\"img\" xmlns=\"http:\/\/www.w3.org\/2000\/svg\" viewBox=\"0 0 512 512\" class=\"svg-inline--fa fa-chart-bar fa-w-16 fa-2x\"><path fill=\"currentColor\" d=\"M396.8 352h22.4c6.4 0 12.8-6.4 12.8-12.8V108.8c0-6.4-6.4-12.8-12.8-12.8h-22.4c-6.4 0-12.8 6.4-12.8 12.8v230.4c0 6.4 6.4 12.8 12.8 12.8zm-192 0h22.4c6.4 0 12.8-6.4 12.8-12.8V140.8c0-6.4-6.4-12.8-12.8-12.8h-22.4c-6.4 0-12.8 6.4-12.8 12.8v198.4c0 6.4 6.4 12.8 12.8 12.8zm96 0h22.4c6.4 0 12.8-6.4 12.8-12.8V204.8c0-6.4-6.4-12.8-12.8-12.8h-22.4c-6.4 0-12.8 6.4-12.8 12.8v134.4c0 6.4 6.4 12.8 12.8 12.8zM496 400H48V80c0-8.84-7.16-16-16-16H16C7.16 64 0 71.16 0 80v336c0 17.67 14.33 32 32 32h464c8.84 0 16-7.16 16-16v-16c0-8.84-7.16-16-16-16zm-387.2-48h22.4c6.4 0 12.8-6.4 12.8-12.8v-70.4c0-6.4-6.4-12.8-12.8-12.8h-22.4c-6.4 0-12.8 6.4-12.8 12.8v70.4c0 6.4 6.4 12.8 12.8 12.8z\" class=\"\"><\/path><\/svg><\/i> <img loading=\"lazy\" decoding=\"async\" width=\"16\" height=\"16\" alt=\"Loading\" src=\"https:\/\/temucotelevision.cl\/web\/wp-content\/plugins\/page-views-count\/ajax-loader-2x.gif\" border=0 \/><\/p>\n<div class=\"pvc_clear\"><\/div>\n<p>&nbsp;&nbsp;&nbsp;&nbsp; A 40 mil millones de pesos asciende la deuda que mantiene el Servicio Nacional de Prevenci\u00f3n y Respuesta de<\/p>\n","protected":false},"author":1,"featured_media":45795,"comment_status":"open","ping_status":"open","sticky":false,"template":"","format":"standard","meta":{"colormag_page_container_layout":"default_layout","colormag_page_sidebar_layout":"default_layout","footnotes":""},"categories":[84],"tags":[304,154,1916],"class_list":["post-45794","post","type-post","status-publish","format-standard","has-post-thumbnail","hentry","category-politica","tag-bomberos","tag-diputado","tag-presupuesto"],"a3_pvc":{"activated":true,"total_views":1054,"today_views":0},"_links":{"self":[{"href":"https:\/\/temucotelevision.cl\/web\/wp-json\/wp\/v2\/posts\/45794","targetHints":{"allow":["GET"]}}],"collection":[{"href":"https:\/\/temucotelevision.cl\/web\/wp-json\/wp\/v2\/posts"}],"about":[{"href":"https:\/\/temucotelevision.cl\/web\/wp-json\/wp\/v2\/types\/post"}],"author":[{"embeddable":true,"href":"https:\/\/temucotelevision.cl\/web\/wp-json\/wp\/v2\/users\/1"}],"replies":[{"embeddable":true,"href":"https:\/\/temucotelevision.cl\/web\/wp-json\/wp\/v2\/comments?post=45794"}],"version-history":[{"count":1,"href":"https:\/\/temucotelevision.cl\/web\/wp-json\/wp\/v2\/posts\/45794\/revisions"}],"predecessor-version":[{"id":45796,"href":"https:\/\/temucotelevision.cl\/web\/wp-json\/wp\/v2\/posts\/45794\/revisions\/45796"}],"wp:featuredmedia":[{"embeddable":true,"href":"https:\/\/temucotelevision.cl\/web\/wp-json\/wp\/v2\/media\/45795"}],"wp:attachment":[{"href":"https:\/\/temucotelevision.cl\/web\/wp-json\/wp\/v2\/media?parent=45794"}],"wp:term":[{"taxonomy":"category","embeddable":true,"href":"https:\/\/temucotelevision.cl\/web\/wp-json\/wp\/v2\/categories?post=45794"},{"taxonomy":"post_tag","embeddable":true,"href":"https:\/\/temucotelevision.cl\/web\/wp-json\/wp\/v2\/tags?post=45794"}],"curies":[{"name":"wp","href":"https:\/\/api.w.org\/{rel}","templated":true}]}}