{"id":45791,"date":"2023-10-28T15:01:01","date_gmt":"2023-10-28T18:01:01","guid":{"rendered":"https:\/\/temucotelevision.cl\/web\/?p=45791"},"modified":"2023-10-28T15:01:02","modified_gmt":"2023-10-28T18:01:02","slug":"gira-teleton-2023-tendra-show-masivo-en-temuco-con-zumbale-primo-nico-ruiz-y-alanys-lagos","status":"publish","type":"post","link":"https:\/\/temucotelevision.cl\/web\/2023\/10\/28\/gira-teleton-2023-tendra-show-masivo-en-temuco-con-zumbale-primo-nico-ruiz-y-alanys-lagos\/","title":{"rendered":"Gira Telet\u00f3n 2023 tendr\u00e1 show masivo en Temuco con Z\u00fambale Primo, Nico Ruiz y Alanys Lagos"},"content":{"rendered":"<div class=\"pvc_clear\"><\/div><p id=\"pvc_stats_45791\" class=\"pvc_stats total_only  \" data-element-id=\"45791\" style=\"\"><i class=\"pvc-stats-icon large\" aria-hidden=\"true\"><svg aria-hidden=\"true\" focusable=\"false\" data-prefix=\"far\" data-icon=\"chart-bar\" role=\"img\" xmlns=\"http:\/\/www.w3.org\/2000\/svg\" viewBox=\"0 0 512 512\" class=\"svg-inline--fa fa-chart-bar fa-w-16 fa-2x\"><path fill=\"currentColor\" d=\"M396.8 352h22.4c6.4 0 12.8-6.4 12.8-12.8V108.8c0-6.4-6.4-12.8-12.8-12.8h-22.4c-6.4 0-12.8 6.4-12.8 12.8v230.4c0 6.4 6.4 12.8 12.8 12.8zm-192 0h22.4c6.4 0 12.8-6.4 12.8-12.8V140.8c0-6.4-6.4-12.8-12.8-12.8h-22.4c-6.4 0-12.8 6.4-12.8 12.8v198.4c0 6.4 6.4 12.8 12.8 12.8zm96 0h22.4c6.4 0 12.8-6.4 12.8-12.8V204.8c0-6.4-6.4-12.8-12.8-12.8h-22.4c-6.4 0-12.8 6.4-12.8 12.8v134.4c0 6.4 6.4 12.8 12.8 12.8zM496 400H48V80c0-8.84-7.16-16-16-16H16C7.16 64 0 71.16 0 80v336c0 17.67 14.33 32 32 32h464c8.84 0 16-7.16 16-16v-16c0-8.84-7.16-16-16-16zm-387.2-48h22.4c6.4 0 12.8-6.4 12.8-12.8v-70.4c0-6.4-6.4-12.8-12.8-12.8h-22.4c-6.4 0-12.8 6.4-12.8 12.8v70.4c0 6.4 6.4 12.8 12.8 12.8z\" class=\"\"><\/path><\/svg><\/i> <img loading=\"lazy\" decoding=\"async\" width=\"16\" height=\"16\" alt=\"Loading\" src=\"https:\/\/temucotelevision.cl\/web\/wp-content\/plugins\/page-views-count\/ajax-loader-2x.gif\" border=0 \/><\/p><div class=\"pvc_clear\"><\/div>\n<ul class=\"wp-block-list\">\n<li>El evento se realizar\u00e1 el mi\u00e9rcoles 1 de noviembre de 18 a 20 horas en la Plaza de Armas de la capital regional, mientras que el jueves 2 de noviembre se realizar\u00e1 un show de 11 a 12 horas en la comuna de Pitrufqu\u00e9n. Desde el 23 de octubre al 4 de noviembre, una comitiva de artistas recorrer\u00e1 el pa\u00eds para motivar a las comunidades a ser parte de la campa\u00f1a anual de recaudaci\u00f3n, que tendr\u00e1 su evento el 10 y 11 de noviembre.<\/li>\n<\/ul>\n\n\n\n<hr class=\"wp-block-separator has-alpha-channel-opacity\"\/>\n\n\n\n<p>Se acerca la Telet\u00f3n, que este a\u00f1o ser\u00e1 el <strong>10 y 11 de noviembre<\/strong>,y, con ella, uno de sus eventos m\u00e1s esperados en las regiones: la Gira Telet\u00f3n. Durante dos semanas una gran caravana de artistas y rostros embajadores de la cruzada solidaria visitar\u00e1 12 de las ciudades donde Telet\u00f3n tiene institutos de rehabilitaci\u00f3n para invitar a las comunidades regionales a que se unan en apoyo de la campa\u00f1a 2023.<\/p>\n\n\n\n<p>A diferencia de los dos a\u00f1os anteriores, en que estos shows se realizaron en los institutos y con aforos limitados, este a\u00f1o el escenario de la Gira Telet\u00f3n se trasladar\u00e1 a puntos neur\u00e1lgicos de las ciudades.<\/p>\n\n\n\n<p><strong>La Gira Telet\u00f3n se realizar\u00e1 entre el 23 de octubre y el 4 de noviembre, <\/strong>y con la participaci\u00f3n de animadores, animadoras, cantantes, bandas y artistas para diferentes p\u00fablicos, show que servir\u00e1 como marco para invitar a todas las personas a conocer lo que Telet\u00f3n hace en los institutos del pa\u00eds gracias a los generosos aportes que a\u00f1o a a\u00f1o las personas realizan en la campa\u00f1a.<\/p>\n\n\n\n<p>Tras su paso por el norte de Chile y las regiones del Maule y Biob\u00edo, <strong>la comitiva llegar\u00e1 a Temuco el 1 de noviembre, donde se realizar\u00e1 un show para todo p\u00fablico entre las 18 y las 20 hora<\/strong>s en la Plaza de Armas.<\/p>\n\n\n\n<p>Entre los artistas que estar\u00e1n participando en la Gira Telet\u00f3n en la ciudad de <strong>Temuco <\/strong>se encuentran <strong>Z\u00fambale Primo<\/strong> (banda de cumbia ranchera que se present\u00f3 en el festival del Huaso de Olmu\u00e9), <strong>Alanys Lagos <\/strong>(una de las artistas revelaci\u00f3n de la m\u00fasica ranchera en Chile), <strong>Nico Ruiz<\/strong> (Ex The Voice Chile) y la banda infantil Espantap\u00e1jaros.<\/p>\n\n\n\n<p>Adem\u00e1s de estos espect\u00e1culos principales en 12 ciudades, la gira realizar\u00e1 seis detenciones intermedias en comunas en las cuales sus organizaciones sociales, a\u00f1o a a\u00f1o, realizan activaciones por la campa\u00f1a Telet\u00f3n.<\/p>\n\n\n\n<p>Una de ellas es Pitrufquen, donde este jueves 2 de noviembre se realizar\u00e1 un show de 11 a 12 horas y donde participar\u00e1n Z\u00fambale Primo, Alanys Lagos, Nico Ruiz y la banda de cumbia Amerikan Sound.<\/p>\n\n\n\n<p>El detalle del itinerario de la Gira Telet\u00f3n por ciudad y localidad del pa\u00eds es el siguiente:<\/p>\n\n\n\n<p><strong>Gira Norte<\/strong><\/p>\n\n\n\n<ul class=\"wp-block-list\">\n<li>Arica: Lunes 23 octubre. Plaza de Armas (Morro)<\/li>\n\n\n\n<li>Iquique: Martes 24 octubre. Estacionamiento U. Arturo Prat<\/li>\n\n\n\n<li>Calama: Mi\u00e9rcoles 25 octubre. Finca San Juan<\/li>\n\n\n\n<li>Antofagasta: Jueves 26 de octubre. Estacionamiento Estadio Regional<\/li>\n\n\n\n<li>Copiap\u00f3: Viernes 27 octubre. Plaza de Armas<\/li>\n\n\n\n<li>Coquimbo: S\u00e1bado 28 octubre. Estacionamiento Mall Plaza La Serena<\/li>\n<\/ul>\n\n\n\n<p><strong>Gira Sur<\/strong><\/p>\n\n\n\n<ul class=\"wp-block-list\">\n<li>Talca: Lunes 30 octubre. Plaza de Armas<\/li>\n\n\n\n<li>Concepci\u00f3n: Martes 31 octubre. Plaza de Armas<\/li>\n\n\n\n<li>Temuco: Mi\u00e9rcoles 01 noviembre. Plaza de Armas<\/li>\n\n\n\n<li>Valdivia: Jueves 02 noviembre. P\u00e9ndulo de Foucault, Costanera<\/li>\n\n\n\n<li>Puerto Montt: Viernes 03 noviembre. Plaza de Armas<\/li>\n\n\n\n<li>Coyhaique: S\u00e1bado 04 noviembre. Gimnasio Regional<\/li>\n<\/ul>\n\n\n\n<p>Todos los shows comenzar\u00e1n a las 18 horas y se extender\u00e1n hasta las 20 horas.<\/p>\n\n\n\n<p><strong>Detenciones en comunas<\/strong><\/p>\n\n\n\n<p>En estas comunas se realizar\u00e1 un show art\u00edstico en horario de 11 a 12 horas. Este es el detalle:<\/p>\n\n\n\n<ul class=\"wp-block-list\">\n<li>Alto Hospicio: Martes 24 octubre. Plaza de Armas.<\/li>\n\n\n\n<li>Pichidegua: Lunes 30 octubre. Frontis de la Municipalidad.<\/li>\n\n\n\n<li>San Javier: Martes 31 octubre. Frontis Teatro Municipal.<\/li>\n\n\n\n<li>Mulch\u00e9n: Mi\u00e9rcoles 01 noviembre. Por confirmar.<\/li>\n\n\n\n<li>Pitrufquen: Jueves 02 noviembre. Por confirmar.<\/li>\n\n\n\n<li>La Uni\u00f3n: Viernes 03 noviembre. Plaza de Armas.<\/li>\n<\/ul>\n","protected":false},"excerpt":{"rendered":"<div class=\"pvc_clear\"><\/div>\n<p id=\"pvc_stats_45791\" class=\"pvc_stats total_only  \" data-element-id=\"45791\" style=\"\"><i class=\"pvc-stats-icon large\" aria-hidden=\"true\"><svg aria-hidden=\"true\" focusable=\"false\" data-prefix=\"far\" data-icon=\"chart-bar\" role=\"img\" xmlns=\"http:\/\/www.w3.org\/2000\/svg\" viewBox=\"0 0 512 512\" class=\"svg-inline--fa fa-chart-bar fa-w-16 fa-2x\"><path fill=\"currentColor\" d=\"M396.8 352h22.4c6.4 0 12.8-6.4 12.8-12.8V108.8c0-6.4-6.4-12.8-12.8-12.8h-22.4c-6.4 0-12.8 6.4-12.8 12.8v230.4c0 6.4 6.4 12.8 12.8 12.8zm-192 0h22.4c6.4 0 12.8-6.4 12.8-12.8V140.8c0-6.4-6.4-12.8-12.8-12.8h-22.4c-6.4 0-12.8 6.4-12.8 12.8v198.4c0 6.4 6.4 12.8 12.8 12.8zm96 0h22.4c6.4 0 12.8-6.4 12.8-12.8V204.8c0-6.4-6.4-12.8-12.8-12.8h-22.4c-6.4 0-12.8 6.4-12.8 12.8v134.4c0 6.4 6.4 12.8 12.8 12.8zM496 400H48V80c0-8.84-7.16-16-16-16H16C7.16 64 0 71.16 0 80v336c0 17.67 14.33 32 32 32h464c8.84 0 16-7.16 16-16v-16c0-8.84-7.16-16-16-16zm-387.2-48h22.4c6.4 0 12.8-6.4 12.8-12.8v-70.4c0-6.4-6.4-12.8-12.8-12.8h-22.4c-6.4 0-12.8 6.4-12.8 12.8v70.4c0 6.4 6.4 12.8 12.8 12.8z\" class=\"\"><\/path><\/svg><\/i> <img loading=\"lazy\" decoding=\"async\" width=\"16\" height=\"16\" alt=\"Loading\" src=\"https:\/\/temucotelevision.cl\/web\/wp-content\/plugins\/page-views-count\/ajax-loader-2x.gif\" border=0 \/><\/p>\n<div class=\"pvc_clear\"><\/div>\n<p>Se acerca la Telet\u00f3n, que este a\u00f1o ser\u00e1 el 10 y 11 de noviembre,y, con ella, uno de sus eventos<\/p>\n","protected":false},"author":1,"featured_media":45792,"comment_status":"open","ping_status":"open","sticky":false,"template":"","format":"standard","meta":{"colormag_page_container_layout":"default_layout","colormag_page_sidebar_layout":"default_layout","footnotes":""},"categories":[14],"tags":[581,616,1989],"class_list":["post-45791","post","type-post","status-publish","format-standard","has-post-thumbnail","hentry","category-temuco","tag-gira","tag-show","tag-teleton"],"a3_pvc":{"activated":true,"total_views":8261,"today_views":0},"_links":{"self":[{"href":"https:\/\/temucotelevision.cl\/web\/wp-json\/wp\/v2\/posts\/45791","targetHints":{"allow":["GET"]}}],"collection":[{"href":"https:\/\/temucotelevision.cl\/web\/wp-json\/wp\/v2\/posts"}],"about":[{"href":"https:\/\/temucotelevision.cl\/web\/wp-json\/wp\/v2\/types\/post"}],"author":[{"embeddable":true,"href":"https:\/\/temucotelevision.cl\/web\/wp-json\/wp\/v2\/users\/1"}],"replies":[{"embeddable":true,"href":"https:\/\/temucotelevision.cl\/web\/wp-json\/wp\/v2\/comments?post=45791"}],"version-history":[{"count":1,"href":"https:\/\/temucotelevision.cl\/web\/wp-json\/wp\/v2\/posts\/45791\/revisions"}],"predecessor-version":[{"id":45793,"href":"https:\/\/temucotelevision.cl\/web\/wp-json\/wp\/v2\/posts\/45791\/revisions\/45793"}],"wp:featuredmedia":[{"embeddable":true,"href":"https:\/\/temucotelevision.cl\/web\/wp-json\/wp\/v2\/media\/45792"}],"wp:attachment":[{"href":"https:\/\/temucotelevision.cl\/web\/wp-json\/wp\/v2\/media?parent=45791"}],"wp:term":[{"taxonomy":"category","embeddable":true,"href":"https:\/\/temucotelevision.cl\/web\/wp-json\/wp\/v2\/categories?post=45791"},{"taxonomy":"post_tag","embeddable":true,"href":"https:\/\/temucotelevision.cl\/web\/wp-json\/wp\/v2\/tags?post=45791"}],"curies":[{"name":"wp","href":"https:\/\/api.w.org\/{rel}","templated":true}]}}