{"id":4578,"date":"2019-07-02T09:23:57","date_gmt":"2019-07-02T12:23:57","guid":{"rendered":"https:\/\/temucotelevision.cl\/web\/?p=4578"},"modified":"2019-07-02T09:23:57","modified_gmt":"2019-07-02T12:23:57","slug":"atencion-pucon-mas-de-50-servicios-publicos-se-desplegaran-este-miercoles","status":"publish","type":"post","link":"https:\/\/temucotelevision.cl\/web\/2019\/07\/02\/atencion-pucon-mas-de-50-servicios-publicos-se-desplegaran-este-miercoles\/","title":{"rendered":"Atenci\u00f3n Puc\u00f3n: M\u00e1s de 50 servicios p\u00fablicos se desplegar\u00e1n este mi\u00e9rcoles"},"content":{"rendered":"<div class=\"pvc_clear\"><\/div>\n<p id=\"pvc_stats_4578\" class=\"pvc_stats total_only  \" data-element-id=\"4578\" style=\"\"><i class=\"pvc-stats-icon large\" aria-hidden=\"true\"><svg aria-hidden=\"true\" focusable=\"false\" data-prefix=\"far\" data-icon=\"chart-bar\" role=\"img\" xmlns=\"http:\/\/www.w3.org\/2000\/svg\" viewBox=\"0 0 512 512\" class=\"svg-inline--fa fa-chart-bar fa-w-16 fa-2x\"><path fill=\"currentColor\" d=\"M396.8 352h22.4c6.4 0 12.8-6.4 12.8-12.8V108.8c0-6.4-6.4-12.8-12.8-12.8h-22.4c-6.4 0-12.8 6.4-12.8 12.8v230.4c0 6.4 6.4 12.8 12.8 12.8zm-192 0h22.4c6.4 0 12.8-6.4 12.8-12.8V140.8c0-6.4-6.4-12.8-12.8-12.8h-22.4c-6.4 0-12.8 6.4-12.8 12.8v198.4c0 6.4 6.4 12.8 12.8 12.8zm96 0h22.4c6.4 0 12.8-6.4 12.8-12.8V204.8c0-6.4-6.4-12.8-12.8-12.8h-22.4c-6.4 0-12.8 6.4-12.8 12.8v134.4c0 6.4 6.4 12.8 12.8 12.8zM496 400H48V80c0-8.84-7.16-16-16-16H16C7.16 64 0 71.16 0 80v336c0 17.67 14.33 32 32 32h464c8.84 0 16-7.16 16-16v-16c0-8.84-7.16-16-16-16zm-387.2-48h22.4c6.4 0 12.8-6.4 12.8-12.8v-70.4c0-6.4-6.4-12.8-12.8-12.8h-22.4c-6.4 0-12.8 6.4-12.8 12.8v70.4c0 6.4 6.4 12.8 12.8 12.8z\" class=\"\"><\/path><\/svg><\/i> <img loading=\"lazy\" decoding=\"async\" width=\"16\" height=\"16\" alt=\"Loading\" src=\"https:\/\/temucotelevision.cl\/web\/wp-content\/plugins\/page-views-count\/ajax-loader-2x.gif\" border=0 \/><\/p>\n<div class=\"pvc_clear\"><\/div>\n<p style=\"text-align: justify;\">Este mi\u00e9rcoles 03 de julio de 10 a 14 horas, se desarrollar\u00e1 un nuevo Gobierno en Terreno en la Escuela Particular Ram\u00f3n Gui\u00f1ez, ubicada en calle Colo-Colo 847.<\/p>\n<p>La Gobernaci\u00f3n de Caut\u00edn en colaboraci\u00f3n con la Municipalidad de Puc\u00f3n realizar\u00e1n una nueva versi\u00f3n del programa Gobierno en Terreno. Esta iniciativa est\u00e1 focalizada en acercar la oferta program\u00e1tica de los servicios p\u00fablicos a la comunidad en el territorio provincial, debido a que muchas personas, por diversas razones, no pueden trasladarse hasta la capital regional para conocer los beneficios del Estado en diferentes materias.<\/p>\n<p style=\"text-align: justify;\">La autoridad provincial, Mauricio Ojeda invit\u00f3 a todas las familias, vecinos y vecinas de las localidades aleda\u00f1as a participar de esta plaza ciudadana que contar\u00e1 con m\u00e1s de 50 servicios p\u00fablicos. Entre ellos, la Corporaci\u00f3n de Asistencia Judicial, Bienes Nacionales, Indap, Conadi, Instituto de Previsi\u00f3n Social y otros servicios.<\/p>\n<p style=\"text-align: justify;\">El gobernador Mauricio Ojeda indic\u00f3 \u201cvamos a llevar m\u00e1s de 50 servicios p\u00fablicos hasta Puc\u00f3n. La idea es poder facilitarles la vida, sobre todo, a aquellas familias que viven m\u00e1s alejadas para que puedan realizar tr\u00e1mites y resolver todas sus consultas\u201d.<\/p>\n<p style=\"text-align: justify;\">La autoridad provincial concluy\u00f3 \u201ces lo que ha pedido el Presidente Sebasti\u00e1n Pi\u00f1era, que los servicios se trasladen hasta las localidades y poder llegar a todos los rincones de la regi\u00f3n. La idea es acercar nuestros servicios p\u00fablicos para que los vecinos no tengan que viajar, evitarse el costo del pasaje, el tiempo de traslado y poder trabajar en terreno\u201d.<\/p>\n","protected":false},"excerpt":{"rendered":"<div class=\"pvc_clear\"><\/div>\n<p id=\"pvc_stats_4578\" class=\"pvc_stats total_only  \" data-element-id=\"4578\" style=\"\"><i class=\"pvc-stats-icon large\" aria-hidden=\"true\"><svg aria-hidden=\"true\" focusable=\"false\" data-prefix=\"far\" data-icon=\"chart-bar\" role=\"img\" xmlns=\"http:\/\/www.w3.org\/2000\/svg\" viewBox=\"0 0 512 512\" class=\"svg-inline--fa fa-chart-bar fa-w-16 fa-2x\"><path fill=\"currentColor\" d=\"M396.8 352h22.4c6.4 0 12.8-6.4 12.8-12.8V108.8c0-6.4-6.4-12.8-12.8-12.8h-22.4c-6.4 0-12.8 6.4-12.8 12.8v230.4c0 6.4 6.4 12.8 12.8 12.8zm-192 0h22.4c6.4 0 12.8-6.4 12.8-12.8V140.8c0-6.4-6.4-12.8-12.8-12.8h-22.4c-6.4 0-12.8 6.4-12.8 12.8v198.4c0 6.4 6.4 12.8 12.8 12.8zm96 0h22.4c6.4 0 12.8-6.4 12.8-12.8V204.8c0-6.4-6.4-12.8-12.8-12.8h-22.4c-6.4 0-12.8 6.4-12.8 12.8v134.4c0 6.4 6.4 12.8 12.8 12.8zM496 400H48V80c0-8.84-7.16-16-16-16H16C7.16 64 0 71.16 0 80v336c0 17.67 14.33 32 32 32h464c8.84 0 16-7.16 16-16v-16c0-8.84-7.16-16-16-16zm-387.2-48h22.4c6.4 0 12.8-6.4 12.8-12.8v-70.4c0-6.4-6.4-12.8-12.8-12.8h-22.4c-6.4 0-12.8 6.4-12.8 12.8v70.4c0 6.4 6.4 12.8 12.8 12.8z\" class=\"\"><\/path><\/svg><\/i> <img loading=\"lazy\" decoding=\"async\" width=\"16\" height=\"16\" alt=\"Loading\" src=\"https:\/\/temucotelevision.cl\/web\/wp-content\/plugins\/page-views-count\/ajax-loader-2x.gif\" border=0 \/><\/p>\n<div class=\"pvc_clear\"><\/div>\n<p>Este mi\u00e9rcoles 03 de julio de 10 a 14 horas, se desarrollar\u00e1 un nuevo Gobierno en Terreno en la Escuela<\/p>\n","protected":false},"author":1,"featured_media":4579,"comment_status":"open","ping_status":"open","sticky":false,"template":"","format":"standard","meta":{"colormag_page_container_layout":"default_layout","colormag_page_sidebar_layout":"default_layout","footnotes":""},"categories":[15],"tags":[146,1061,920],"class_list":["post-4578","post","type-post","status-publish","format-standard","has-post-thumbnail","hentry","category-la-araucania","tag-comuna","tag-publico","tag-servicios"],"a3_pvc":{"activated":true,"total_views":14,"today_views":0},"_links":{"self":[{"href":"https:\/\/temucotelevision.cl\/web\/wp-json\/wp\/v2\/posts\/4578","targetHints":{"allow":["GET"]}}],"collection":[{"href":"https:\/\/temucotelevision.cl\/web\/wp-json\/wp\/v2\/posts"}],"about":[{"href":"https:\/\/temucotelevision.cl\/web\/wp-json\/wp\/v2\/types\/post"}],"author":[{"embeddable":true,"href":"https:\/\/temucotelevision.cl\/web\/wp-json\/wp\/v2\/users\/1"}],"replies":[{"embeddable":true,"href":"https:\/\/temucotelevision.cl\/web\/wp-json\/wp\/v2\/comments?post=4578"}],"version-history":[{"count":1,"href":"https:\/\/temucotelevision.cl\/web\/wp-json\/wp\/v2\/posts\/4578\/revisions"}],"predecessor-version":[{"id":4580,"href":"https:\/\/temucotelevision.cl\/web\/wp-json\/wp\/v2\/posts\/4578\/revisions\/4580"}],"wp:featuredmedia":[{"embeddable":true,"href":"https:\/\/temucotelevision.cl\/web\/wp-json\/wp\/v2\/media\/4579"}],"wp:attachment":[{"href":"https:\/\/temucotelevision.cl\/web\/wp-json\/wp\/v2\/media?parent=4578"}],"wp:term":[{"taxonomy":"category","embeddable":true,"href":"https:\/\/temucotelevision.cl\/web\/wp-json\/wp\/v2\/categories?post=4578"},{"taxonomy":"post_tag","embeddable":true,"href":"https:\/\/temucotelevision.cl\/web\/wp-json\/wp\/v2\/tags?post=4578"}],"curies":[{"name":"wp","href":"https:\/\/api.w.org\/{rel}","templated":true}]}}