{"id":45753,"date":"2023-10-27T19:40:19","date_gmt":"2023-10-27T22:40:19","guid":{"rendered":"https:\/\/temucotelevision.cl\/web\/?p=45753"},"modified":"2023-10-27T19:40:20","modified_gmt":"2023-10-27T22:40:20","slug":"diputadas-del-partido-social-cristiano-piden-retomar-mesa-de-conversaciones-por-reforma-de-pensiones","status":"publish","type":"post","link":"https:\/\/temucotelevision.cl\/web\/2023\/10\/27\/diputadas-del-partido-social-cristiano-piden-retomar-mesa-de-conversaciones-por-reforma-de-pensiones\/","title":{"rendered":"Diputadas del Partido Social Cristiano piden retomar mesa de conversaciones por reforma de Pensiones"},"content":{"rendered":"<div class=\"pvc_clear\"><\/div><p id=\"pvc_stats_45753\" class=\"pvc_stats total_only  \" data-element-id=\"45753\" style=\"\"><i class=\"pvc-stats-icon large\" aria-hidden=\"true\"><svg aria-hidden=\"true\" focusable=\"false\" data-prefix=\"far\" data-icon=\"chart-bar\" role=\"img\" xmlns=\"http:\/\/www.w3.org\/2000\/svg\" viewBox=\"0 0 512 512\" class=\"svg-inline--fa fa-chart-bar fa-w-16 fa-2x\"><path fill=\"currentColor\" d=\"M396.8 352h22.4c6.4 0 12.8-6.4 12.8-12.8V108.8c0-6.4-6.4-12.8-12.8-12.8h-22.4c-6.4 0-12.8 6.4-12.8 12.8v230.4c0 6.4 6.4 12.8 12.8 12.8zm-192 0h22.4c6.4 0 12.8-6.4 12.8-12.8V140.8c0-6.4-6.4-12.8-12.8-12.8h-22.4c-6.4 0-12.8 6.4-12.8 12.8v198.4c0 6.4 6.4 12.8 12.8 12.8zm96 0h22.4c6.4 0 12.8-6.4 12.8-12.8V204.8c0-6.4-6.4-12.8-12.8-12.8h-22.4c-6.4 0-12.8 6.4-12.8 12.8v134.4c0 6.4 6.4 12.8 12.8 12.8zM496 400H48V80c0-8.84-7.16-16-16-16H16C7.16 64 0 71.16 0 80v336c0 17.67 14.33 32 32 32h464c8.84 0 16-7.16 16-16v-16c0-8.84-7.16-16-16-16zm-387.2-48h22.4c6.4 0 12.8-6.4 12.8-12.8v-70.4c0-6.4-6.4-12.8-12.8-12.8h-22.4c-6.4 0-12.8 6.4-12.8 12.8v70.4c0 6.4 6.4 12.8 12.8 12.8z\" class=\"\"><\/path><\/svg><\/i> <img loading=\"lazy\" decoding=\"async\" width=\"16\" height=\"16\" alt=\"Loading\" src=\"https:\/\/temucotelevision.cl\/web\/wp-content\/plugins\/page-views-count\/ajax-loader-2x.gif\" border=0 \/><\/p><div class=\"pvc_clear\"><\/div>\n<p><em>Para las parlamentarias del PSC el Gobierno debe cautelar que exista di\u00e1logo y acuerdo para que el proyecto logre ser aprobado.<\/em><\/p>\n\n\n\n<p>Las diputadas del Partidos Social Cristiano, Sara Concha y Francesca Mu\u00f1oz, emplazaron al Gobierno retomar las conversaciones por la reforma de Pensiones, tras la ambig\u00fcedad que han mostrado en el oficialismo, primero al esperar el resultado del Plebiscito de diciembre, y luego anunciando que buscan llegar a acuerdos.<\/p>\n\n\n\n<p>A juicio de la diputada Francesca Mu\u00f1oz, \u201cel Ejecutivo deber\u00eda retomar la mesa de negociaciones y hacer mayores esfuerzos para llegar a un preacuerdo en la discusi\u00f3n del proyecto, porque solo de esta forma se puede llegar a un buen proceso legislativo para mejorar las pensiones de todos los chilenos\u201d.<\/p>\n\n\n\n<p>\u201cCreemos fundamental establecer un di\u00e1logo constante y abierto con el Gobierno, porque es la \u00fanica forma de poder llevar adelante una reforma que necesita ver la luz en el m\u00e1s corto plazo\u201d, argument\u00f3 Mu\u00f1oz.<\/p>\n\n\n\n<p>Por su parte, la diputada Sara Concha sostuvo que \u201cclaramente si la PGU se separa de la reforma de pensiones la vamos a apoyar, porque \u00b4lamentablemente\u00b4 el panorama hoy no es el m\u00e1s favorable\u201d.<\/p>\n\n\n\n<p>\u201cDesde el PSC hemos estado en las mesas de conversaci\u00f3n y hemos intentado llegar a consensos para que se avance de manera beneficiosa para las personas que reciban pensiones se les permita tener una mejor vejez y compensar toda una vida de trabajo\u201d, a\u00f1adi\u00f3 Concha.<\/p>\n\n\n\n<p>En la misma l\u00ednea, agreg\u00f3 que \u201cclaramente podr\u00eda estar dispuesta apoyar una reforma en la medida que el Gobierno pueda ceder en su propuesta, alcanzar consensos y tener un fondo individual para aquellas personas que cotizan&#8221;.<\/p>\n\n\n\n<p>Para finalizar, las diputadas Francesca Mu\u00f1oz y Sara Concha reiteraron su apoyo a la Pensi\u00f3n Garantizada Universal (PGU) si es que \u00e9sta se vota en forma separada de las reforma de pensiones, \u201clos pensionados del pa\u00eds deben contar una jubilaci\u00f3n m\u00e1s abultada de la hoy reciben\u201d.<\/p>\n","protected":false},"excerpt":{"rendered":"<div class=\"pvc_clear\"><\/div>\n<p id=\"pvc_stats_45753\" class=\"pvc_stats total_only  \" data-element-id=\"45753\" style=\"\"><i class=\"pvc-stats-icon large\" aria-hidden=\"true\"><svg aria-hidden=\"true\" focusable=\"false\" data-prefix=\"far\" data-icon=\"chart-bar\" role=\"img\" xmlns=\"http:\/\/www.w3.org\/2000\/svg\" viewBox=\"0 0 512 512\" class=\"svg-inline--fa fa-chart-bar fa-w-16 fa-2x\"><path fill=\"currentColor\" d=\"M396.8 352h22.4c6.4 0 12.8-6.4 12.8-12.8V108.8c0-6.4-6.4-12.8-12.8-12.8h-22.4c-6.4 0-12.8 6.4-12.8 12.8v230.4c0 6.4 6.4 12.8 12.8 12.8zm-192 0h22.4c6.4 0 12.8-6.4 12.8-12.8V140.8c0-6.4-6.4-12.8-12.8-12.8h-22.4c-6.4 0-12.8 6.4-12.8 12.8v198.4c0 6.4 6.4 12.8 12.8 12.8zm96 0h22.4c6.4 0 12.8-6.4 12.8-12.8V204.8c0-6.4-6.4-12.8-12.8-12.8h-22.4c-6.4 0-12.8 6.4-12.8 12.8v134.4c0 6.4 6.4 12.8 12.8 12.8zM496 400H48V80c0-8.84-7.16-16-16-16H16C7.16 64 0 71.16 0 80v336c0 17.67 14.33 32 32 32h464c8.84 0 16-7.16 16-16v-16c0-8.84-7.16-16-16-16zm-387.2-48h22.4c6.4 0 12.8-6.4 12.8-12.8v-70.4c0-6.4-6.4-12.8-12.8-12.8h-22.4c-6.4 0-12.8 6.4-12.8 12.8v70.4c0 6.4 6.4 12.8 12.8 12.8z\" class=\"\"><\/path><\/svg><\/i> <img loading=\"lazy\" decoding=\"async\" width=\"16\" height=\"16\" alt=\"Loading\" src=\"https:\/\/temucotelevision.cl\/web\/wp-content\/plugins\/page-views-count\/ajax-loader-2x.gif\" border=0 \/><\/p>\n<div class=\"pvc_clear\"><\/div>\n<p>Para las parlamentarias del PSC el Gobierno debe cautelar que exista di\u00e1logo y acuerdo para que el proyecto logre ser<\/p>\n","protected":false},"author":1,"featured_media":45754,"comment_status":"open","ping_status":"open","sticky":false,"template":"","format":"standard","meta":{"colormag_page_container_layout":"default_layout","colormag_page_sidebar_layout":"default_layout","footnotes":""},"categories":[84],"tags":[788,6522],"class_list":["post-45753","post","type-post","status-publish","format-standard","has-post-thumbnail","hentry","category-politica","tag-diputada","tag-psc"],"a3_pvc":{"activated":true,"total_views":857,"today_views":0},"_links":{"self":[{"href":"https:\/\/temucotelevision.cl\/web\/wp-json\/wp\/v2\/posts\/45753","targetHints":{"allow":["GET"]}}],"collection":[{"href":"https:\/\/temucotelevision.cl\/web\/wp-json\/wp\/v2\/posts"}],"about":[{"href":"https:\/\/temucotelevision.cl\/web\/wp-json\/wp\/v2\/types\/post"}],"author":[{"embeddable":true,"href":"https:\/\/temucotelevision.cl\/web\/wp-json\/wp\/v2\/users\/1"}],"replies":[{"embeddable":true,"href":"https:\/\/temucotelevision.cl\/web\/wp-json\/wp\/v2\/comments?post=45753"}],"version-history":[{"count":1,"href":"https:\/\/temucotelevision.cl\/web\/wp-json\/wp\/v2\/posts\/45753\/revisions"}],"predecessor-version":[{"id":45755,"href":"https:\/\/temucotelevision.cl\/web\/wp-json\/wp\/v2\/posts\/45753\/revisions\/45755"}],"wp:featuredmedia":[{"embeddable":true,"href":"https:\/\/temucotelevision.cl\/web\/wp-json\/wp\/v2\/media\/45754"}],"wp:attachment":[{"href":"https:\/\/temucotelevision.cl\/web\/wp-json\/wp\/v2\/media?parent=45753"}],"wp:term":[{"taxonomy":"category","embeddable":true,"href":"https:\/\/temucotelevision.cl\/web\/wp-json\/wp\/v2\/categories?post=45753"},{"taxonomy":"post_tag","embeddable":true,"href":"https:\/\/temucotelevision.cl\/web\/wp-json\/wp\/v2\/tags?post=45753"}],"curies":[{"name":"wp","href":"https:\/\/api.w.org\/{rel}","templated":true}]}}