{"id":45750,"date":"2023-10-27T19:33:17","date_gmt":"2023-10-27T22:33:17","guid":{"rendered":"https:\/\/temucotelevision.cl\/web\/?p=45750"},"modified":"2023-10-27T19:33:18","modified_gmt":"2023-10-27T22:33:18","slug":"delegacion-regional-de-estudiantes-asistio-a-los-juegos-panamericanos-2023","status":"publish","type":"post","link":"https:\/\/temucotelevision.cl\/web\/2023\/10\/27\/delegacion-regional-de-estudiantes-asistio-a-los-juegos-panamericanos-2023\/","title":{"rendered":"Delegaci\u00f3n regional de estudiantes asisti\u00f3 a los Juegos Panamericanos 2023\u00a0"},"content":{"rendered":"<div class=\"pvc_clear\"><\/div><p id=\"pvc_stats_45750\" class=\"pvc_stats total_only  \" data-element-id=\"45750\" style=\"\"><i class=\"pvc-stats-icon large\" aria-hidden=\"true\"><svg aria-hidden=\"true\" focusable=\"false\" data-prefix=\"far\" data-icon=\"chart-bar\" role=\"img\" xmlns=\"http:\/\/www.w3.org\/2000\/svg\" viewBox=\"0 0 512 512\" class=\"svg-inline--fa fa-chart-bar fa-w-16 fa-2x\"><path fill=\"currentColor\" d=\"M396.8 352h22.4c6.4 0 12.8-6.4 12.8-12.8V108.8c0-6.4-6.4-12.8-12.8-12.8h-22.4c-6.4 0-12.8 6.4-12.8 12.8v230.4c0 6.4 6.4 12.8 12.8 12.8zm-192 0h22.4c6.4 0 12.8-6.4 12.8-12.8V140.8c0-6.4-6.4-12.8-12.8-12.8h-22.4c-6.4 0-12.8 6.4-12.8 12.8v198.4c0 6.4 6.4 12.8 12.8 12.8zm96 0h22.4c6.4 0 12.8-6.4 12.8-12.8V204.8c0-6.4-6.4-12.8-12.8-12.8h-22.4c-6.4 0-12.8 6.4-12.8 12.8v134.4c0 6.4 6.4 12.8 12.8 12.8zM496 400H48V80c0-8.84-7.16-16-16-16H16C7.16 64 0 71.16 0 80v336c0 17.67 14.33 32 32 32h464c8.84 0 16-7.16 16-16v-16c0-8.84-7.16-16-16-16zm-387.2-48h22.4c6.4 0 12.8-6.4 12.8-12.8v-70.4c0-6.4-6.4-12.8-12.8-12.8h-22.4c-6.4 0-12.8 6.4-12.8 12.8v70.4c0 6.4 6.4 12.8 12.8 12.8z\" class=\"\"><\/path><\/svg><\/i> <img loading=\"lazy\" decoding=\"async\" width=\"16\" height=\"16\" alt=\"Loading\" src=\"https:\/\/temucotelevision.cl\/web\/wp-content\/plugins\/page-views-count\/ajax-loader-2x.gif\" border=0 \/><\/p><div class=\"pvc_clear\"><\/div>\n<p>Estudiantes provienen de establecimientos p\u00fablicos de Freire, Galvarino y Victoria&nbsp;<\/p>\n\n\n\n<p>\u00a0Como una experiencia inolvidable y muy enriquecedora calificaron los cerca de 30 integrantes de la delegaci\u00f3n Araucan\u00eda que llegaron a la sede Santiago a participar del desarrollo de los Juegos Panamericanos 2023.\u00a0<\/p>\n\n\n\n<p>La iniciativa financiada por el Ministerio de Educaci\u00f3n en alianza con el Ministerio del Deporte, permiti\u00f3 que estudiantes de ense\u00f1anza b\u00e1sica (5\u00b0 a 7\u00b0) y media, pudieran ser parte durante 3 jornadas de las competencias que se realizan en los diferentes recintos deportivos dispuestos como sede del mega evento deportivo que se desarrolla en Chile durante el mes de octubre y noviembre, en la categor\u00eda parapanamericana.&nbsp;<\/p>\n\n\n\n<p>As\u00ed la seremi de Educaci\u00f3n , Marcela Castro destac\u00f3&nbsp;<em>\u201cesta salida pedag\u00f3gica permiti\u00f3 a 19 estudiantes y 6 docentes, vivir una experiencia extraula que es parte de las acciones que promueve el Plan de Reactivaci\u00f3n Educativa, y que conf\u00edo se vean reflejadas en el fomento de actividades deportivas al interior de los establecimientos\u201d.<\/em><\/p>\n\n\n\n<p>Cabe precisar que los establecimientos p\u00fablicos que participaron del viaje son: el Liceo Jorge Alessandri Rodr\u00edguez de Victoria, Liceo Municipal Gregorio Urrutia de Galvarino y la Escuela Allip\u00e9n de Freire, quienes en su retorno incluso pudieron compartir con el medallista panamericano oriundo de Puerto Saavedra Hugo Catrileo, quien destac\u00f3 el apoyo del MINEDUC por permitirles a los estudiantes vivir una experiencia deportiva de car\u00e1cter internacional.&nbsp;<\/p>\n\n\n\n<p>Finalmente, para el Coordinador Regional de Actividad F\u00edsica Extraescolar, Galo Huichalaf&nbsp;&nbsp;&nbsp;destacable fue que los estudiantes lucieran sus habilidades comunicativas al ser entrevistados incluso por canales de televisi\u00f3n, junto con la oportunidad de compartir con estudiantes de otras comunas y regiones, aprovechando la instancia para visitar espacios emblem\u00e1ticos de la capital como son el Palacio de Gobierno y Centro Cultural La Moneda.&nbsp;<\/p>\n","protected":false},"excerpt":{"rendered":"<div class=\"pvc_clear\"><\/div>\n<p id=\"pvc_stats_45750\" class=\"pvc_stats total_only  \" data-element-id=\"45750\" style=\"\"><i class=\"pvc-stats-icon large\" aria-hidden=\"true\"><svg aria-hidden=\"true\" focusable=\"false\" data-prefix=\"far\" data-icon=\"chart-bar\" role=\"img\" xmlns=\"http:\/\/www.w3.org\/2000\/svg\" viewBox=\"0 0 512 512\" class=\"svg-inline--fa fa-chart-bar fa-w-16 fa-2x\"><path fill=\"currentColor\" d=\"M396.8 352h22.4c6.4 0 12.8-6.4 12.8-12.8V108.8c0-6.4-6.4-12.8-12.8-12.8h-22.4c-6.4 0-12.8 6.4-12.8 12.8v230.4c0 6.4 6.4 12.8 12.8 12.8zm-192 0h22.4c6.4 0 12.8-6.4 12.8-12.8V140.8c0-6.4-6.4-12.8-12.8-12.8h-22.4c-6.4 0-12.8 6.4-12.8 12.8v198.4c0 6.4 6.4 12.8 12.8 12.8zm96 0h22.4c6.4 0 12.8-6.4 12.8-12.8V204.8c0-6.4-6.4-12.8-12.8-12.8h-22.4c-6.4 0-12.8 6.4-12.8 12.8v134.4c0 6.4 6.4 12.8 12.8 12.8zM496 400H48V80c0-8.84-7.16-16-16-16H16C7.16 64 0 71.16 0 80v336c0 17.67 14.33 32 32 32h464c8.84 0 16-7.16 16-16v-16c0-8.84-7.16-16-16-16zm-387.2-48h22.4c6.4 0 12.8-6.4 12.8-12.8v-70.4c0-6.4-6.4-12.8-12.8-12.8h-22.4c-6.4 0-12.8 6.4-12.8 12.8v70.4c0 6.4 6.4 12.8 12.8 12.8z\" class=\"\"><\/path><\/svg><\/i> <img loading=\"lazy\" decoding=\"async\" width=\"16\" height=\"16\" alt=\"Loading\" src=\"https:\/\/temucotelevision.cl\/web\/wp-content\/plugins\/page-views-count\/ajax-loader-2x.gif\" border=0 \/><\/p>\n<div class=\"pvc_clear\"><\/div>\n<p>Estudiantes provienen de establecimientos p\u00fablicos de Freire, Galvarino y Victoria&nbsp; \u00a0Como una experiencia inolvidable y muy enriquecedora calificaron los cerca<\/p>\n","protected":false},"author":1,"featured_media":45751,"comment_status":"open","ping_status":"open","sticky":false,"template":"","format":"standard","meta":{"colormag_page_container_layout":"default_layout","colormag_page_sidebar_layout":"default_layout","footnotes":""},"categories":[14],"tags":[5378,150,469,6779],"class_list":["post-45750","post","type-post","status-publish","format-standard","has-post-thumbnail","hentry","category-temuco","tag-delegacion","tag-estudiantes","tag-juegos","tag-santiago2023"],"a3_pvc":{"activated":true,"total_views":1255,"today_views":0},"_links":{"self":[{"href":"https:\/\/temucotelevision.cl\/web\/wp-json\/wp\/v2\/posts\/45750","targetHints":{"allow":["GET"]}}],"collection":[{"href":"https:\/\/temucotelevision.cl\/web\/wp-json\/wp\/v2\/posts"}],"about":[{"href":"https:\/\/temucotelevision.cl\/web\/wp-json\/wp\/v2\/types\/post"}],"author":[{"embeddable":true,"href":"https:\/\/temucotelevision.cl\/web\/wp-json\/wp\/v2\/users\/1"}],"replies":[{"embeddable":true,"href":"https:\/\/temucotelevision.cl\/web\/wp-json\/wp\/v2\/comments?post=45750"}],"version-history":[{"count":1,"href":"https:\/\/temucotelevision.cl\/web\/wp-json\/wp\/v2\/posts\/45750\/revisions"}],"predecessor-version":[{"id":45752,"href":"https:\/\/temucotelevision.cl\/web\/wp-json\/wp\/v2\/posts\/45750\/revisions\/45752"}],"wp:featuredmedia":[{"embeddable":true,"href":"https:\/\/temucotelevision.cl\/web\/wp-json\/wp\/v2\/media\/45751"}],"wp:attachment":[{"href":"https:\/\/temucotelevision.cl\/web\/wp-json\/wp\/v2\/media?parent=45750"}],"wp:term":[{"taxonomy":"category","embeddable":true,"href":"https:\/\/temucotelevision.cl\/web\/wp-json\/wp\/v2\/categories?post=45750"},{"taxonomy":"post_tag","embeddable":true,"href":"https:\/\/temucotelevision.cl\/web\/wp-json\/wp\/v2\/tags?post=45750"}],"curies":[{"name":"wp","href":"https:\/\/api.w.org\/{rel}","templated":true}]}}