{"id":4573,"date":"2019-07-01T18:47:02","date_gmt":"2019-07-01T21:47:02","guid":{"rendered":"https:\/\/temucotelevision.cl\/web\/?p=4573"},"modified":"2019-07-01T18:47:02","modified_gmt":"2019-07-01T21:47:02","slug":"victoria-desbaratan-punto-de-venta-de-droga-en-poblacion-cacique-mariluan-5","status":"publish","type":"post","link":"https:\/\/temucotelevision.cl\/web\/2019\/07\/01\/victoria-desbaratan-punto-de-venta-de-droga-en-poblacion-cacique-mariluan-5\/","title":{"rendered":"Victoria: Desbaratan punto de venta de droga en poblaci\u00f3n Cacique Marilu\u00e1n 5"},"content":{"rendered":"<div class=\"pvc_clear\"><\/div>\n<p id=\"pvc_stats_4573\" class=\"pvc_stats total_only  \" data-element-id=\"4573\" style=\"\"><i class=\"pvc-stats-icon large\" aria-hidden=\"true\"><svg aria-hidden=\"true\" focusable=\"false\" data-prefix=\"far\" data-icon=\"chart-bar\" role=\"img\" xmlns=\"http:\/\/www.w3.org\/2000\/svg\" viewBox=\"0 0 512 512\" class=\"svg-inline--fa fa-chart-bar fa-w-16 fa-2x\"><path fill=\"currentColor\" d=\"M396.8 352h22.4c6.4 0 12.8-6.4 12.8-12.8V108.8c0-6.4-6.4-12.8-12.8-12.8h-22.4c-6.4 0-12.8 6.4-12.8 12.8v230.4c0 6.4 6.4 12.8 12.8 12.8zm-192 0h22.4c6.4 0 12.8-6.4 12.8-12.8V140.8c0-6.4-6.4-12.8-12.8-12.8h-22.4c-6.4 0-12.8 6.4-12.8 12.8v198.4c0 6.4 6.4 12.8 12.8 12.8zm96 0h22.4c6.4 0 12.8-6.4 12.8-12.8V204.8c0-6.4-6.4-12.8-12.8-12.8h-22.4c-6.4 0-12.8 6.4-12.8 12.8v134.4c0 6.4 6.4 12.8 12.8 12.8zM496 400H48V80c0-8.84-7.16-16-16-16H16C7.16 64 0 71.16 0 80v336c0 17.67 14.33 32 32 32h464c8.84 0 16-7.16 16-16v-16c0-8.84-7.16-16-16-16zm-387.2-48h22.4c6.4 0 12.8-6.4 12.8-12.8v-70.4c0-6.4-6.4-12.8-12.8-12.8h-22.4c-6.4 0-12.8 6.4-12.8 12.8v70.4c0 6.4 6.4 12.8 12.8 12.8z\" class=\"\"><\/path><\/svg><\/i> <img loading=\"lazy\" decoding=\"async\" width=\"16\" height=\"16\" alt=\"Loading\" src=\"https:\/\/temucotelevision.cl\/web\/wp-content\/plugins\/page-views-count\/ajax-loader-2x.gif\" border=0 \/><\/p>\n<div class=\"pvc_clear\"><\/div>\n<p style=\"text-align: justify;\">Detectives del Grupo Microtr\u00e1fico Cero (MT-0) de la Brigada de Investigaci\u00f3n Criminal\u00a0(Bicrim) de Victoria, con el apoyo del equipo MT-0 de Angol y los caninos de la Brigada Antinarc\u00f3ticos de Temuco, desbarataron punto de microtr\u00e1fico de droga en la poblaci\u00f3n Cacique Marilu\u00e1n 5 de la comuna de Victoria, donde detuvieron a un hombre \u2013de 27 a\u00f1os-, adem\u00e1s de incautar droga y otras especies.<\/p>\n<p style=\"text-align: justify;\">El comisario Carlos Rojas, jefe de la Bicrim Victoria, indic\u00f3 que el equipo MT0 de Victoria, en coordinaci\u00f3n con la Fiscal\u00eda Local de esa ciudad, llevaban una investigaci\u00f3n denominada \u2018PichangaVic\u2019. \u201cConforme a Orden de investigar, relacionada con un foco de microtr\u00e1fico que operaba por parte de un sujeto en la poblaci\u00f3n Cacique Marilu\u00e1n 5, se logr\u00f3 reunir las pruebas necesarias que permitieron concretar un operativo en una vivienda, donde se procedi\u00f3 a la entrada y registro del inmueble, incautando droga y dinero en efectivo\u201d.<\/p>\n<p style=\"text-align: justify;\">En el operativo se incautaron 13.95 gramos de cannabis sativa, 67.78 gramos de clorhidrato de coca\u00edna, un tel\u00e9fono celular, elementos de dosificaci\u00f3n, y $826 mil pesos en efectivo.<\/p>\n<p style=\"text-align: justify;\">Por instrucci\u00f3n del fiscal de turno, Carlos Obreque, y con los antecedentes aportados en la investigaci\u00f3n, el sujeto fue puesto a disposici\u00f3n del Juzgado de Garant\u00eda para su respectivo control de detenci\u00f3n.<\/p>\n","protected":false},"excerpt":{"rendered":"<div class=\"pvc_clear\"><\/div>\n<p id=\"pvc_stats_4573\" class=\"pvc_stats total_only  \" data-element-id=\"4573\" style=\"\"><i class=\"pvc-stats-icon large\" aria-hidden=\"true\"><svg aria-hidden=\"true\" focusable=\"false\" data-prefix=\"far\" data-icon=\"chart-bar\" role=\"img\" xmlns=\"http:\/\/www.w3.org\/2000\/svg\" viewBox=\"0 0 512 512\" class=\"svg-inline--fa fa-chart-bar fa-w-16 fa-2x\"><path fill=\"currentColor\" d=\"M396.8 352h22.4c6.4 0 12.8-6.4 12.8-12.8V108.8c0-6.4-6.4-12.8-12.8-12.8h-22.4c-6.4 0-12.8 6.4-12.8 12.8v230.4c0 6.4 6.4 12.8 12.8 12.8zm-192 0h22.4c6.4 0 12.8-6.4 12.8-12.8V140.8c0-6.4-6.4-12.8-12.8-12.8h-22.4c-6.4 0-12.8 6.4-12.8 12.8v198.4c0 6.4 6.4 12.8 12.8 12.8zm96 0h22.4c6.4 0 12.8-6.4 12.8-12.8V204.8c0-6.4-6.4-12.8-12.8-12.8h-22.4c-6.4 0-12.8 6.4-12.8 12.8v134.4c0 6.4 6.4 12.8 12.8 12.8zM496 400H48V80c0-8.84-7.16-16-16-16H16C7.16 64 0 71.16 0 80v336c0 17.67 14.33 32 32 32h464c8.84 0 16-7.16 16-16v-16c0-8.84-7.16-16-16-16zm-387.2-48h22.4c6.4 0 12.8-6.4 12.8-12.8v-70.4c0-6.4-6.4-12.8-12.8-12.8h-22.4c-6.4 0-12.8 6.4-12.8 12.8v70.4c0 6.4 6.4 12.8 12.8 12.8z\" class=\"\"><\/path><\/svg><\/i> <img loading=\"lazy\" decoding=\"async\" width=\"16\" height=\"16\" alt=\"Loading\" src=\"https:\/\/temucotelevision.cl\/web\/wp-content\/plugins\/page-views-count\/ajax-loader-2x.gif\" border=0 \/><\/p>\n<div class=\"pvc_clear\"><\/div>\n<p>Detectives del Grupo Microtr\u00e1fico Cero (MT-0) de la Brigada de Investigaci\u00f3n Criminal\u00a0(Bicrim) de Victoria, con el apoyo del equipo MT-0<\/p>\n","protected":false},"author":1,"featured_media":4574,"comment_status":"open","ping_status":"open","sticky":false,"template":"","format":"standard","meta":{"colormag_page_container_layout":"default_layout","colormag_page_sidebar_layout":"default_layout","footnotes":""},"categories":[16],"tags":[146,158,76,428],"class_list":["post-4573","post","type-post","status-publish","format-standard","has-post-thumbnail","hentry","category-policial","tag-comuna","tag-droga","tag-pdi","tag-venta"],"a3_pvc":{"activated":true,"total_views":92,"today_views":0},"_links":{"self":[{"href":"https:\/\/temucotelevision.cl\/web\/wp-json\/wp\/v2\/posts\/4573","targetHints":{"allow":["GET"]}}],"collection":[{"href":"https:\/\/temucotelevision.cl\/web\/wp-json\/wp\/v2\/posts"}],"about":[{"href":"https:\/\/temucotelevision.cl\/web\/wp-json\/wp\/v2\/types\/post"}],"author":[{"embeddable":true,"href":"https:\/\/temucotelevision.cl\/web\/wp-json\/wp\/v2\/users\/1"}],"replies":[{"embeddable":true,"href":"https:\/\/temucotelevision.cl\/web\/wp-json\/wp\/v2\/comments?post=4573"}],"version-history":[{"count":1,"href":"https:\/\/temucotelevision.cl\/web\/wp-json\/wp\/v2\/posts\/4573\/revisions"}],"predecessor-version":[{"id":4575,"href":"https:\/\/temucotelevision.cl\/web\/wp-json\/wp\/v2\/posts\/4573\/revisions\/4575"}],"wp:featuredmedia":[{"embeddable":true,"href":"https:\/\/temucotelevision.cl\/web\/wp-json\/wp\/v2\/media\/4574"}],"wp:attachment":[{"href":"https:\/\/temucotelevision.cl\/web\/wp-json\/wp\/v2\/media?parent=4573"}],"wp:term":[{"taxonomy":"category","embeddable":true,"href":"https:\/\/temucotelevision.cl\/web\/wp-json\/wp\/v2\/categories?post=4573"},{"taxonomy":"post_tag","embeddable":true,"href":"https:\/\/temucotelevision.cl\/web\/wp-json\/wp\/v2\/tags?post=4573"}],"curies":[{"name":"wp","href":"https:\/\/api.w.org\/{rel}","templated":true}]}}