{"id":4570,"date":"2019-07-01T18:18:58","date_gmt":"2019-07-01T21:18:58","guid":{"rendered":"https:\/\/temucotelevision.cl\/web\/?p=4570"},"modified":"2019-07-01T18:18:58","modified_gmt":"2019-07-01T21:18:58","slug":"ministro-jobet-detalla-medidas-de-seguridad-para-evitar-impactos-del-eclipse-en-el-suministro-electrico-del-pais","status":"publish","type":"post","link":"https:\/\/temucotelevision.cl\/web\/2019\/07\/01\/ministro-jobet-detalla-medidas-de-seguridad-para-evitar-impactos-del-eclipse-en-el-suministro-electrico-del-pais\/","title":{"rendered":"Ministro Jobet detalla medidas de seguridad para evitar impactos del eclipse en el suministro el\u00e9ctrico del pa\u00eds"},"content":{"rendered":"<div class=\"pvc_clear\"><\/div>\n<p id=\"pvc_stats_4570\" class=\"pvc_stats total_only  \" data-element-id=\"4570\" style=\"\"><i class=\"pvc-stats-icon large\" aria-hidden=\"true\"><svg aria-hidden=\"true\" focusable=\"false\" data-prefix=\"far\" data-icon=\"chart-bar\" role=\"img\" xmlns=\"http:\/\/www.w3.org\/2000\/svg\" viewBox=\"0 0 512 512\" class=\"svg-inline--fa fa-chart-bar fa-w-16 fa-2x\"><path fill=\"currentColor\" d=\"M396.8 352h22.4c6.4 0 12.8-6.4 12.8-12.8V108.8c0-6.4-6.4-12.8-12.8-12.8h-22.4c-6.4 0-12.8 6.4-12.8 12.8v230.4c0 6.4 6.4 12.8 12.8 12.8zm-192 0h22.4c6.4 0 12.8-6.4 12.8-12.8V140.8c0-6.4-6.4-12.8-12.8-12.8h-22.4c-6.4 0-12.8 6.4-12.8 12.8v198.4c0 6.4 6.4 12.8 12.8 12.8zm96 0h22.4c6.4 0 12.8-6.4 12.8-12.8V204.8c0-6.4-6.4-12.8-12.8-12.8h-22.4c-6.4 0-12.8 6.4-12.8 12.8v134.4c0 6.4 6.4 12.8 12.8 12.8zM496 400H48V80c0-8.84-7.16-16-16-16H16C7.16 64 0 71.16 0 80v336c0 17.67 14.33 32 32 32h464c8.84 0 16-7.16 16-16v-16c0-8.84-7.16-16-16-16zm-387.2-48h22.4c6.4 0 12.8-6.4 12.8-12.8v-70.4c0-6.4-6.4-12.8-12.8-12.8h-22.4c-6.4 0-12.8 6.4-12.8 12.8v70.4c0 6.4 6.4 12.8 12.8 12.8z\" class=\"\"><\/path><\/svg><\/i> <img loading=\"lazy\" decoding=\"async\" width=\"16\" height=\"16\" alt=\"Loading\" src=\"https:\/\/temucotelevision.cl\/web\/wp-content\/plugins\/page-views-count\/ajax-loader-2x.gif\" border=0 \/><\/p>\n<div class=\"pvc_clear\"><\/div>\n<p style=\"text-align: justify;\">El ministro de Energ\u00eda visit\u00f3 el Coordinador El\u00e9ctrico Nacional y afirm\u00f3 que el eclipse de ma\u00f1ana implicar\u00e1 que el pa\u00eds dejar\u00e1 de producir alrededor de 1.500 MW provenientes de energ\u00edas solares. Esa cantidad de energ\u00eda equivale a la mitad del consumo de la Regi\u00f3n Metropolitana.<\/p>\n<p style=\"text-align: justify;\">Ma\u00f1ana en la Regi\u00f3n de Coquimbo se ver\u00e1 un eclipse solar total, sin embargo, la sombra del fen\u00f3meno afectar\u00e1 desde la ciudad de Arica en el extremo norte del pa\u00eds, donde se observar\u00e1 el eclipse con un 65% de oscuridad, hasta el extremo sur en la ciudad de Punta Arenas, donde se observar\u00e1 con un 46% de oscuridad. Este fen\u00f3meno tambi\u00e9n ser\u00e1 visto en el territorio de Isla de Pascua.<\/p>\n<p style=\"text-align: justify;\">Este oscurecimiento afectar\u00e1 la operaci\u00f3n del Sistema El\u00e9ctrico Nacional al reducir la cantidad de energ\u00eda solar producida entre las 15:14 horas y las 17:50 horas, con el m\u00e1ximo oscurecimiento del sol a las 16:39 horas.<\/p>\n<p style=\"text-align: justify;\">\u201cEl eclipse de ma\u00f1ana implicar\u00e1 que el pa\u00eds dejar\u00e1 de producir alrededor de 1.500 MW provenientes de energ\u00edas solares. Esa cantidad de energ\u00eda equivale m\u00e1s menos la mitad del consumo de la Regi\u00f3n Metropolitana. Este suministro ser\u00e1 reemplazado por energ\u00eda h\u00eddrica y de gas, por lo que no habr\u00e1 problemas de suministro el\u00e9ctrico\u201d, asegur\u00f3 el ministro de Energ\u00eda, Juan Carlos Jobet, quien visit\u00f3 las oficinas del Coordinador El\u00e9ctrico Nacional junto al presidente del Consejo Directivo, Juan Carlos Olmedo.<\/p>\n<p style=\"text-align: justify;\">La energ\u00eda solar ha crecido a ritmos cada vez mayores en Chile y se est\u00e1 transformando en una fuente importante de suministro de electricidad para el pa\u00eds.<\/p>\n<p style=\"text-align: justify;\">En los \u00faltimos a\u00f1os se han conectado casi 2.500 MW de capacidad en generaci\u00f3n solar, alcanzando casi el 8% de la energ\u00eda generada durante lo que va del a\u00f1o 2019, cifra que ha aumentado desde la incorporaci\u00f3n de la l\u00ednea Cardones-Polpaico al Sistema El\u00e9ctrico Nacional.<\/p>\n<p style=\"text-align: justify;\">El ministro agreg\u00f3 que \u201ccomo Ministerio de Energ\u00eda, junto al Coordinador El\u00e9ctrico Nacional, hemos estado trabajando los \u00faltimos tres meses para estar preparados para abordar este espectacular evento astron\u00f3mico, de manera tal que todos los ciudadanos puedan disfrutarlo mientras los equipos t\u00e9cnicos se encargan de asegurar el suministro energ\u00e9tico del pa\u00eds\u201d.<\/p>\n<p style=\"text-align: justify;\">Por su parte, el presidente del Consejo Directivo del Coordinador El\u00e9ctrico Nacional, Juan Carlos Olmedo, explic\u00f3 que en estos meses de trabajo se ha desarrollado una estrategia que contempla planes de contingencia para distintos escenarios.<\/p>\n<p style=\"text-align: justify;\">Olmedo a\u00f1adi\u00f3 que durante el eclipse se aumentar\u00e1 la generaci\u00f3n de centrales convencionales (hidr\u00e1ulicas y a gas) para compensar la p\u00e9rdida de producci\u00f3n solar.<\/p>\n<p style=\"text-align: justify;\">\u201cSe dispondr\u00e1 de reservas suficientes para satisfacer requerimientos ante eventuales perturbaciones no programadas, y adicionalmente, se adoptar\u00e1n las medidas operacionales necesarias para mantener los niveles de seguridad habituales en el sistema el\u00e9ctrico nacional\u201d, se\u00f1al\u00f3 Olmedo.<\/p>\n<p style=\"text-align: justify;\">Las principales actividades que el Coordinador est\u00e1 llevando a cabo para afrontar los efectos del eclipse en el Sistema El\u00e9ctrico Nacional son:<\/p>\n<p style=\"text-align: justify;\">Elaboraci\u00f3n de programas diarios de generaci\u00f3n para el d\u00eda 2 de julio, determinado flujos por las l\u00edneas de transmisi\u00f3n y reservas para el seguimiento de la demanda neta (demanda bruta \u2013 generaci\u00f3n renovable variable), considerando escenarios de hidrolog\u00eda h\u00fameda, media y seca, y considerando los casos con y sin puesta en servicio de las l\u00edneas de interconexi\u00f3n de 500 kV Pan de Az\u00facar \u2013 Polpaico.<\/p>\n<p style=\"text-align: justify;\">Elaboraci\u00f3n de pron\u00f3sticos de generaci\u00f3n renovable, en particular, de la reducci\u00f3n de generaci\u00f3n solar, a trav\u00e9s de empresa especialista en pron\u00f3sticos AWS TruePower, pron\u00f3sticos propios del Coordinador y de las empresas propietarias de parques solares. A medida que se acerque la fecha del evento se afinar\u00e1n los pron\u00f3sticos.<\/p>\n<p style=\"text-align: justify;\">Ejecuci\u00f3n de sesiones de capacitaci\u00f3n enfocadas en el eclipse para los ingenieros despachadores del centro de control del Coordinador, encargados de la operaci\u00f3n en tiempo real del SEN.<\/p>\n<p style=\"text-align: justify;\">Optimizaci\u00f3n de los recursos hidr\u00e1ulicos (cotas de embalses) para disponer de recursos de reserva suficiente afrontar la mayor generaci\u00f3n y necesidades de tasas de toma de carga durante el eclipse.<\/p>\n<p style=\"text-align: justify;\">Coordinaci\u00f3n con empresas coordinadas propietarias de centrales hidr\u00e1ulicas de embalse y de gas para planificar el aumento en la producci\u00f3n de sus generadoras para reemplazar la generaci\u00f3n solar perdida durante el eclipse.<\/p>\n<p style=\"text-align: justify;\">Elaboraci\u00f3n de estudios de seguridad que permitan identificar los requerimientos de recursos adicionales que ser\u00edan necesarios disponer durante el eclipse, de manera de preservar la operaci\u00f3n segura, al m\u00ednimo costo y de calidad durante el evento.<\/p>\n<p style=\"text-align: justify;\">Elaboraci\u00f3n de despliegues especiales para monitoreo del eclipse a trav\u00e9s del SCADA.<\/p>\n<p><img loading=\"lazy\" decoding=\"async\" class=\"size-full wp-image-4571 aligncenter\" src=\"https:\/\/temucotelevision.cl\/web\/wp-content\/uploads\/2019\/07\/Eclipse-Ministro.jpg\" alt=\"\" width=\"800\" height=\"455\" srcset=\"https:\/\/temucotelevision.cl\/web\/wp-content\/uploads\/2019\/07\/Eclipse-Ministro.jpg 800w, https:\/\/temucotelevision.cl\/web\/wp-content\/uploads\/2019\/07\/Eclipse-Ministro-768x437.jpg 768w\" sizes=\"auto, (max-width: 800px) 100vw, 800px\" \/><\/p>\n","protected":false},"excerpt":{"rendered":"<div class=\"pvc_clear\"><\/div>\n<p id=\"pvc_stats_4570\" class=\"pvc_stats total_only  \" data-element-id=\"4570\" style=\"\"><i class=\"pvc-stats-icon large\" aria-hidden=\"true\"><svg aria-hidden=\"true\" focusable=\"false\" data-prefix=\"far\" data-icon=\"chart-bar\" role=\"img\" xmlns=\"http:\/\/www.w3.org\/2000\/svg\" viewBox=\"0 0 512 512\" class=\"svg-inline--fa fa-chart-bar fa-w-16 fa-2x\"><path fill=\"currentColor\" d=\"M396.8 352h22.4c6.4 0 12.8-6.4 12.8-12.8V108.8c0-6.4-6.4-12.8-12.8-12.8h-22.4c-6.4 0-12.8 6.4-12.8 12.8v230.4c0 6.4 6.4 12.8 12.8 12.8zm-192 0h22.4c6.4 0 12.8-6.4 12.8-12.8V140.8c0-6.4-6.4-12.8-12.8-12.8h-22.4c-6.4 0-12.8 6.4-12.8 12.8v198.4c0 6.4 6.4 12.8 12.8 12.8zm96 0h22.4c6.4 0 12.8-6.4 12.8-12.8V204.8c0-6.4-6.4-12.8-12.8-12.8h-22.4c-6.4 0-12.8 6.4-12.8 12.8v134.4c0 6.4 6.4 12.8 12.8 12.8zM496 400H48V80c0-8.84-7.16-16-16-16H16C7.16 64 0 71.16 0 80v336c0 17.67 14.33 32 32 32h464c8.84 0 16-7.16 16-16v-16c0-8.84-7.16-16-16-16zm-387.2-48h22.4c6.4 0 12.8-6.4 12.8-12.8v-70.4c0-6.4-6.4-12.8-12.8-12.8h-22.4c-6.4 0-12.8 6.4-12.8 12.8v70.4c0 6.4 6.4 12.8 12.8 12.8z\" class=\"\"><\/path><\/svg><\/i> <img loading=\"lazy\" decoding=\"async\" width=\"16\" height=\"16\" alt=\"Loading\" src=\"https:\/\/temucotelevision.cl\/web\/wp-content\/plugins\/page-views-count\/ajax-loader-2x.gif\" border=0 \/><\/p>\n<div class=\"pvc_clear\"><\/div>\n<p>El ministro de Energ\u00eda visit\u00f3 el Coordinador El\u00e9ctrico Nacional y afirm\u00f3 que el eclipse de ma\u00f1ana implicar\u00e1 que el pa\u00eds<\/p>\n","protected":false},"author":1,"featured_media":419,"comment_status":"open","ping_status":"open","sticky":false,"template":"","format":"standard","meta":{"colormag_page_container_layout":"default_layout","colormag_page_sidebar_layout":"default_layout","footnotes":""},"categories":[15],"tags":[622,515,1622,331],"class_list":["post-4570","post","type-post","status-publish","format-standard","has-post-thumbnail","hentry","category-la-araucania","tag-eclipse","tag-energia","tag-fenomeno","tag-pais"],"a3_pvc":{"activated":true,"total_views":26,"today_views":0},"_links":{"self":[{"href":"https:\/\/temucotelevision.cl\/web\/wp-json\/wp\/v2\/posts\/4570","targetHints":{"allow":["GET"]}}],"collection":[{"href":"https:\/\/temucotelevision.cl\/web\/wp-json\/wp\/v2\/posts"}],"about":[{"href":"https:\/\/temucotelevision.cl\/web\/wp-json\/wp\/v2\/types\/post"}],"author":[{"embeddable":true,"href":"https:\/\/temucotelevision.cl\/web\/wp-json\/wp\/v2\/users\/1"}],"replies":[{"embeddable":true,"href":"https:\/\/temucotelevision.cl\/web\/wp-json\/wp\/v2\/comments?post=4570"}],"version-history":[{"count":1,"href":"https:\/\/temucotelevision.cl\/web\/wp-json\/wp\/v2\/posts\/4570\/revisions"}],"predecessor-version":[{"id":4572,"href":"https:\/\/temucotelevision.cl\/web\/wp-json\/wp\/v2\/posts\/4570\/revisions\/4572"}],"wp:featuredmedia":[{"embeddable":true,"href":"https:\/\/temucotelevision.cl\/web\/wp-json\/wp\/v2\/media\/419"}],"wp:attachment":[{"href":"https:\/\/temucotelevision.cl\/web\/wp-json\/wp\/v2\/media?parent=4570"}],"wp:term":[{"taxonomy":"category","embeddable":true,"href":"https:\/\/temucotelevision.cl\/web\/wp-json\/wp\/v2\/categories?post=4570"},{"taxonomy":"post_tag","embeddable":true,"href":"https:\/\/temucotelevision.cl\/web\/wp-json\/wp\/v2\/tags?post=4570"}],"curies":[{"name":"wp","href":"https:\/\/api.w.org\/{rel}","templated":true}]}}