{"id":4558,"date":"2019-07-01T11:40:37","date_gmt":"2019-07-01T14:40:37","guid":{"rendered":"https:\/\/temucotelevision.cl\/web\/?p=4558"},"modified":"2019-07-01T11:40:37","modified_gmt":"2019-07-01T14:40:37","slug":"mujeres-de-la-comuna-de-villarrica-podran-realizarse-examen-radiologico-de-mamas-en-forma-gratuita","status":"publish","type":"post","link":"https:\/\/temucotelevision.cl\/web\/2019\/07\/01\/mujeres-de-la-comuna-de-villarrica-podran-realizarse-examen-radiologico-de-mamas-en-forma-gratuita\/","title":{"rendered":"Mujeres de la comuna de Villarrica podr\u00e1n realizarse examen radiol\u00f3gico de mamas en forma gratuita"},"content":{"rendered":"<div class=\"pvc_clear\"><\/div>\n<p id=\"pvc_stats_4558\" class=\"pvc_stats total_only  \" data-element-id=\"4558\" style=\"\"><i class=\"pvc-stats-icon large\" aria-hidden=\"true\"><svg aria-hidden=\"true\" focusable=\"false\" data-prefix=\"far\" data-icon=\"chart-bar\" role=\"img\" xmlns=\"http:\/\/www.w3.org\/2000\/svg\" viewBox=\"0 0 512 512\" class=\"svg-inline--fa fa-chart-bar fa-w-16 fa-2x\"><path fill=\"currentColor\" d=\"M396.8 352h22.4c6.4 0 12.8-6.4 12.8-12.8V108.8c0-6.4-6.4-12.8-12.8-12.8h-22.4c-6.4 0-12.8 6.4-12.8 12.8v230.4c0 6.4 6.4 12.8 12.8 12.8zm-192 0h22.4c6.4 0 12.8-6.4 12.8-12.8V140.8c0-6.4-6.4-12.8-12.8-12.8h-22.4c-6.4 0-12.8 6.4-12.8 12.8v198.4c0 6.4 6.4 12.8 12.8 12.8zm96 0h22.4c6.4 0 12.8-6.4 12.8-12.8V204.8c0-6.4-6.4-12.8-12.8-12.8h-22.4c-6.4 0-12.8 6.4-12.8 12.8v134.4c0 6.4 6.4 12.8 12.8 12.8zM496 400H48V80c0-8.84-7.16-16-16-16H16C7.16 64 0 71.16 0 80v336c0 17.67 14.33 32 32 32h464c8.84 0 16-7.16 16-16v-16c0-8.84-7.16-16-16-16zm-387.2-48h22.4c6.4 0 12.8-6.4 12.8-12.8v-70.4c0-6.4-6.4-12.8-12.8-12.8h-22.4c-6.4 0-12.8 6.4-12.8 12.8v70.4c0 6.4 6.4 12.8 12.8 12.8z\" class=\"\"><\/path><\/svg><\/i> <img loading=\"lazy\" decoding=\"async\" width=\"16\" height=\"16\" alt=\"Loading\" src=\"https:\/\/temucotelevision.cl\/web\/wp-content\/plugins\/page-views-count\/ajax-loader-2x.gif\" border=0 \/><\/p>\n<div class=\"pvc_clear\"><\/div>\n<p style=\"text-align: justify;\">Convenio de salud en el hospital local y el Departamento de Salud.<\/p>\n<p>Setecientas ecograf\u00edas mamarias son las que se pretenden realizar en la comuna de Villarrica tras el convenio suscrito entre el Departamento de Salud Municipal y el hospital local, as\u00ed lo dio a conocer La profesional Matrona, Gloria Fern\u00e1ndez, quien es la encargada del programa de la mujer del Departamento de Salud de la comuna de Villarrica.<\/p>\n<p style=\"text-align: justify;\">La profesional indic\u00f3 que gracias a este convenio muchas mujeres en lista de espera, que hayan sido diagnosticadas tras el examen da mamograf\u00eda, tendr\u00e1n la posibilidad de realizarse una eco-mamaria, principalmente las que presenten sospechas cl\u00ednica tanto de patolog\u00eda maligna como benigna, la idea indic\u00f3 Fern\u00e1ndez es que las mujeres puedan tener sus ex\u00e1menes completos y un diagn\u00f3stico claro.<\/p>\n<p style=\"text-align: justify;\">Los ex\u00e1menes radiol\u00f3gicos se inician este lunes en dependencias del centro radiol\u00f3gico del Lago en la comuna de Villarrica y se prolongaran por los meses de julio y agosto del presente a\u00f1o y luego se reiniciaran en los meses de octubre y noviembre.<\/p>\n<p style=\"text-align: justify;\">Finalmente se\u00f1alar que estos ex\u00e1menes est\u00e1n dirigidos a mujeres de entre 50 a 69 a\u00f1os y que se atiende en la red de salud municipal y que hayan cumplido tambi\u00e9n con haberse realizado su mamograf\u00eda en alg\u00fan centro de salud municipal.<\/p>\n<p style=\"text-align: justify;\">Se\u00f1alar la importancia de realizarse este examen de mamograf\u00eda principalmente aquellas mujeres que mantengan antecedentes familiares de c\u00e1ncer de mamas por la alta probabilidad que se herede esta patolog\u00eda. Las mujeres que deseen realizarse el examen deben concurrir a cualquier centro de salud de atenci\u00f3n primaria es decir consultorios en donde se agendar\u00e1 la hora de atenciones y se realizan los ex\u00e1menes.<\/p>\n<p style=\"text-align: justify;\">Finalmente se\u00f1alar que seg\u00fan las \u00faltimas estad\u00edsticas la comuna de Villarrica encabeza el listado, con m\u00e1s casos de c\u00e1ncer de mamas en mujeres de la provincia de caut\u00edn.<\/p>\n","protected":false},"excerpt":{"rendered":"<div class=\"pvc_clear\"><\/div>\n<p id=\"pvc_stats_4558\" class=\"pvc_stats total_only  \" data-element-id=\"4558\" style=\"\"><i class=\"pvc-stats-icon large\" aria-hidden=\"true\"><svg aria-hidden=\"true\" focusable=\"false\" data-prefix=\"far\" data-icon=\"chart-bar\" role=\"img\" xmlns=\"http:\/\/www.w3.org\/2000\/svg\" viewBox=\"0 0 512 512\" class=\"svg-inline--fa fa-chart-bar fa-w-16 fa-2x\"><path fill=\"currentColor\" d=\"M396.8 352h22.4c6.4 0 12.8-6.4 12.8-12.8V108.8c0-6.4-6.4-12.8-12.8-12.8h-22.4c-6.4 0-12.8 6.4-12.8 12.8v230.4c0 6.4 6.4 12.8 12.8 12.8zm-192 0h22.4c6.4 0 12.8-6.4 12.8-12.8V140.8c0-6.4-6.4-12.8-12.8-12.8h-22.4c-6.4 0-12.8 6.4-12.8 12.8v198.4c0 6.4 6.4 12.8 12.8 12.8zm96 0h22.4c6.4 0 12.8-6.4 12.8-12.8V204.8c0-6.4-6.4-12.8-12.8-12.8h-22.4c-6.4 0-12.8 6.4-12.8 12.8v134.4c0 6.4 6.4 12.8 12.8 12.8zM496 400H48V80c0-8.84-7.16-16-16-16H16C7.16 64 0 71.16 0 80v336c0 17.67 14.33 32 32 32h464c8.84 0 16-7.16 16-16v-16c0-8.84-7.16-16-16-16zm-387.2-48h22.4c6.4 0 12.8-6.4 12.8-12.8v-70.4c0-6.4-6.4-12.8-12.8-12.8h-22.4c-6.4 0-12.8 6.4-12.8 12.8v70.4c0 6.4 6.4 12.8 12.8 12.8z\" class=\"\"><\/path><\/svg><\/i> <img loading=\"lazy\" decoding=\"async\" width=\"16\" height=\"16\" alt=\"Loading\" src=\"https:\/\/temucotelevision.cl\/web\/wp-content\/plugins\/page-views-count\/ajax-loader-2x.gif\" border=0 \/><\/p>\n<div class=\"pvc_clear\"><\/div>\n<p>Convenio de salud en el hospital local y el Departamento de Salud. Setecientas ecograf\u00edas mamarias son las que se pretenden<\/p>\n","protected":false},"author":1,"featured_media":4559,"comment_status":"open","ping_status":"open","sticky":false,"template":"","format":"standard","meta":{"colormag_page_container_layout":"default_layout","colormag_page_sidebar_layout":"default_layout","footnotes":""},"categories":[101],"tags":[1618,1619,689],"class_list":["post-4558","post","type-post","status-publish","format-standard","has-post-thumbnail","hentry","category-actualidad","tag-examen","tag-mamas","tag-mujeres"],"a3_pvc":{"activated":true,"total_views":24,"today_views":0},"_links":{"self":[{"href":"https:\/\/temucotelevision.cl\/web\/wp-json\/wp\/v2\/posts\/4558","targetHints":{"allow":["GET"]}}],"collection":[{"href":"https:\/\/temucotelevision.cl\/web\/wp-json\/wp\/v2\/posts"}],"about":[{"href":"https:\/\/temucotelevision.cl\/web\/wp-json\/wp\/v2\/types\/post"}],"author":[{"embeddable":true,"href":"https:\/\/temucotelevision.cl\/web\/wp-json\/wp\/v2\/users\/1"}],"replies":[{"embeddable":true,"href":"https:\/\/temucotelevision.cl\/web\/wp-json\/wp\/v2\/comments?post=4558"}],"version-history":[{"count":1,"href":"https:\/\/temucotelevision.cl\/web\/wp-json\/wp\/v2\/posts\/4558\/revisions"}],"predecessor-version":[{"id":4560,"href":"https:\/\/temucotelevision.cl\/web\/wp-json\/wp\/v2\/posts\/4558\/revisions\/4560"}],"wp:featuredmedia":[{"embeddable":true,"href":"https:\/\/temucotelevision.cl\/web\/wp-json\/wp\/v2\/media\/4559"}],"wp:attachment":[{"href":"https:\/\/temucotelevision.cl\/web\/wp-json\/wp\/v2\/media?parent=4558"}],"wp:term":[{"taxonomy":"category","embeddable":true,"href":"https:\/\/temucotelevision.cl\/web\/wp-json\/wp\/v2\/categories?post=4558"},{"taxonomy":"post_tag","embeddable":true,"href":"https:\/\/temucotelevision.cl\/web\/wp-json\/wp\/v2\/tags?post=4558"}],"curies":[{"name":"wp","href":"https:\/\/api.w.org\/{rel}","templated":true}]}}